{"id":61668,"date":"2015-02-12T16:43:00","date_gmt":"2015-02-12T19:43:00","guid":{"rendered":"http:\/\/www.24baires.com\/?p=61668"},"modified":"2015-02-13T10:13:52","modified_gmt":"2015-02-13T13:13:52","slug":"rossi-esta-marcha-de-algunos-fiscales-esconde-muchas-cosas","status":"publish","type":"post","link":"http:\/\/www.24baires.com\/?p=61668","title":{"rendered":"Rossi: \u00abEsta marcha de algunos fiscales esconde muchas cosas\u00bb"},"content":{"rendered":"<p><img data-recalc-dims=\"1\" loading=\"lazy\" decoding=\"async\" class=\"aligncenter size-full wp-image-52226\" src=\"https:\/\/i0.wp.com\/www.24baires.com\/wp-content\/uploads\/2014\/08\/rossi.jpg?resize=560%2C372\" alt=\"rossi\" width=\"560\" height=\"372\" srcset=\"https:\/\/i0.wp.com\/www.24baires.com\/wp-content\/uploads\/2014\/08\/rossi.jpg?w=560 560w, https:\/\/i0.wp.com\/www.24baires.com\/wp-content\/uploads\/2014\/08\/rossi.jpg?resize=300%2C199 300w\" sizes=\"auto, (max-width: 560px) 100vw, 560px\" \/>El ministro de Defensa record\u00f3 que el fiscal Marijuan, uno de los m\u00e1s activos convocantes a la marcha del 18 es amigo del abogado de Hugo Tognoli, el ex jefe de polic\u00eda de Santa F\u00e9, preso por narcotr\u00e1fico.<!--more--><\/p>\n<p>El ministro de Defensa, Agust\u00edn Rossi, manifest\u00f3 hoy que le resulta \u00abuna singularidad que despu\u00e9s de tener durante a\u00f1os el mismo abogado, Tognoli haya cambiado y ahora sea alguien como Andr\u00e9s Rabinovich, que defiende a narcos y es amigo de uno de los fiscales que convoca a la marcha del 18 de febrero, el fiscal federal Guillermo Marijuan\u00bb, en referencia al ex jefe de la Polic\u00eda de Santa Fe que est\u00e1 preso y acusado del delito de \u00abencubrimiento agravado\u00bb a un procesado por narcotr\u00e1fico.<\/p>\n<p>Rossi escribi\u00f3 en Twitter que \u00abRabinovich &#8211; abogado defensor de Tognoli &#8211; es amigo del fiscal Mariju\u00e1n y activo convocante a la marcha del 18F\u00bb y agreg\u00f3: \u00abEl Dr. Rabinovich cuenta entre sus antecedentes haber defendido a narcos y barrabravas. Se jacta de haber defendido siempre a culpables\u00bb.<\/p>\n<p>En su cuenta de esa red social, el Ministro de defensa se pregunt\u00f3: \u00ab\u00bfNuevamente vamos a permitir que abogados defensores de narcos con nefastos antecedentes vengan a vender humo en Santa Fe?\u00bb<\/p>\n<p>&nbsp;<\/p>\n<p>&nbsp;<\/p>\n<p>&nbsp;<\/p>\n<p>&nbsp;<\/p>\n<p>&nbsp;<\/p>\n<p>&nbsp;<\/p>\n<p>&nbsp;<\/p>\n<p>&nbsp;<\/p>\n","protected":false},"excerpt":{"rendered":"<p>El ministro de Defensa record\u00f3 que el fiscal Marijuan, uno de los m\u00e1s activos convocantes a la marcha del 18 es amigo del abogado de Hugo Tognoli, el ex jefe de polic\u00eda de Santa F\u00e9, preso por narcotr\u00e1fico.<\/p>\n","protected":false},"author":8,"featured_media":0,"comment_status":"open","ping_status":"open","sticky":false,"template":"","format":"standard","meta":{"_jetpack_newsletter_access":"","_jetpack_dont_email_post_to_subs":false,"_jetpack_newsletter_tier_id":0,"_jetpack_memberships_contains_paywalled_content":false,"_jetpack_memberships_contains_paid_content":false,"footnotes":""},"categories":[51],"tags":[],"class_list":["post-61668","post","type-post","status-publish","format-standard","hentry","category-politica"],"jetpack_shortlink":"https:\/\/wp.me\/p2JWE0-g2E","jetpack-related-posts":[{"id":22912,"url":"http:\/\/www.24baires.com\/?p=22912","url_meta":{"origin":61668,"position":0},"title":"Gils Carb\u00f3 pidi\u00f3 custodia para Marijuan y Salum","author":"AF","date":"07\/05\/2013","format":false,"excerpt":"La procuradora General de la Naci\u00f3n pidi\u00f3 custodia y protecci\u00f3n para los fiscales, luego de que se denunciara que el primero recibi\u00f3 amenazas, mientras Salum sufri\u00f3 un \"escrache\" por parte de familiares de polic\u00edas presos por torturas. La funcionaria elev\u00f3 el pedido al Ministerio de Seguridad de la Naci\u00f3n, adonde\u2026","rel":"","context":"En \u00abSociedad\u00bb","block_context":{"text":"Sociedad","link":"http:\/\/www.24baires.com\/?cat=1"},"img":{"alt_text":"gils_carbo_senado_070812_12_ef_47659","src":"https:\/\/i0.wp.com\/www.24baires.com\/wp-content\/uploads\/2012\/11\/gils_carbo_senado_070812_12_ef_47659-300x193.jpg?resize=350%2C200","width":350,"height":200},"classes":[]},{"id":61893,"url":"http:\/\/www.24baires.com\/?p=61893","url_meta":{"origin":61668,"position":1},"title":"Rossi: \u00abClar\u00edn y los fiscales que convocan a la marcha se quieren llevar puesta a Fein\u00bb","author":"AF","date":"18\/02\/2015","format":false,"excerpt":"El ministro de Defensa consider\u00f3 que los fiscales \"no tienen nada de independientes, son arietes de la oposici\u00f3n pol\u00edtica argentina\". En ese marco, el funcionario hizo menci\u00f3n al \"c\u00edrculo rojo\" y les dijo que \"los esperamos en las elecciones\". El ministro de Defensa, Agust\u00edn Rossi, dijo hoy que \"Clar\u00edn y\u2026","rel":"","context":"En \u00abPol\u00edtica\u00bb","block_context":{"text":"Pol\u00edtica","link":"http:\/\/www.24baires.com\/?cat=51"},"img":{"alt_text":"rossi","src":"https:\/\/i0.wp.com\/www.24baires.com\/wp-content\/uploads\/2015\/02\/rossi1.jpg?resize=350%2C200","width":350,"height":200,"srcset":"https:\/\/i0.wp.com\/www.24baires.com\/wp-content\/uploads\/2015\/02\/rossi1.jpg?resize=350%2C200 1x, https:\/\/i0.wp.com\/www.24baires.com\/wp-content\/uploads\/2015\/02\/rossi1.jpg?resize=525%2C300 1.5x"},"classes":[]},{"id":92220,"url":"http:\/\/www.24baires.com\/?p=92220","url_meta":{"origin":61668,"position":2},"title":"Pidieron la detenci\u00f3n de Parrilli por presunto encubrimiento de P\u00e9rez Corradi","author":"GB","date":"07\/02\/2017","format":false,"excerpt":"El fiscal Marijuan pidi\u00f3 hoy la detenci\u00f3n de Oscar Parrilli, al considerar que existe \"peligro de fuga\u201d del ex jefe inteligencia, procesado por supuesto encubrimiento agravado en la b\u00fasqueda del narcotraficante Ibar P\u00e9rez Corradi. El fiscal federal Guillermo Mariju\u00e1n apel\u00f3 ante la C\u00e1mara Federal el fallo del juez Ariel Lijo\u2026","rel":"","context":"En \u00abPol\u00edtica\u00bb","block_context":{"text":"Pol\u00edtica","link":"http:\/\/www.24baires.com\/?cat=51"},"img":{"alt_text":"","src":"https:\/\/i0.wp.com\/www.24baires.com\/wp-content\/uploads\/2015\/04\/parrili1.jpg?resize=350%2C200","width":350,"height":200,"srcset":"https:\/\/i0.wp.com\/www.24baires.com\/wp-content\/uploads\/2015\/04\/parrili1.jpg?resize=350%2C200 1x, https:\/\/i0.wp.com\/www.24baires.com\/wp-content\/uploads\/2015\/04\/parrili1.jpg?resize=525%2C300 1.5x"},"classes":[]},{"id":111098,"url":"http:\/\/www.24baires.com\/?p=111098","url_meta":{"origin":61668,"position":3},"title":"Imputan a Stanley y a Rubinstein por la falta de vacunas","author":"AF","date":"05\/07\/2019","format":false,"excerpt":"El fiscal Guillermo Marijuan imput\u00f3 a la ministra de Salud y Desarrollo Social y al secretario de Salud por violar la sentencia donde se hizo lugar para que el gobierno cumpla con la vacunaci\u00f3n contra la bacteria del meningococo. El fiscal Guillermo Marijuan imput\u00f3 a la ministra de Salud y\u2026","rel":"","context":"En \u00abJUDICIALES\u00bb","block_context":{"text":"JUDICIALES","link":"http:\/\/www.24baires.com\/?cat=68"},"img":{"alt_text":"","src":"https:\/\/i0.wp.com\/www.24baires.com\/wp-content\/uploads\/2019\/07\/stanley-macri.jpg?resize=350%2C200","width":350,"height":200,"srcset":"https:\/\/i0.wp.com\/www.24baires.com\/wp-content\/uploads\/2019\/07\/stanley-macri.jpg?resize=350%2C200 1x, https:\/\/i0.wp.com\/www.24baires.com\/wp-content\/uploads\/2019\/07\/stanley-macri.jpg?resize=525%2C300 1.5x"},"classes":[]},{"id":86846,"url":"http:\/\/www.24baires.com\/?p=86846","url_meta":{"origin":61668,"position":4},"title":"Marijuan advirti\u00f3 que seguir\u00e1 informando a la prensa \u00aben on y en off\u00bb","author":"AF","date":"28\/08\/2016","format":false,"excerpt":"El fiscal federal Guillermo Marijuan afirm\u00f3 que continuar\u00e1 informando \"en on y en off the record a la prensa todo lo que a la Fiscal\u00eda le parezca importante\", en respuesta a cr\u00edticas y planteos judiciales que le hicieron luego de la conocida filtraci\u00f3n del audio de una conversaci\u00f3n privada. Las\u2026","rel":"","context":"En \u00abJUDICIALES\u00bb","block_context":{"text":"JUDICIALES","link":"http:\/\/www.24baires.com\/?cat=68"},"img":{"alt_text":"marijuan2","src":"https:\/\/i0.wp.com\/www.24baires.com\/wp-content\/uploads\/2013\/05\/marijuan2.jpg?resize=350%2C200","width":350,"height":200,"srcset":"https:\/\/i0.wp.com\/www.24baires.com\/wp-content\/uploads\/2013\/05\/marijuan2.jpg?resize=350%2C200 1x, https:\/\/i0.wp.com\/www.24baires.com\/wp-content\/uploads\/2013\/05\/marijuan2.jpg?resize=525%2C300 1.5x"},"classes":[]},{"id":108220,"url":"http:\/\/www.24baires.com\/?p=108220","url_meta":{"origin":61668,"position":5},"title":"Nuevos datos aportados a la causa de espionaje ilegal por el ex esp\u00eda arrepentido Barreiro","author":"AF","date":"16\/05\/2019","format":false,"excerpt":"Barreiro cont\u00f3 ante la Justicia c\u00f3mo operaba la banda de D'Alessio para la ministra Bullrich en casos de narcotr\u00e1fico, para Carri\u00f3 y Olivetto en casos de espionaje pol\u00edtico y para el fiscal Stornelli en la causa de los cuadernos. El ex esp\u00eda Hugo Rolando Barreiro dio m\u00e1s precisiones ante la\u2026","rel":"","context":"En \u00abJUDICIALES\u00bb","block_context":{"text":"JUDICIALES","link":"http:\/\/www.24baires.com\/?cat=68"},"img":{"alt_text":"","src":"https:\/\/i0.wp.com\/www.24baires.com\/wp-content\/uploads\/2019\/03\/ramos-padillaa.jpg?resize=350%2C200","width":350,"height":200,"srcset":"https:\/\/i0.wp.com\/www.24baires.com\/wp-content\/uploads\/2019\/03\/ramos-padillaa.jpg?resize=350%2C200 1x, https:\/\/i0.wp.com\/www.24baires.com\/wp-content\/uploads\/2019\/03\/ramos-padillaa.jpg?resize=525%2C300 1.5x"},"classes":[]}],"jetpack_sharing_enabled":true,"jetpack_likes_enabled":true,"jetpack_featured_media_url":"","_links":{"self":[{"href":"http:\/\/www.24baires.com\/index.php?rest_route=\/wp\/v2\/posts\/61668","targetHints":{"allow":["GET"]}}],"collection":[{"href":"http:\/\/www.24baires.com\/index.php?rest_route=\/wp\/v2\/posts"}],"about":[{"href":"http:\/\/www.24baires.com\/index.php?rest_route=\/wp\/v2\/types\/post"}],"author":[{"embeddable":true,"href":"http:\/\/www.24baires.com\/index.php?rest_route=\/wp\/v2\/users\/8"}],"replies":[{"embeddable":true,"href":"http:\/\/www.24baires.com\/index.php?rest_route=%2Fwp%2Fv2%2Fcomments&post=61668"}],"version-history":[{"count":1,"href":"http:\/\/www.24baires.com\/index.php?rest_route=\/wp\/v2\/posts\/61668\/revisions"}],"predecessor-version":[{"id":61669,"href":"http:\/\/www.24baires.com\/index.php?rest_route=\/wp\/v2\/posts\/61668\/revisions\/61669"}],"wp:attachment":[{"href":"http:\/\/www.24baires.com\/index.php?rest_route=%2Fwp%2Fv2%2Fmedia&parent=61668"}],"wp:term":[{"taxonomy":"category","embeddable":true,"href":"http:\/\/www.24baires.com\/index.php?rest_route=%2Fwp%2Fv2%2Fcategories&post=61668"},{"taxonomy":"post_tag","embeddable":true,"href":"http:\/\/www.24baires.com\/index.php?rest_route=%2Fwp%2Fv2%2Ftags&post=61668"}],"curies":[{"name":"wp","href":"https:\/\/api.w.org\/{rel}","templated":true}]}}