{"id":61654,"date":"2015-02-12T14:00:56","date_gmt":"2015-02-12T17:00:56","guid":{"rendered":"http:\/\/www.24baires.com\/?p=61654"},"modified":"2015-02-12T13:46:27","modified_gmt":"2015-02-12T16:46:27","slug":"la-jueza-autorizo-otra-inspeccion-en-el-departamento-de-nisman","status":"publish","type":"post","link":"http:\/\/www.24baires.com\/?p=61654","title":{"rendered":"La jueza autoriz\u00f3 otra inspecci\u00f3n en el departamento de Nisman"},"content":{"rendered":"<p><img data-recalc-dims=\"1\" loading=\"lazy\" decoding=\"async\" class=\"aligncenter size-full wp-image-60342\" src=\"https:\/\/i0.wp.com\/www.24baires.com\/wp-content\/uploads\/2015\/01\/autopsia.jpg?resize=560%2C373\" alt=\"autopsia\" width=\"560\" height=\"373\" srcset=\"https:\/\/i0.wp.com\/www.24baires.com\/wp-content\/uploads\/2015\/01\/autopsia.jpg?w=560 560w, https:\/\/i0.wp.com\/www.24baires.com\/wp-content\/uploads\/2015\/01\/autopsia.jpg?resize=300%2C200 300w\" sizes=\"auto, (max-width: 560px) 100vw, 560px\" \/>La medida avalada por Fabiana Palmaghini hab\u00eda sido solicitada por la ex esposa del fiscal, Sandra Arroyo Salgado, quien, en representaci\u00f3n de sus dos hijas menores de edad, act\u00faa como querellante.<!--more--><\/p>\n<p>La querellante solicit\u00f3 esa medida, que se concretar\u00eda ma\u00f1ana, para que distintos especialistas puedan observar el departamento 2 del piso 13 de la torre Boulevard del complejo Le Parc, en la zona de Puerto Madero.<br \/>\nAll\u00ed fue encontrado Nisman sin vida y al lado del cad\u00e1ver una pistola Bersa, calibre 22, el arma de la que sali\u00f3 el disparo que le provoc\u00f3 la muerte.<\/p>\n<p>La medida tambi\u00e9n hab\u00eda sido solicitada por la fiscal Viviana Fein, quien interviene en la instrucci\u00f3n de la causa, para que participe el decano del Cuerpo M\u00e9dico Forense Roberto Luis Mar\u00eda Godoy y efectivos de la Divisi\u00f3n Fotograf\u00eda de la Polic\u00eda Federal.<\/p>\n<p>La fiscal pretende que se levante muestras para su posterior an\u00e1lisis.<br \/>\nPalmaghini orden\u00f3 la medida, pero record\u00f3 que el inmueble que ocupaba Nisman \u201cfue objeto de inspecci\u00f3n y relevamiento desde el d\u00eda 19 de enero de 2015\u201d.<\/p>\n<p>Agreg\u00f3 que procedimientos llevados a cabo implicaron la intervenci\u00f3n de numerosos efectivos de las distintas fuerzas de seguridad como auxiliares de la justicia y \u201cdesde esa fecha en adelante se han autorizado ya diversos ingresos con el objeto de completar las tareas investigativas a realizarse en dicha vivienda\u201d.<\/p>\n<p>Pero aclar\u00f3 que \u201cpor ello resulta imperioso destacar que si bien el departamento en cuesti\u00f3n a la fecha permanece franjado, dista ya de ser el escenario que fuera advertido por la prevenci\u00f3n\u201d.<\/p>\n<p>Palmaghini dispuso la inspecci\u00f3n ocular \u201cpara no dilatar la producci\u00f3n de la medida pretendida\u201d aunque aclar\u00f3 la convocatoria de los especialistas para obtener muestras corr\u00eda por cuenta de la fiscal y de la querellante.<\/p>\n<p>\u201cReci\u00e9n as\u00ed, comprometida la presentaci\u00f3n de aquellos que interesan o expresamente indicado que sea por las partes si prescinden de alguno de ellos, habr\u00e9 de librar la pertinente orden para que se proceda al levantamiento de las franjas que aseguran el departamento en cuesti\u00f3n y habilitar el ingreso\u201d, expres\u00f3 la jueza.<\/p>\n<p>&nbsp;<\/p>\n<p>&nbsp;<\/p>\n<p>&nbsp;<\/p>\n<p>&nbsp;<\/p>\n<p>&nbsp;<\/p>\n<p>&nbsp;<\/p>\n<p>&nbsp;<\/p>\n<p>&nbsp;<\/p>\n<p>&nbsp;<\/p>\n<p>&nbsp;<\/p>\n<p>&nbsp;<\/p>\n<p>&nbsp;<\/p>\n<p>&nbsp;<\/p>\n<p>&nbsp;<\/p>\n","protected":false},"excerpt":{"rendered":"<p>La medida avalada por Fabiana Palmaghini hab\u00eda sido solicitada por la ex esposa del fiscal, Sandra Arroyo Salgado, quien, en representaci\u00f3n de sus dos hijas menores de edad, act\u00faa como querellante.<\/p>\n","protected":false},"author":8,"featured_media":0,"comment_status":"open","ping_status":"open","sticky":false,"template":"","format":"standard","meta":{"_jetpack_newsletter_access":"","_jetpack_dont_email_post_to_subs":false,"_jetpack_newsletter_tier_id":0,"_jetpack_memberships_contains_paywalled_content":false,"_jetpack_memberships_contains_paid_content":false,"footnotes":""},"categories":[51],"tags":[],"class_list":["post-61654","post","type-post","status-publish","format-standard","hentry","category-politica"],"jetpack_shortlink":"https:\/\/wp.me\/p2JWE0-g2q","jetpack-related-posts":[{"id":106628,"url":"http:\/\/www.24baires.com\/?p=106628","url_meta":{"origin":61654,"position":0},"title":"La AMIA busca retirarse de la querella contra Cristina por el Memor\u00e1ndum con Ir\u00e1n","author":"AF","date":"31\/01\/2019","format":false,"excerpt":"Fue un pedido a la DAIA en la causa que se origin\u00f3 con la denuncia del fiscal Alberto Nisman y busca \u201cempezar a tomar distancia de una causa que est\u00e1 en el centro de la famosa grieta\u201d. La Asociaci\u00f3n Mutual Israelita Argentina (AMIA) le reclam\u00f3 a la Delegaci\u00f3n de Asociaciones\u2026","rel":"","context":"En \u00abJUDICIALES\u00bb","block_context":{"text":"JUDICIALES","link":"http:\/\/www.24baires.com\/?cat=68"},"img":{"alt_text":"","src":"https:\/\/i0.wp.com\/www.24baires.com\/wp-content\/uploads\/2015\/04\/amia.jpg?resize=350%2C200","width":350,"height":200,"srcset":"https:\/\/i0.wp.com\/www.24baires.com\/wp-content\/uploads\/2015\/04\/amia.jpg?resize=350%2C200 1x, https:\/\/i0.wp.com\/www.24baires.com\/wp-content\/uploads\/2015\/04\/amia.jpg?resize=525%2C300 1.5x"},"classes":[]},{"id":61731,"url":"http:\/\/www.24baires.com\/?p=61731","url_meta":{"origin":61654,"position":1},"title":"Hallaron manchas de sangre y pelos tras inspecci\u00f3n en el departamento de Nisman","author":"GB","date":"13\/02\/2015","format":false,"excerpt":"Manchas de sangre, detectadas con luminol, y una serie de pelos que no se sabe a qui\u00e9n pertenecen fueron encontrados este viernes en el departamento de Puerto Madero donde fue encontrado muerto el fiscal Alberto Nisman el pasado 18 de enero, en el marco de una nueva inspecci\u00f3n pedida por\u2026","rel":"","context":"En \u00abLocales\u00bb","block_context":{"text":"Locales","link":"http:\/\/www.24baires.com\/?cat=38"},"img":{"alt_text":"autopsia","src":"https:\/\/i0.wp.com\/www.24baires.com\/wp-content\/uploads\/2015\/01\/autopsia.jpg?resize=350%2C200","width":350,"height":200,"srcset":"https:\/\/i0.wp.com\/www.24baires.com\/wp-content\/uploads\/2015\/01\/autopsia.jpg?resize=350%2C200 1x, https:\/\/i0.wp.com\/www.24baires.com\/wp-content\/uploads\/2015\/01\/autopsia.jpg?resize=525%2C300 1.5x"},"classes":[]},{"id":106064,"url":"http:\/\/www.24baires.com\/?p=106064","url_meta":{"origin":61654,"position":2},"title":"Arroyo Salgado renunci\u00f3 a ser querrelante en la causa Nisman","author":"AF","date":"21\/12\/2018","format":false,"excerpt":"Lo hizo a trav\u00e9s de un escrito en el que dijo que a\u00fan recibe amenazas y que prefiere \"priorizar la paz y espiritualidad del grupo familiar\". La ex esposa de Alberto Nisman, la jueza Sandra Arroyo Salgado, renunci\u00f3 a la querella en la causa por la muerte del fiscal. Lo\u2026","rel":"","context":"En \u00abJUDICIALES\u00bb","block_context":{"text":"JUDICIALES","link":"http:\/\/www.24baires.com\/?cat=68"},"img":{"alt_text":"","src":"https:\/\/i0.wp.com\/www.24baires.com\/wp-content\/uploads\/2015\/02\/arroyo_salgado_senado-nisman.jpg?resize=350%2C200","width":350,"height":200,"srcset":"https:\/\/i0.wp.com\/www.24baires.com\/wp-content\/uploads\/2015\/02\/arroyo_salgado_senado-nisman.jpg?resize=350%2C200 1x, https:\/\/i0.wp.com\/www.24baires.com\/wp-content\/uploads\/2015\/02\/arroyo_salgado_senado-nisman.jpg?resize=525%2C300 1.5x"},"classes":[]},{"id":63426,"url":"http:\/\/www.24baires.com\/?p=63426","url_meta":{"origin":61654,"position":3},"title":"Arroyo Salgado neg\u00f3 que haya pedido que se suspendan pericias inform\u00e1tica","author":"GB","date":"20\/03\/2015","format":false,"excerpt":"La querella que representa a las hijas de Alberto Nisman en la causa que se investiga la muerte del fiscal de la UFI AMIA lo afirm\u00f3 a trav\u00e9s de un comunicado, y destac\u00f3 adem\u00e1s que la juez de Instrucci\u00f3n Fabiana Palmaghini \"nunca orden\u00f3 la suspensi\u00f3n\" de esa medida de prueba.\u2026","rel":"","context":"En \u00abPol\u00edtica\u00bb","block_context":{"text":"Pol\u00edtica","link":"http:\/\/www.24baires.com\/?cat=51"},"img":{"alt_text":"arroyo_salgado_senado nisman","src":"https:\/\/i0.wp.com\/www.24baires.com\/wp-content\/uploads\/2015\/02\/arroyo_salgado_senado-nisman.jpg?resize=350%2C200","width":350,"height":200,"srcset":"https:\/\/i0.wp.com\/www.24baires.com\/wp-content\/uploads\/2015\/02\/arroyo_salgado_senado-nisman.jpg?resize=350%2C200 1x, https:\/\/i0.wp.com\/www.24baires.com\/wp-content\/uploads\/2015\/02\/arroyo_salgado_senado-nisman.jpg?resize=525%2C300 1.5x"},"classes":[]},{"id":64229,"url":"http:\/\/www.24baires.com\/?p=64229","url_meta":{"origin":61654,"position":4},"title":"Fein denunci\u00f3 que la querella impide avanzar en la causa","author":"GB","date":"13\/04\/2015","format":false,"excerpt":"Fein respondi\u00f3 a la apelaci\u00f3n de la ex mujer de Nisman ante la C\u00e1mara del Crimen con un comunicado en el que afirm\u00f3 que \"las reiteradas presentaciones de la querella\" impiden \"el avance de la investigaci\u00f3n en procura de la verdad\". La fiscal Viviana Fein acus\u00f3 a la jueza Sandra\u2026","rel":"","context":"En \u00abPol\u00edtica\u00bb","block_context":{"text":"Pol\u00edtica","link":"http:\/\/www.24baires.com\/?cat=51"},"img":{"alt_text":"fein","src":"https:\/\/i0.wp.com\/www.24baires.com\/wp-content\/uploads\/2015\/01\/fein.jpg?resize=350%2C200","width":350,"height":200,"srcset":"https:\/\/i0.wp.com\/www.24baires.com\/wp-content\/uploads\/2015\/01\/fein.jpg?resize=350%2C200 1x, https:\/\/i0.wp.com\/www.24baires.com\/wp-content\/uploads\/2015\/01\/fein.jpg?resize=525%2C300 1.5x"},"classes":[]},{"id":91727,"url":"http:\/\/www.24baires.com\/?p=91727","url_meta":{"origin":61654,"position":5},"title":"Fein asegura que la causa Nisman \u00abse mediatiz\u00f3 utilizando pruebas que no existen\u00bb","author":"AF","date":"19\/01\/2017","format":false,"excerpt":"La ex fiscal del caso Nisman afirm\u00f3 hoy que su actuaci\u00f3n fue \"totalmente normal\" y que lo demostrar\u00e1 \"cient\u00edficamente\" cuando se presente ante el juez Juli\u00e1n Ercolini. \"No ten\u00edamos una prueba categ\u00f3rica y cierta de que est\u00e1bamos frente a un acto homicida\", dijo. La ex fiscal Viviana Fein, quien tuvo\u2026","rel":"","context":"En \u00abJUDICIALES\u00bb","block_context":{"text":"JUDICIALES","link":"http:\/\/www.24baires.com\/?cat=68"},"img":{"alt_text":"","src":"https:\/\/i0.wp.com\/www.24baires.com\/wp-content\/uploads\/2015\/01\/fein.jpg?resize=350%2C200","width":350,"height":200,"srcset":"https:\/\/i0.wp.com\/www.24baires.com\/wp-content\/uploads\/2015\/01\/fein.jpg?resize=350%2C200 1x, https:\/\/i0.wp.com\/www.24baires.com\/wp-content\/uploads\/2015\/01\/fein.jpg?resize=525%2C300 1.5x"},"classes":[]}],"jetpack_sharing_enabled":true,"jetpack_likes_enabled":true,"jetpack_featured_media_url":"","_links":{"self":[{"href":"http:\/\/www.24baires.com\/index.php?rest_route=\/wp\/v2\/posts\/61654","targetHints":{"allow":["GET"]}}],"collection":[{"href":"http:\/\/www.24baires.com\/index.php?rest_route=\/wp\/v2\/posts"}],"about":[{"href":"http:\/\/www.24baires.com\/index.php?rest_route=\/wp\/v2\/types\/post"}],"author":[{"embeddable":true,"href":"http:\/\/www.24baires.com\/index.php?rest_route=\/wp\/v2\/users\/8"}],"replies":[{"embeddable":true,"href":"http:\/\/www.24baires.com\/index.php?rest_route=%2Fwp%2Fv2%2Fcomments&post=61654"}],"version-history":[{"count":1,"href":"http:\/\/www.24baires.com\/index.php?rest_route=\/wp\/v2\/posts\/61654\/revisions"}],"predecessor-version":[{"id":61655,"href":"http:\/\/www.24baires.com\/index.php?rest_route=\/wp\/v2\/posts\/61654\/revisions\/61655"}],"wp:attachment":[{"href":"http:\/\/www.24baires.com\/index.php?rest_route=%2Fwp%2Fv2%2Fmedia&parent=61654"}],"wp:term":[{"taxonomy":"category","embeddable":true,"href":"http:\/\/www.24baires.com\/index.php?rest_route=%2Fwp%2Fv2%2Fcategories&post=61654"},{"taxonomy":"post_tag","embeddable":true,"href":"http:\/\/www.24baires.com\/index.php?rest_route=%2Fwp%2Fv2%2Ftags&post=61654"}],"curies":[{"name":"wp","href":"https:\/\/api.w.org\/{rel}","templated":true}]}}