{"id":61638,"date":"2015-02-12T10:00:40","date_gmt":"2015-02-12T13:00:40","guid":{"rendered":"http:\/\/www.24baires.com\/?p=61638"},"modified":"2015-02-12T18:57:22","modified_gmt":"2015-02-12T21:57:22","slug":"capitanich-es-antidemocratica-la-propuesta-de-derogar-la-nueva-ley-de-inteligencia","status":"publish","type":"post","link":"http:\/\/www.24baires.com\/?p=61638","title":{"rendered":"Capitanich: \u201cEs antidemocr\u00e1tica la propuesta de derogar la nueva ley de Inteligencia\u201d"},"content":{"rendered":"<p><img data-recalc-dims=\"1\" loading=\"lazy\" decoding=\"async\" class=\"aligncenter size-full wp-image-53422\" src=\"https:\/\/i0.wp.com\/www.24baires.com\/wp-content\/uploads\/2014\/09\/capitanich1.jpg?resize=560%2C420\" alt=\"capitanich\" width=\"560\" height=\"420\" srcset=\"https:\/\/i0.wp.com\/www.24baires.com\/wp-content\/uploads\/2014\/09\/capitanich1.jpg?w=560 560w, https:\/\/i0.wp.com\/www.24baires.com\/wp-content\/uploads\/2014\/09\/capitanich1.jpg?resize=300%2C225 300w\" sizes=\"auto, (max-width: 560px) 100vw, 560px\" \/>El jefe de Gabinete consider\u00f3 \u00abvergonzosa\u00bb la iniciativa de la oposici\u00f3n de derogar la nueva ley, que comenzar\u00e1 a debatirse esta tarde en el Senado. Y record\u00f3 que su tratamiento ha sido abierto y democr\u00e1tico.<!--more--><\/p>\n<p>El funcionario subray\u00f3 que el tratamiento del proyecto \u00abha sido abierto y democr\u00e1tico\u00bb y agreg\u00f3 que \u00abha recibido observaciones de especialistas, senadores y organizaciones no gubernamentales\u00bb.<\/p>\n","protected":false},"excerpt":{"rendered":"<p>El jefe de Gabinete consider\u00f3 \u00abvergonzosa\u00bb la iniciativa de la oposici\u00f3n de derogar la nueva ley, que comenzar\u00e1 a debatirse esta tarde en el Senado. Y record\u00f3 que su tratamiento ha sido abierto y democr\u00e1tico.<\/p>\n","protected":false},"author":4,"featured_media":0,"comment_status":"open","ping_status":"open","sticky":false,"template":"","format":"standard","meta":{"_jetpack_newsletter_access":"","_jetpack_dont_email_post_to_subs":false,"_jetpack_newsletter_tier_id":0,"_jetpack_memberships_contains_paywalled_content":false,"_jetpack_memberships_contains_paid_content":false,"footnotes":""},"categories":[51],"tags":[],"class_list":["post-61638","post","type-post","status-publish","format-standard","hentry","category-politica"],"jetpack_shortlink":"https:\/\/wp.me\/p2JWE0-g2a","jetpack-related-posts":[{"id":103525,"url":"http:\/\/www.24baires.com\/?p=103525","url_meta":{"origin":61638,"position":0},"title":"Presentan proyecto para derogar el decreto de Macri de intervenci\u00f3n de las Fuerzas Armadas","author":"AF","date":"25\/07\/2018","format":false,"excerpt":"Los fundamentos de la iniciativa que encabeza el presidente del bloque FPV-PJ, Agust\u00edn Rossi, sostienen que el presidente \u201ca trav\u00e9s de un simple decreto reglamentario intenta cambiar las bases sobre las que est\u00e1 estructurado nuestro sistema de Defensa Nacional, construido desde la recuperaci\u00f3n democr\u00e1tica\u201d. Diputados y diputadas del bloque FPV-PJ\u2026","rel":"","context":"En \u00abLocales\u00bb","block_context":{"text":"Locales","link":"http:\/\/www.24baires.com\/?cat=38"},"img":{"alt_text":"","src":"https:\/\/i0.wp.com\/www.24baires.com\/wp-content\/uploads\/2018\/07\/macri-fuerzas.jpg?resize=350%2C200","width":350,"height":200,"srcset":"https:\/\/i0.wp.com\/www.24baires.com\/wp-content\/uploads\/2018\/07\/macri-fuerzas.jpg?resize=350%2C200 1x, https:\/\/i0.wp.com\/www.24baires.com\/wp-content\/uploads\/2018\/07\/macri-fuerzas.jpg?resize=525%2C300 1.5x"},"classes":[]},{"id":117477,"url":"http:\/\/www.24baires.com\/?p=117477","url_meta":{"origin":61638,"position":1},"title":"El macrismo acompa\u00f1ar\u00e1 la postergaci\u00f3n de las PASO y las elecciones generales","author":"AF","date":"22\/04\/2021","format":false,"excerpt":"Los legisladores de Juntos por el Cambio pidieron adem\u00e1s que se analice la posibilidad de introducir la Boleta \u00danica para las PASO y las Generales. El interbloque en DIputados de Juntos por el Cambio (JxC) dio este jueves su respaldo a la propuesta del oficialismo de postergar hasta septiembre las\u2026","rel":"","context":"En \u00abPol\u00edtica\u00bb","block_context":{"text":"Pol\u00edtica","link":"http:\/\/www.24baires.com\/?cat=51"},"img":{"alt_text":"","src":"https:\/\/i0.wp.com\/www.24baires.com\/wp-content\/uploads\/2013\/08\/urna3.jpg?resize=350%2C200","width":350,"height":200,"srcset":"https:\/\/i0.wp.com\/www.24baires.com\/wp-content\/uploads\/2013\/08\/urna3.jpg?resize=350%2C200 1x, https:\/\/i0.wp.com\/www.24baires.com\/wp-content\/uploads\/2013\/08\/urna3.jpg?resize=525%2C300 1.5x"},"classes":[]},{"id":102623,"url":"http:\/\/www.24baires.com\/?p=102623","url_meta":{"origin":61638,"position":2},"title":"El bloque del FpV-PJ present\u00f3 un mill\u00f3n de firmas para derogar la reforma previsional","author":"AF","date":"08\/06\/2018","format":false,"excerpt":"Los diputados kirchneristas presentaron hoy un proyecto para derogar la ley de reforma previsional que se sancion\u00f3 en diciembre pasado. El proyecto cuenta con 14 firmas. Acompa\u00f1an, entre otros, Daniel Filmus, Leopoldo Moreau, Axel Kicillof, Agust\u00edn Rossi y Fernanda Vallejos. La iniciativa contempla que, hasta tanto se dicte una nueva\u2026","rel":"","context":"En \u00abSociedad\u00bb","block_context":{"text":"Sociedad","link":"http:\/\/www.24baires.com\/?cat=1"},"img":{"alt_text":"","src":"https:\/\/i0.wp.com\/www.24baires.com\/wp-content\/uploads\/2017\/12\/jubilados.jpg?resize=350%2C200","width":350,"height":200,"srcset":"https:\/\/i0.wp.com\/www.24baires.com\/wp-content\/uploads\/2017\/12\/jubilados.jpg?resize=350%2C200 1x, https:\/\/i0.wp.com\/www.24baires.com\/wp-content\/uploads\/2017\/12\/jubilados.jpg?resize=525%2C300 1.5x"},"classes":[]},{"id":101518,"url":"http:\/\/www.24baires.com\/?p=101518","url_meta":{"origin":61638,"position":3},"title":"Presentan proyecto para derogar el Pacto Fiscal bonaerense","author":"GB","date":"10\/04\/2018","format":false,"excerpt":"Diputados del kirchnerismo presentar\u00e1n en los pr\u00f3ximos d\u00edas un proyecto para derogar el Pacto Fiscal promovido por el Gobierno de Mar\u00eda Eugenia Vidal, al tiempo que en otra iniciativa solicitar\u00e1n aumentar el reparto de la coparticipaci\u00f3n a los distritos. Seg\u00fan pudo saber DIB, los legisladores ultiman detalles para presentar, el\u2026","rel":"","context":"En \u00abProvincia\u00bb","block_context":{"text":"Provincia","link":"http:\/\/www.24baires.com\/?cat=40"},"img":{"alt_text":"","src":"https:\/\/i0.wp.com\/www.24baires.com\/wp-content\/uploads\/2017\/12\/diputados-bonaerenses.jpg?resize=350%2C200","width":350,"height":200,"srcset":"https:\/\/i0.wp.com\/www.24baires.com\/wp-content\/uploads\/2017\/12\/diputados-bonaerenses.jpg?resize=350%2C200 1x, https:\/\/i0.wp.com\/www.24baires.com\/wp-content\/uploads\/2017\/12\/diputados-bonaerenses.jpg?resize=525%2C300 1.5x"},"classes":[]},{"id":55405,"url":"http:\/\/www.24baires.com\/?p=55405","url_meta":{"origin":61638,"position":4},"title":"\u00abLa derogaci\u00f3n de leyes de la oposici\u00f3n es un riesgo para la democracia\u00bb","author":"Grupo Sierra","date":"14\/10\/2014","format":false,"excerpt":"As\u00ed lo expres\u00f3 Diego Bossio, el titular de la Anses, quien advirti\u00f3 que \"se pierde la seguridad jur\u00eddica del pa\u00eds\" y que \"nadie puede seriamente pretender construir algo bueno destruyendo todo lo que se ha logrado en estos a\u00f1os desde la m\u00e1s estricta legitimidad democr\u00e1tica\". Bossio cuestion\u00f3 de esta forma\u2026","rel":"","context":"En \u00abPol\u00edtica\u00bb","block_context":{"text":"Pol\u00edtica","link":"http:\/\/www.24baires.com\/?cat=51"},"img":{"alt_text":"diego-bossio-anses","src":"https:\/\/i0.wp.com\/www.24baires.com\/wp-content\/uploads\/2014\/07\/diego-bossio-anses.jpg?resize=350%2C200","width":350,"height":200,"srcset":"https:\/\/i0.wp.com\/www.24baires.com\/wp-content\/uploads\/2014\/07\/diego-bossio-anses.jpg?resize=350%2C200 1x, https:\/\/i0.wp.com\/www.24baires.com\/wp-content\/uploads\/2014\/07\/diego-bossio-anses.jpg?resize=525%2C300 1.5x"},"classes":[]},{"id":100861,"url":"http:\/\/www.24baires.com\/?p=100861","url_meta":{"origin":61638,"position":5},"title":"Desde Ctera insisten en que el Gobierno convoque a la paritaria nacional Leer nota >","author":"GB","date":"05\/03\/2018","format":false,"excerpt":"En el marco del primer d\u00eda de huelga de los maestros que afecta a unos 5,5 millones de chicos en todo el pa\u00eds, los maestros nucleados en Ctera volvieron a reclamar que el Gobierno convoque a la paritaria nacional, como indicaba la ley que fue derogada a partir de un\u2026","rel":"","context":"En \u00abPol\u00edtica\u00bb","block_context":{"text":"Pol\u00edtica","link":"http:\/\/www.24baires.com\/?cat=51"},"img":{"alt_text":"","src":"https:\/\/i0.wp.com\/www.24baires.com\/wp-content\/uploads\/2016\/03\/ctera-paro.jpg?resize=350%2C200","width":350,"height":200,"srcset":"https:\/\/i0.wp.com\/www.24baires.com\/wp-content\/uploads\/2016\/03\/ctera-paro.jpg?resize=350%2C200 1x, https:\/\/i0.wp.com\/www.24baires.com\/wp-content\/uploads\/2016\/03\/ctera-paro.jpg?resize=525%2C300 1.5x"},"classes":[]}],"jetpack_sharing_enabled":true,"jetpack_likes_enabled":true,"jetpack_featured_media_url":"","_links":{"self":[{"href":"http:\/\/www.24baires.com\/index.php?rest_route=\/wp\/v2\/posts\/61638","targetHints":{"allow":["GET"]}}],"collection":[{"href":"http:\/\/www.24baires.com\/index.php?rest_route=\/wp\/v2\/posts"}],"about":[{"href":"http:\/\/www.24baires.com\/index.php?rest_route=\/wp\/v2\/types\/post"}],"author":[{"embeddable":true,"href":"http:\/\/www.24baires.com\/index.php?rest_route=\/wp\/v2\/users\/4"}],"replies":[{"embeddable":true,"href":"http:\/\/www.24baires.com\/index.php?rest_route=%2Fwp%2Fv2%2Fcomments&post=61638"}],"version-history":[{"count":1,"href":"http:\/\/www.24baires.com\/index.php?rest_route=\/wp\/v2\/posts\/61638\/revisions"}],"predecessor-version":[{"id":61639,"href":"http:\/\/www.24baires.com\/index.php?rest_route=\/wp\/v2\/posts\/61638\/revisions\/61639"}],"wp:attachment":[{"href":"http:\/\/www.24baires.com\/index.php?rest_route=%2Fwp%2Fv2%2Fmedia&parent=61638"}],"wp:term":[{"taxonomy":"category","embeddable":true,"href":"http:\/\/www.24baires.com\/index.php?rest_route=%2Fwp%2Fv2%2Fcategories&post=61638"},{"taxonomy":"post_tag","embeddable":true,"href":"http:\/\/www.24baires.com\/index.php?rest_route=%2Fwp%2Fv2%2Ftags&post=61638"}],"curies":[{"name":"wp","href":"https:\/\/api.w.org\/{rel}","templated":true}]}}