{"id":61615,"date":"2015-02-11T18:10:11","date_gmt":"2015-02-11T21:10:11","guid":{"rendered":"http:\/\/www.24baires.com\/?p=61615"},"modified":"2015-02-11T18:33:23","modified_gmt":"2015-02-11T21:33:23","slug":"se-vienen-nuevos-cambios-al-proyecto-de-inteligencia","status":"publish","type":"post","link":"http:\/\/www.24baires.com\/?p=61615","title":{"rendered":"Se vienen nuevos cambios al proyecto de Inteligencia"},"content":{"rendered":"<p><img data-recalc-dims=\"1\" loading=\"lazy\" decoding=\"async\" class=\"aligncenter size-full wp-image-44877\" src=\"https:\/\/i0.wp.com\/www.24baires.com\/wp-content\/uploads\/2014\/04\/oscar-parrilli.jpg?resize=560%2C307\" alt=\"oscar parrilli\" width=\"560\" height=\"307\" srcset=\"https:\/\/i0.wp.com\/www.24baires.com\/wp-content\/uploads\/2014\/04\/oscar-parrilli.jpg?w=560 560w, https:\/\/i0.wp.com\/www.24baires.com\/wp-content\/uploads\/2014\/04\/oscar-parrilli.jpg?resize=300%2C164 300w\" sizes=\"auto, (max-width: 560px) 100vw, 560px\" \/>El director de la Secretar\u00eda de Inteligencia, Oscar Parrilli, lo anunci\u00f3 esta tarde en referencia al proyecto que ser\u00e1 debatido ma\u00f1ana en el Senado. <!--more--><\/p>\n<p>El director de la Secretar\u00eda de Inteligencia, Oscar Parrilli, y el jefe del bloque de senadores del oficialismo, Miguel Pichetto, anunciaron esta tarde que se har\u00e1n nuevos cambios al proyecto de Ley de Inteligencia que debatir\u00e1 ma\u00f1ana el Senado.<\/p>\n<p>Entre las modificaciones resaltadas se encuentran otorgarle mayor transparencia a los gastos reservados del nuevo organismo y reducir el plazo de 25 a 15 a\u00f1os para la desclasificaci\u00f3n de informaci\u00f3n reservada.<\/p>\n<p>En una rueda de prensa conjunta en el Senado, Parrilli precis\u00f3 tambi\u00e9n que un tercer cambio ser\u00e1 el tema de las categor\u00edas de la informaci\u00f3n que deber\u00e1 ser secreta para los nuevos agentes de la Agencia Federal de Inteligencia (AFI) y volvi\u00f3 a criticar a la oposici\u00f3n por no aceptar asistir al recinto ma\u00f1ana<\/p>\n<p>El senador Ernesto Sanz, titular de la Uni\u00f3n C\u00edvica Radical e integrante del Frente Amplio Unen adelant\u00f3 que todos los candidatos presidenciales de la oposici\u00f3n firmar\u00e1n un acuerdo para derogar en el pr\u00f3ximo Gobierno la nueva Ley de Inteligencia que ser\u00e1 debatida en el Congreso y que cuenta con mayor\u00eda a favor del oficialismo.<\/p>\n<p>&nbsp;<\/p>\n<p>&nbsp;<\/p>\n","protected":false},"excerpt":{"rendered":"<p>El director de la Secretar\u00eda de Inteligencia, Oscar Parrilli, lo anunci\u00f3 esta tarde en referencia al proyecto que ser\u00e1 debatido ma\u00f1ana en el Senado.<\/p>\n","protected":false},"author":11,"featured_media":0,"comment_status":"open","ping_status":"open","sticky":false,"template":"","format":"standard","meta":{"_jetpack_newsletter_access":"","_jetpack_dont_email_post_to_subs":false,"_jetpack_newsletter_tier_id":0,"_jetpack_memberships_contains_paywalled_content":false,"_jetpack_memberships_contains_paid_content":false,"footnotes":""},"categories":[51],"tags":[],"class_list":["post-61615","post","type-post","status-publish","format-standard","hentry","category-politica"],"jetpack_shortlink":"https:\/\/wp.me\/p2JWE0-g1N","jetpack-related-posts":[{"id":61301,"url":"http:\/\/www.24baires.com\/?p=61301","url_meta":{"origin":61615,"position":0},"title":"Relevan a Stiusso de guardar datos sobre sus actividades","author":"GB","date":"05\/02\/2015","format":false,"excerpt":"El director de la SI ratific\u00f3 que el agente \"ya no forma parte del organismo\" y declar\u00f3 que se lo relev\u00f3 de la obligaci\u00f3n de guardar secreto sobre sus actividades desde 1972 hasta el 5 de enero de 2015. El director de la Secretar\u00eda de Inteligencia, Oscar Parrilli, declar\u00f3 que\u2026","rel":"","context":"En \u00abPol\u00edtica\u00bb","block_context":{"text":"Pol\u00edtica","link":"http:\/\/www.24baires.com\/?cat=51"},"img":{"alt_text":"parrilli","src":"https:\/\/i0.wp.com\/www.24baires.com\/wp-content\/uploads\/2013\/08\/parrilli.jpg?resize=350%2C200","width":350,"height":200,"srcset":"https:\/\/i0.wp.com\/www.24baires.com\/wp-content\/uploads\/2013\/08\/parrilli.jpg?resize=350%2C200 1x, https:\/\/i0.wp.com\/www.24baires.com\/wp-content\/uploads\/2013\/08\/parrilli.jpg?resize=525%2C300 1.5x"},"classes":[]},{"id":63964,"url":"http:\/\/www.24baires.com\/?p=63964","url_meta":{"origin":61615,"position":1},"title":"El Gobierno denunci\u00f3 penalmente al ex agente Stiuso","author":"GB","date":"07\/04\/2015","format":false,"excerpt":"El secretario de Inteligencia, Oscar Parrilli, lo anunci\u00f3 en una conferencia de prensa. La denuncia es incumplimiento de los deberes de funcionario p\u00fablico por haber ocultado informaci\u00f3n sobre el atentado a la Amia. El secretario de Inteligencia, Oscar Parrilli, anunci\u00f3 esta tarde que fue presentada una denuncia penal contra el\u2026","rel":"","context":"En \u00abPol\u00edtica\u00bb","block_context":{"text":"Pol\u00edtica","link":"http:\/\/www.24baires.com\/?cat=51"},"img":{"alt_text":"","src":"https:\/\/i0.wp.com\/www.24baires.com\/wp-content\/uploads\/2015\/04\/parrili1.jpg?resize=350%2C200","width":350,"height":200,"srcset":"https:\/\/i0.wp.com\/www.24baires.com\/wp-content\/uploads\/2015\/04\/parrili1.jpg?resize=350%2C200 1x, https:\/\/i0.wp.com\/www.24baires.com\/wp-content\/uploads\/2015\/04\/parrili1.jpg?resize=525%2C300 1.5x"},"classes":[]},{"id":61914,"url":"http:\/\/www.24baires.com\/?p=61914","url_meta":{"origin":61615,"position":2},"title":"Diputados emiti\u00f3 dictamen sobre la reforma a la ley de Inteligencia","author":"GB","date":"18\/02\/2015","format":false,"excerpt":"El despacho de mayor\u00eda se firm\u00f3 en el \u00faltimo tramo de la reuni\u00f3n de comisiones que se extendi\u00f3 por espacio de cuatro horas. El proyecto se votar\u00e1 en una sesi\u00f3n especial el 25 de febrero pr\u00f3ximo. El bloque de diputados del oficialismo, junto a bancadas aliadas, consigui\u00f3 emitir dictamen favorable\u2026","rel":"","context":"En \u00abPol\u00edtica\u00bb","block_context":{"text":"Pol\u00edtica","link":"http:\/\/www.24baires.com\/?cat=51"},"img":{"alt_text":"c\u00f3digo civil diputados c\u00e1mara","src":"https:\/\/i0.wp.com\/www.24baires.com\/wp-content\/uploads\/2014\/10\/c%C3%B3digo-civil-diputados-c%C3%A1mara.jpg?resize=350%2C200","width":350,"height":200,"srcset":"https:\/\/i0.wp.com\/www.24baires.com\/wp-content\/uploads\/2014\/10\/c%C3%B3digo-civil-diputados-c%C3%A1mara.jpg?resize=350%2C200 1x, https:\/\/i0.wp.com\/www.24baires.com\/wp-content\/uploads\/2014\/10\/c%C3%B3digo-civil-diputados-c%C3%A1mara.jpg?resize=525%2C300 1.5x"},"classes":[]},{"id":58891,"url":"http:\/\/www.24baires.com\/?p=58891","url_meta":{"origin":61615,"position":3},"title":"Comenzaron los cambios en la Secretar\u00eda de Inteligencia","author":"Grupo Sierra","date":"19\/12\/2014","format":false,"excerpt":"El flamante titular de la cartera, Oscar Parrilli, design\u00f3 hoy al nuevo subsecretario, Juan Mart\u00edn Mena. El nuevo subsecretario de Inteligencia es abogado de la Universidad de Buenos Aires, especializado en derecho penal, pol\u00edtica criminal y derechos humanos, e ingres\u00f3 al Ministerio de Justicia y Derechos Humanos en el a\u00f1o\u2026","rel":"","context":"En \u00abGeneral\u00bb","block_context":{"text":"General","link":"http:\/\/www.24baires.com\/?cat=67"},"img":{"alt_text":"oscar parrilli","src":"https:\/\/i0.wp.com\/www.24baires.com\/wp-content\/uploads\/2014\/04\/oscar-parrilli.jpg?resize=350%2C200","width":350,"height":200,"srcset":"https:\/\/i0.wp.com\/www.24baires.com\/wp-content\/uploads\/2014\/04\/oscar-parrilli.jpg?resize=350%2C200 1x, https:\/\/i0.wp.com\/www.24baires.com\/wp-content\/uploads\/2014\/04\/oscar-parrilli.jpg?resize=525%2C300 1.5x"},"classes":[]},{"id":61141,"url":"http:\/\/www.24baires.com\/?p=61141","url_meta":{"origin":61615,"position":4},"title":"El Frente para la Victoria apura el debate en el Congreso para reformar Inteligencia","author":"GB","date":"02\/02\/2015","format":false,"excerpt":"El secretario Legal y T\u00e9cnico de la Presidencia, Carlos Zannini; y el secretario y subsecretario de Inteligencia, Oscar Parrilli y Juan Mart\u00edn Mena, respectivamente, ser\u00e1n los encargados de abrir ma\u00f1ana el debate sobre la nueva ley de Inteligencia anunciada por el Gobierno, durante un plenario de comisiones del Senado. El\u2026","rel":"","context":"En \u00abPol\u00edtica\u00bb","block_context":{"text":"Pol\u00edtica","link":"http:\/\/www.24baires.com\/?cat=51"},"img":{"alt_text":"senado nacional","src":"https:\/\/i0.wp.com\/www.24baires.com\/wp-content\/uploads\/2013\/04\/senado-nacional.jpg?resize=350%2C200","width":350,"height":200,"srcset":"https:\/\/i0.wp.com\/www.24baires.com\/wp-content\/uploads\/2013\/04\/senado-nacional.jpg?resize=350%2C200 1x, https:\/\/i0.wp.com\/www.24baires.com\/wp-content\/uploads\/2013\/04\/senado-nacional.jpg?resize=525%2C300 1.5x"},"classes":[]},{"id":63788,"url":"http:\/\/www.24baires.com\/?p=63788","url_meta":{"origin":61615,"position":5},"title":"Causa AMIA: el Gobierno anuncia que citaron al ex esp\u00eda de la SIDE","author":"GB","date":"01\/04\/2015","format":false,"excerpt":"En conferencia de prensa, el secretario de Inteligencia, Oscar Parrilli, inform\u00f3 la convocatoria al exesp\u00eda para que brinde informaci\u00f3n sobre cuestiones vinculadas a la investigaci\u00f3n de la causa Amia. El secretario de Inteligencia, Oscar Parrilli, detall\u00f3 que la convocatoria al ex esp\u00eda de la SIDE Antonio \"Jaime\" Stiuso se da\u2026","rel":"","context":"En \u00abPol\u00edtica\u00bb","block_context":{"text":"Pol\u00edtica","link":"http:\/\/www.24baires.com\/?cat=51"},"img":{"alt_text":"","src":"https:\/\/i0.wp.com\/www.24baires.com\/wp-content\/uploads\/2015\/04\/parrili.jpg?resize=350%2C200","width":350,"height":200,"srcset":"https:\/\/i0.wp.com\/www.24baires.com\/wp-content\/uploads\/2015\/04\/parrili.jpg?resize=350%2C200 1x, https:\/\/i0.wp.com\/www.24baires.com\/wp-content\/uploads\/2015\/04\/parrili.jpg?resize=525%2C300 1.5x"},"classes":[]}],"jetpack_sharing_enabled":true,"jetpack_likes_enabled":true,"jetpack_featured_media_url":"","_links":{"self":[{"href":"http:\/\/www.24baires.com\/index.php?rest_route=\/wp\/v2\/posts\/61615","targetHints":{"allow":["GET"]}}],"collection":[{"href":"http:\/\/www.24baires.com\/index.php?rest_route=\/wp\/v2\/posts"}],"about":[{"href":"http:\/\/www.24baires.com\/index.php?rest_route=\/wp\/v2\/types\/post"}],"author":[{"embeddable":true,"href":"http:\/\/www.24baires.com\/index.php?rest_route=\/wp\/v2\/users\/11"}],"replies":[{"embeddable":true,"href":"http:\/\/www.24baires.com\/index.php?rest_route=%2Fwp%2Fv2%2Fcomments&post=61615"}],"version-history":[{"count":1,"href":"http:\/\/www.24baires.com\/index.php?rest_route=\/wp\/v2\/posts\/61615\/revisions"}],"predecessor-version":[{"id":61616,"href":"http:\/\/www.24baires.com\/index.php?rest_route=\/wp\/v2\/posts\/61615\/revisions\/61616"}],"wp:attachment":[{"href":"http:\/\/www.24baires.com\/index.php?rest_route=%2Fwp%2Fv2%2Fmedia&parent=61615"}],"wp:term":[{"taxonomy":"category","embeddable":true,"href":"http:\/\/www.24baires.com\/index.php?rest_route=%2Fwp%2Fv2%2Fcategories&post=61615"},{"taxonomy":"post_tag","embeddable":true,"href":"http:\/\/www.24baires.com\/index.php?rest_route=%2Fwp%2Fv2%2Ftags&post=61615"}],"curies":[{"name":"wp","href":"https:\/\/api.w.org\/{rel}","templated":true}]}}