{"id":61610,"date":"2015-02-11T16:30:02","date_gmt":"2015-02-11T19:30:02","guid":{"rendered":"http:\/\/www.24baires.com\/?p=61610"},"modified":"2015-02-12T10:28:23","modified_gmt":"2015-02-12T13:28:23","slug":"cristina-realizara-anuncios-en-casa-de-gobierno-en-materia-de-educacion","status":"publish","type":"post","link":"http:\/\/www.24baires.com\/?p=61610","title":{"rendered":"Cristina critic\u00f3 a la UIA y dijo que \u00abfueron a buscar a China inversiones\u00bb"},"content":{"rendered":"<p><img data-recalc-dims=\"1\" loading=\"lazy\" decoding=\"async\" class=\"aligncenter size-full wp-image-61634\" src=\"https:\/\/i0.wp.com\/www.24baires.com\/wp-content\/uploads\/2015\/02\/cristina-educaci%C3%B3n.jpg?resize=560%2C430\" alt=\"cristina educaci\u00f3n\" width=\"560\" height=\"430\" srcset=\"https:\/\/i0.wp.com\/www.24baires.com\/wp-content\/uploads\/2015\/02\/cristina-educaci%C3%B3n.jpg?w=560 560w, https:\/\/i0.wp.com\/www.24baires.com\/wp-content\/uploads\/2015\/02\/cristina-educaci%C3%B3n.jpg?resize=300%2C230 300w\" sizes=\"auto, (max-width: 560px) 100vw, 560px\" \/>La mandataria realiz\u00f3 anuncios en materia de educaci\u00f3n e inform\u00f3 que habr\u00e1 un aumento de la ayuda escolar anual del 37,25 por ciento que beneficiar\u00e1 a 3.227.000 ni\u00f1os y a 2.016.800 familias<!--more--><\/p>\n<p>Se inform\u00f3 que el acto contar\u00e1 con videoconferencias con las ciudades bonaerenses de Gar\u00edn y Pilar, y tambi\u00e9n desde la estaci\u00f3n ferroviaria de Retiro, donde estar\u00e1 el ministro del Interior y Transporte, Florencio Randazzo, informaron fuentes oficiales.<\/p>\n<p>Se trata del primer acto oficial desde que la jefa de Estado regres\u00f3 de su gira por la Rep\u00fablica Popular China, donde se firmaron varios acuerdos comerciales y en materia energ\u00e9tica.<\/p>\n","protected":false},"excerpt":{"rendered":"<p>La mandataria realiz\u00f3 anuncios en materia de educaci\u00f3n e inform\u00f3 que habr\u00e1 un aumento de la ayuda escolar anual del 37,25 por ciento que beneficiar\u00e1 a 3.227.000 ni\u00f1os y a 2.016.800 familias<\/p>\n","protected":false},"author":8,"featured_media":0,"comment_status":"open","ping_status":"open","sticky":false,"template":"","format":"standard","meta":{"_jetpack_newsletter_access":"","_jetpack_dont_email_post_to_subs":false,"_jetpack_newsletter_tier_id":0,"_jetpack_memberships_contains_paywalled_content":false,"_jetpack_memberships_contains_paid_content":false,"footnotes":""},"categories":[51],"tags":[],"class_list":["post-61610","post","type-post","status-publish","format-standard","hentry","category-politica"],"jetpack_shortlink":"https:\/\/wp.me\/p2JWE0-g1I","jetpack-related-posts":[{"id":50152,"url":"http:\/\/www.24baires.com\/?p=50152","url_meta":{"origin":61610,"position":0},"title":"Cristina: \u201cEs un d\u00eda fundacional en las relaciones entre Argentina y China\u201d","author":"GB","date":"18\/07\/2014","format":false,"excerpt":"Lo consider\u00f3 la Presidenta, tras firmar diversos acuerdos bilaterales en la Casa de Gobierno con el presidente de ese pa\u00eds, Xi Jinping, en el marco de la visita oficial que cumple a nuestro pa\u00eds. Al hablar en el acto oficial junto al mandatario chino, Cristina dijo que con los nuevos\u2026","rel":"","context":"En \u00abLocales\u00bb","block_context":{"text":"Locales","link":"http:\/\/www.24baires.com\/?cat=38"},"img":{"alt_text":"","src":"https:\/\/i0.wp.com\/www.24baires.com\/wp-content\/uploads\/2014\/07\/cristina-y-presi-de-china.jpg?resize=350%2C200","width":350,"height":200,"srcset":"https:\/\/i0.wp.com\/www.24baires.com\/wp-content\/uploads\/2014\/07\/cristina-y-presi-de-china.jpg?resize=350%2C200 1x, https:\/\/i0.wp.com\/www.24baires.com\/wp-content\/uploads\/2014\/07\/cristina-y-presi-de-china.jpg?resize=525%2C300 1.5x"},"classes":[]},{"id":99208,"url":"http:\/\/www.24baires.com\/?p=99208","url_meta":{"origin":61610,"position":1},"title":"Vidal firm\u00f3 convenios en materia educativa y deportiva con China","author":"GB","date":"05\/12\/2017","format":false,"excerpt":"Durante su gira por el pa\u00eds asi\u00e1tico, la Gobernadora suscribi\u00f3 acuerdos para difundir el idioma chino en la Provincia e impulsar proyectos conjuntos para diferentes deportes. En el marco de su gira por China, la gobernadora Mar\u00eda Eugenia Vidal se reuni\u00f3 ayer con funcionarios de ese pa\u00eds y firm\u00f3 un\u2026","rel":"","context":"En \u00abProvincia\u00bb","block_context":{"text":"Provincia","link":"http:\/\/www.24baires.com\/?cat=40"},"img":{"alt_text":"","src":"https:\/\/i0.wp.com\/www.24baires.com\/wp-content\/uploads\/2017\/12\/vidal-china.jpg?resize=350%2C200","width":350,"height":200,"srcset":"https:\/\/i0.wp.com\/www.24baires.com\/wp-content\/uploads\/2017\/12\/vidal-china.jpg?resize=350%2C200 1x, https:\/\/i0.wp.com\/www.24baires.com\/wp-content\/uploads\/2017\/12\/vidal-china.jpg?resize=525%2C300 1.5x"},"classes":[]},{"id":50281,"url":"http:\/\/www.24baires.com\/?p=50281","url_meta":{"origin":61610,"position":2},"title":"\u201cEl swap es una herramienta muy importante en materia de financiamiento\u201d","author":"AF","date":"21\/07\/2014","format":false,"excerpt":"El jefe de Gabinete, Jorge Capitanich, se refiri\u00f3 al acuerdo de intercambio de divisas firmado con el gobierno de China y explic\u00f3 que \"se trata de un swap financiero no comercial\" que se instrumentar\u00e1 en tramos a partir de agosto. \"Es una herramienta muy importante de financiamiento. Estamos hablando de\u2026","rel":"","context":"En \u00abPol\u00edtica\u00bb","block_context":{"text":"Pol\u00edtica","link":"http:\/\/www.24baires.com\/?cat=51"},"img":{"alt_text":"Capitanich","src":"https:\/\/i0.wp.com\/www.24baires.com\/wp-content\/uploads\/2014\/01\/Capitanich.jpg?resize=350%2C200","width":350,"height":200,"srcset":"https:\/\/i0.wp.com\/www.24baires.com\/wp-content\/uploads\/2014\/01\/Capitanich.jpg?resize=350%2C200 1x, https:\/\/i0.wp.com\/www.24baires.com\/wp-content\/uploads\/2014\/01\/Capitanich.jpg?resize=525%2C300 1.5x"},"classes":[]},{"id":62687,"url":"http:\/\/www.24baires.com\/?p=62687","url_meta":{"origin":61610,"position":3},"title":"Cristina present\u00f3 los trenes 0 km para la l\u00ednea Roca","author":"Grupo Sierra","date":"05\/03\/2015","format":false,"excerpt":"La presidenta Cristina Fern\u00e1ndez de Kirchner, junto al ministro de Interior y Transporte Florencio Randazzo, recibi\u00f3 en el Puerto de Buenos Aires la primera formaci\u00f3n de los 300 coches que el Estado argentino adquiri\u00f3 en China para renovar la l\u00ednea ferroviaria Roca, informaron fuentes oficiales. La presidenta Cristina Fern\u00e1ndez de\u2026","rel":"","context":"En \u00abLocales\u00bb","block_context":{"text":"Locales","link":"http:\/\/www.24baires.com\/?cat=38"},"img":{"alt_text":"","src":"https:\/\/i0.wp.com\/www.24baires.com\/wp-content\/uploads\/2015\/03\/cristina-trenes.jpg?resize=350%2C200","width":350,"height":200,"srcset":"https:\/\/i0.wp.com\/www.24baires.com\/wp-content\/uploads\/2015\/03\/cristina-trenes.jpg?resize=350%2C200 1x, https:\/\/i0.wp.com\/www.24baires.com\/wp-content\/uploads\/2015\/03\/cristina-trenes.jpg?resize=525%2C300 1.5x"},"classes":[]},{"id":117853,"url":"http:\/\/www.24baires.com\/?p=117853","url_meta":{"origin":61610,"position":4},"title":"\u00abNo queremos que los jubilados sean la variable de ajuste\u00bb","author":"AF","date":"13\/07\/2021","format":false,"excerpt":"El Presidente encabeza un acto en la localidad bonaerense de Lomas de Zamora. Previamente asegur\u00f3 que \"habr\u00e1 una noticia\" para los adultos mayores para que no vean deteriorados sus ingresos en un \"escenario de mucha complejidad\". El presidente Alberto Fern\u00e1ndez encabeza este martes en Lomas de Zamora un acto donde\u2026","rel":"","context":"En \u00abSociedad\u00bb","block_context":{"text":"Sociedad","link":"http:\/\/www.24baires.com\/?cat=1"},"img":{"alt_text":"","src":"https:\/\/i0.wp.com\/www.24baires.com\/wp-content\/uploads\/2021\/07\/60edfcf44ed12_1004x565.jpg?resize=350%2C200","width":350,"height":200,"srcset":"https:\/\/i0.wp.com\/www.24baires.com\/wp-content\/uploads\/2021\/07\/60edfcf44ed12_1004x565.jpg?resize=350%2C200 1x, https:\/\/i0.wp.com\/www.24baires.com\/wp-content\/uploads\/2021\/07\/60edfcf44ed12_1004x565.jpg?resize=525%2C300 1.5x"},"classes":[]},{"id":87194,"url":"http:\/\/www.24baires.com\/?p=87194","url_meta":{"origin":61610,"position":5},"title":"Obama felicit\u00f3 a Mauricio Macri por el \u00ab\u00e9xito de los cambios\u00bb que est\u00e1 aplicando en el pa\u00eds","author":"GB","date":"05\/09\/2016","format":false,"excerpt":"El presidente de Estados Unidos felicit\u00f3 a su par argentino y pidi\u00f3 no adoptar \"recetas proteccionistas ni populistas\". \"Las econom\u00edas crecen mejor cuando todos participan de ese crecimiento\", enfatiz\u00f3. En el marco de la Cumbre del G20 en la ciudad de Hanhzhou, en China, el presidente de Estados Unidos, Barack\u2026","rel":"","context":"En \u00abPol\u00edtica\u00bb","block_context":{"text":"Pol\u00edtica","link":"http:\/\/www.24baires.com\/?cat=51"},"img":{"alt_text":"obama1","src":"https:\/\/i0.wp.com\/www.24baires.com\/wp-content\/uploads\/2016\/06\/obama1.jpg?resize=350%2C200","width":350,"height":200,"srcset":"https:\/\/i0.wp.com\/www.24baires.com\/wp-content\/uploads\/2016\/06\/obama1.jpg?resize=350%2C200 1x, https:\/\/i0.wp.com\/www.24baires.com\/wp-content\/uploads\/2016\/06\/obama1.jpg?resize=525%2C300 1.5x"},"classes":[]}],"jetpack_sharing_enabled":true,"jetpack_likes_enabled":true,"jetpack_featured_media_url":"","_links":{"self":[{"href":"http:\/\/www.24baires.com\/index.php?rest_route=\/wp\/v2\/posts\/61610","targetHints":{"allow":["GET"]}}],"collection":[{"href":"http:\/\/www.24baires.com\/index.php?rest_route=\/wp\/v2\/posts"}],"about":[{"href":"http:\/\/www.24baires.com\/index.php?rest_route=\/wp\/v2\/types\/post"}],"author":[{"embeddable":true,"href":"http:\/\/www.24baires.com\/index.php?rest_route=\/wp\/v2\/users\/8"}],"replies":[{"embeddable":true,"href":"http:\/\/www.24baires.com\/index.php?rest_route=%2Fwp%2Fv2%2Fcomments&post=61610"}],"version-history":[{"count":3,"href":"http:\/\/www.24baires.com\/index.php?rest_route=\/wp\/v2\/posts\/61610\/revisions"}],"predecessor-version":[{"id":61636,"href":"http:\/\/www.24baires.com\/index.php?rest_route=\/wp\/v2\/posts\/61610\/revisions\/61636"}],"wp:attachment":[{"href":"http:\/\/www.24baires.com\/index.php?rest_route=%2Fwp%2Fv2%2Fmedia&parent=61610"}],"wp:term":[{"taxonomy":"category","embeddable":true,"href":"http:\/\/www.24baires.com\/index.php?rest_route=%2Fwp%2Fv2%2Fcategories&post=61610"},{"taxonomy":"post_tag","embeddable":true,"href":"http:\/\/www.24baires.com\/index.php?rest_route=%2Fwp%2Fv2%2Ftags&post=61610"}],"curies":[{"name":"wp","href":"https:\/\/api.w.org\/{rel}","templated":true}]}}