{"id":61582,"date":"2015-02-11T10:00:06","date_gmt":"2015-02-11T13:00:06","guid":{"rendered":"http:\/\/www.24baires.com\/?p=61582"},"modified":"2015-02-12T10:28:19","modified_gmt":"2015-02-12T13:28:19","slug":"el-gobierno-le-detallara-a-la-uia-los-acuerdos-con-china","status":"publish","type":"post","link":"http:\/\/www.24baires.com\/?p=61582","title":{"rendered":"El Gobierno le detallar\u00e1 a la UIA los acuerdos con China"},"content":{"rendered":"<p><img data-recalc-dims=\"1\" loading=\"lazy\" decoding=\"async\" class=\"aligncenter size-full wp-image-53422\" src=\"https:\/\/i0.wp.com\/www.24baires.com\/wp-content\/uploads\/2014\/09\/capitanich1.jpg?resize=560%2C420\" alt=\"capitanich\" width=\"560\" height=\"420\" srcset=\"https:\/\/i0.wp.com\/www.24baires.com\/wp-content\/uploads\/2014\/09\/capitanich1.jpg?w=560 560w, https:\/\/i0.wp.com\/www.24baires.com\/wp-content\/uploads\/2014\/09\/capitanich1.jpg?resize=300%2C225 300w\" sizes=\"auto, (max-width: 560px) 100vw, 560px\" \/>Lo anunci\u00f3 esta ma\u00f1ana el jefe de Gabinete, quien detall\u00f3 que el encuentro tendr\u00e1 lugar el viernes y asistir\u00e1n y los ministros Axel Kicillof (Econom\u00eda), Julio De Vido (Planificaci\u00f3n Federal) y D\u00e9bora Giorgi (Industria).<!--more--><\/p>\n<p>As\u00ed lo consign\u00f3 esta ma\u00f1ana el jefe de ministros en su habitual conferencia de prensa en la Casa de Gobierno, en las que consign\u00f3 que la presidenta Cristina Fern\u00e1ndez de Kirchner instruy\u00f3 la coordinaci\u00f3n de un encuentro con los industriales, que se concretar\u00e1 con la presencia de Capitanich, y los ministros Axel Kicillof (Econom\u00eda), Julio De Vido (Planificaci\u00f3n Federal) y D\u00e9bora Giorgi (Industria).<\/p>\n","protected":false},"excerpt":{"rendered":"<p>Lo anunci\u00f3 esta ma\u00f1ana el jefe de Gabinete, quien detall\u00f3 que el encuentro tendr\u00e1 lugar el viernes y asistir\u00e1n y los ministros Axel Kicillof (Econom\u00eda), Julio De Vido (Planificaci\u00f3n Federal) y D\u00e9bora Giorgi (Industria).<\/p>\n","protected":false},"author":4,"featured_media":0,"comment_status":"open","ping_status":"open","sticky":false,"template":"","format":"standard","meta":{"_jetpack_newsletter_access":"","_jetpack_dont_email_post_to_subs":false,"_jetpack_newsletter_tier_id":0,"_jetpack_memberships_contains_paywalled_content":false,"_jetpack_memberships_contains_paid_content":false,"footnotes":""},"categories":[51],"tags":[],"class_list":["post-61582","post","type-post","status-publish","format-standard","hentry","category-politica"],"jetpack_shortlink":"https:\/\/wp.me\/p2JWE0-g1g","jetpack-related-posts":[{"id":41719,"url":"http:\/\/www.24baires.com\/?p=41719","url_meta":{"origin":61582,"position":0},"title":"Por m\u00e1s y mejor di\u00e1logo: Cristina se reuni\u00f3 con autoridades de la UIA","author":"Grupo Sierra","date":"07\/03\/2014","format":false,"excerpt":"La jefa de Estado recibi\u00f3 al Presidente de la Uni\u00f3n Industrial Argentina. Participaron Jorge Capitanich, Axel Kicillof, Julio De Vido y D\u00e9bora Giorgi. Los industriales manifestaron preocupaci\u00f3n por la inflaci\u00f3n, las paritarias, entre otros temas. Posteriormente la Presidenta recibi\u00f3 a los Gobernadores Jorge Sapag (Neuqu\u00e9n), Alberto Weretilneck (R\u00edo Negro) y\u2026","rel":"","context":"En \u00abPol\u00edtica\u00bb","block_context":{"text":"Pol\u00edtica","link":"http:\/\/www.24baires.com\/?cat=51"},"img":{"alt_text":"","src":"https:\/\/i0.wp.com\/www.24baires.com\/wp-content\/uploads\/2014\/03\/cristina1.jpg?resize=350%2C200","width":350,"height":200},"classes":[]},{"id":35677,"url":"http:\/\/www.24baires.com\/?p=35677","url_meta":{"origin":61582,"position":1},"title":"Capitanich y Sileoni se reunieron para trabajar en \u00abuna agenda abierta\u00bb","author":"GB","date":"24\/11\/2013","format":false,"excerpt":"El jefe de Gabinete, Jorge Capitanich, mantuvo esta ma\u00f1ana una reuni\u00f3n en Casa de Gobierno con el ministro de Educaci\u00f3n, Alberto Sileoni, para \"trabajar en una agenda abierta de temas\". As\u00ed lo inform\u00f3 Capitanich a trav\u00e9s de su cuenta oficial de Twitter @jmcapitanich, donde adem\u00e1s se\u00f1al\u00f3 que el objetivo de\u2026","rel":"","context":"En \u00abPol\u00edtica\u00bb","block_context":{"text":"Pol\u00edtica","link":"http:\/\/www.24baires.com\/?cat=51"},"img":{"alt_text":"","src":"","width":0,"height":0},"classes":[]},{"id":60226,"url":"http:\/\/www.24baires.com\/?p=60226","url_meta":{"origin":61582,"position":2},"title":"Mar del Plata: Precandidatos, funcionarios y la pelea por un lugar en la apertura de la Expoindustria","author":"Grupo Sierra","date":"16\/01\/2015","format":false,"excerpt":"La inauguraci\u00f3n de la tercera edici\u00f3n de la muestra cont\u00f3 con los ministros nacionales Axel Kicillof (Econom\u00eda) y D\u00e9bora Giorgi (Industria); el Jefe de Gabinete, Jorge Capitanich, el Presidente de la C\u00e1mara de Diputados de la Naci\u00f3n, Juli\u00e1n Dom\u00ednguez; los ministros Florencio Randazzo (Interior y Transporte) y Agust\u00edn Rossi (Defensa);\u2026","rel":"","context":"En \u00abLocales\u00bb","block_context":{"text":"Locales","link":"http:\/\/www.24baires.com\/?cat=38"},"img":{"alt_text":"","src":"https:\/\/i0.wp.com\/www.24baires.com\/wp-content\/uploads\/2015\/01\/ScioliExpoInd02.jpg?resize=350%2C200","width":350,"height":200,"srcset":"https:\/\/i0.wp.com\/www.24baires.com\/wp-content\/uploads\/2015\/01\/ScioliExpoInd02.jpg?resize=350%2C200 1x, https:\/\/i0.wp.com\/www.24baires.com\/wp-content\/uploads\/2015\/01\/ScioliExpoInd02.jpg?resize=525%2C300 1.5x"},"classes":[]},{"id":71467,"url":"http:\/\/www.24baires.com\/?p=71467","url_meta":{"origin":61582,"position":3},"title":"Scioli asegur\u00f3 que, si llega a Presidente, las pymes \u00abtendr\u00e1n un rol central\u00bb","author":"AF","date":"01\/09\/2015","format":false,"excerpt":"El candidato presidencial del Frente para la Victoria y gobernador bonaerense, Daniel Scioli, asegur\u00f3 que dar\u00e1 a las peque\u00f1as y medianas empresas \"todas las herramientas financieras\" necesarias. \"La pr\u00f3xima etapa es la de la gran agenda del desarrollo argentino y ustedes -las pymes- van a tener un rol central. Les\u2026","rel":"","context":"En \u00abPol\u00edtica\u00bb","block_context":{"text":"Pol\u00edtica","link":"http:\/\/www.24baires.com\/?cat=51"},"img":{"alt_text":"scioli cierre campa\u00f1a","src":"https:\/\/i0.wp.com\/www.24baires.com\/wp-content\/uploads\/2015\/08\/scioli-cierre-campa%C3%B1a.jpg?resize=350%2C200","width":350,"height":200,"srcset":"https:\/\/i0.wp.com\/www.24baires.com\/wp-content\/uploads\/2015\/08\/scioli-cierre-campa%C3%B1a.jpg?resize=350%2C200 1x, https:\/\/i0.wp.com\/www.24baires.com\/wp-content\/uploads\/2015\/08\/scioli-cierre-campa%C3%B1a.jpg?resize=525%2C300 1.5x"},"classes":[]},{"id":35596,"url":"http:\/\/www.24baires.com\/?p=35596","url_meta":{"origin":61582,"position":4},"title":"Enviaron a la C\u00e1mara baja el proyecto para aumentar impuestos a bienes de lujo","author":"GB","date":"22\/11\/2013","format":false,"excerpt":"Con la firma de la presidenta Cristina Fern\u00e1ndez de Kirchner y funcionarios, se envi\u00f3 a la C\u00e1mara Baja una iniciativa que busca aumentar los impuestos internos de bienes de alto valor. \"Quienes van a adquirir bienes lujosos naturalmente deber\u00e1n pagar m\u00e1s, esa es la \u00fanica meta que tiene el Gobierno\u2026","rel":"","context":"En \u00abPol\u00edtica\u00bb","block_context":{"text":"Pol\u00edtica","link":"http:\/\/www.24baires.com\/?cat=51"},"img":{"alt_text":"diputados5","src":"https:\/\/i0.wp.com\/www.24baires.com\/wp-content\/uploads\/2012\/11\/diputados5.jpg?resize=350%2C200","width":350,"height":200,"srcset":"https:\/\/i0.wp.com\/www.24baires.com\/wp-content\/uploads\/2012\/11\/diputados5.jpg?resize=350%2C200 1x, https:\/\/i0.wp.com\/www.24baires.com\/wp-content\/uploads\/2012\/11\/diputados5.jpg?resize=525%2C300 1.5x"},"classes":[]},{"id":50493,"url":"http:\/\/www.24baires.com\/?p=50493","url_meta":{"origin":61582,"position":5},"title":"La UIA critic\u00f3 al Gobierno y Giorgi sali\u00f3 al cruce","author":"Grupo Sierra","date":"24\/07\/2014","format":false,"excerpt":"La ministra de Industria respondi\u00f3 los dichos del presidente de la Uni\u00f3n Industrial Argentina (UIA), H\u00e9ctor M\u00e9ndez, y afirm\u00f3 que el titular de la entidad \"sin dudas, entiende al di\u00e1logo social como un sistema de intercambio de prebendas, en el cual ganan siempre los incompetentes que fueron funcionales a la\u2026","rel":"","context":"En \u00abPol\u00edtica\u00bb","block_context":{"text":"Pol\u00edtica","link":"http:\/\/www.24baires.com\/?cat=51"},"img":{"alt_text":"giorgi d\u00e9bora","src":"https:\/\/i0.wp.com\/www.24baires.com\/wp-content\/uploads\/2013\/06\/giorgi-d%C3%A9bora.jpg?resize=350%2C200","width":350,"height":200,"srcset":"https:\/\/i0.wp.com\/www.24baires.com\/wp-content\/uploads\/2013\/06\/giorgi-d%C3%A9bora.jpg?resize=350%2C200 1x, https:\/\/i0.wp.com\/www.24baires.com\/wp-content\/uploads\/2013\/06\/giorgi-d%C3%A9bora.jpg?resize=525%2C300 1.5x"},"classes":[]}],"jetpack_sharing_enabled":true,"jetpack_likes_enabled":true,"jetpack_featured_media_url":"","_links":{"self":[{"href":"http:\/\/www.24baires.com\/index.php?rest_route=\/wp\/v2\/posts\/61582","targetHints":{"allow":["GET"]}}],"collection":[{"href":"http:\/\/www.24baires.com\/index.php?rest_route=\/wp\/v2\/posts"}],"about":[{"href":"http:\/\/www.24baires.com\/index.php?rest_route=\/wp\/v2\/types\/post"}],"author":[{"embeddable":true,"href":"http:\/\/www.24baires.com\/index.php?rest_route=\/wp\/v2\/users\/4"}],"replies":[{"embeddable":true,"href":"http:\/\/www.24baires.com\/index.php?rest_route=%2Fwp%2Fv2%2Fcomments&post=61582"}],"version-history":[{"count":1,"href":"http:\/\/www.24baires.com\/index.php?rest_route=\/wp\/v2\/posts\/61582\/revisions"}],"predecessor-version":[{"id":61583,"href":"http:\/\/www.24baires.com\/index.php?rest_route=\/wp\/v2\/posts\/61582\/revisions\/61583"}],"wp:attachment":[{"href":"http:\/\/www.24baires.com\/index.php?rest_route=%2Fwp%2Fv2%2Fmedia&parent=61582"}],"wp:term":[{"taxonomy":"category","embeddable":true,"href":"http:\/\/www.24baires.com\/index.php?rest_route=%2Fwp%2Fv2%2Fcategories&post=61582"},{"taxonomy":"post_tag","embeddable":true,"href":"http:\/\/www.24baires.com\/index.php?rest_route=%2Fwp%2Fv2%2Ftags&post=61582"}],"curies":[{"name":"wp","href":"https:\/\/api.w.org\/{rel}","templated":true}]}}