{"id":61579,"date":"2015-02-10T21:35:26","date_gmt":"2015-02-11T00:35:26","guid":{"rendered":"http:\/\/www.24baires.com\/?p=61579"},"modified":"2015-02-10T19:56:44","modified_gmt":"2015-02-10T22:56:44","slug":"randazzo-denuncia-un-ataque-de-los-fondos-buitre-con-respecto-a-su-patrimonio","status":"publish","type":"post","link":"http:\/\/www.24baires.com\/?p=61579","title":{"rendered":"Randazzo denuncia un \u00abataque de los fondos buitre\u00bb con respecto a su patrimonio"},"content":{"rendered":"<p><img data-recalc-dims=\"1\" loading=\"lazy\" decoding=\"async\" class=\"aligncenter size-full wp-image-55962\" src=\"https:\/\/i0.wp.com\/www.24baires.com\/wp-content\/uploads\/2014\/10\/randazzo-tres.jpg?resize=560%2C344\" alt=\"randazzo-tres\" width=\"560\" height=\"344\" srcset=\"https:\/\/i0.wp.com\/www.24baires.com\/wp-content\/uploads\/2014\/10\/randazzo-tres.jpg?w=560 560w, https:\/\/i0.wp.com\/www.24baires.com\/wp-content\/uploads\/2014\/10\/randazzo-tres.jpg?resize=300%2C184 300w\" sizes=\"auto, (max-width: 560px) 100vw, 560px\" \/>El Ministro del Interior y Transporte explic\u00f3 un incremento patrimonial que los llamados \u201cFondos Buitre\u201d salieron a denunciar por distintos medios. Atribuy\u00f3 un 85% del crecimiento al reval\u00fao de la Provincia sobre sus propiedades y denunci\u00f3 un \u201cataque\u201d con \u201cinformaci\u00f3n mentirosa y tergiversada\u201d. Y volvi\u00f3 a tildar a Scioli, Massa y Macri de \u201ccandidatos de los fondos buitre\u201d.<!--more--><\/p>\n<p>El ministro del Interior y Transporte, Florencio Randazzo, sali\u00f3 esta tarde al cruce de lo que calific\u00f3 como un \u201cataque\u201d de los fondos buitre, corporizado en una serie de notas period\u00edsticas en las que se da cuenta de un aumento de su patrimonio, que se encarg\u00f3 de explicar en detalle.<\/p>\n<p>En conferencia de prensa, Randazzo habl\u00f3 de un \u201cataque\u201d de Paul Singer y sus secuaces, con \u201cinformaci\u00f3n mentirosa y tergiversada\u201d. \u201cYo presento Declaraci\u00f3n Jurada desde 1993, pago ganancias y matr\u00edcula como contador p\u00fablico desde 1989, pago Ingresos Brutos por otras actividades gravadas, independientemente del salario, desde 1994\u201d, cont\u00f3.<\/p>\n<p>\u201cVivo en una casa de un barrio medio de La Plata, no vivo en ning\u00fan country, veraneo desde hace muchos a\u00f1os en la misma casa de Valeria del Mar, mi familia y mi mujer han viajado una sola vez a Orlando, el a\u00f1o pasado, en clase turista\u201d, dijo, y exhort\u00f3 a los candidatos presidenciales de las otras fuerzas \u201cy de la propia\u201d a responder las mismas preguntas.<\/p>\n<p>\u201cHay un aumento en las valuaciones fiscales de bienes que tengo radicados en la Provincia que explican el 85% del incremento patrimonial\u201d, dijo, tirando por elevaci\u00f3n contra la administraci\u00f3n Scioli, tras lo cual cit\u00f3 un art\u00edculo period\u00edstico en el que se consigna que \u201cScioli, Massa y Macri\u201d son los candidatos de los fondos buitres.<\/p>\n<p>\u201cNo tengo ninguna causa por enriquecimiento il\u00edcito, cuando fui difamado inici\u00e9 yo las causas para llegar a la verdad, gan\u00e9 en primera y en segunda instancia\u201d, continu\u00f3 Randazzo, e insisti\u00f3: \u201cNo tengo nada que ocultar, mi declaraci\u00f3n jurada es p\u00fablica. Hay una intencionalidad de estos delincuentes que quieren lucrar con el esfuerzo del pueblo argentino\u201d.<\/p>\n<p>Randazzo record\u00f3 adem\u00e1s la demanda iniciada y ganada en primera y en segunda instancia contra un productor rural que le atribuy\u00f3 una serie de propiedades y abund\u00f3 sobre un pedido de la fiscal\u00eda para que muestre \u201cinformaci\u00f3n reservada\u201d de su DDJJ.<\/p>\n<p>&nbsp;<\/p>\n<p>&nbsp;<\/p>\n","protected":false},"excerpt":{"rendered":"<p>El Ministro del Interior y Transporte explic\u00f3 un incremento patrimonial que los llamados \u201cFondos Buitre\u201d salieron a denunciar por distintos medios. Atribuy\u00f3 un 85% del crecimiento al reval\u00fao de la Provincia sobre sus propiedades y denunci\u00f3 un \u201cataque\u201d con \u201cinformaci\u00f3n mentirosa y tergiversada\u201d. Y volvi\u00f3 a tildar a Scioli, Massa y Macri de \u201ccandidatos de los fondos buitre\u201d.<\/p>\n","protected":false},"author":11,"featured_media":0,"comment_status":"open","ping_status":"open","sticky":false,"template":"","format":"standard","meta":{"_jetpack_newsletter_access":"","_jetpack_dont_email_post_to_subs":false,"_jetpack_newsletter_tier_id":0,"_jetpack_memberships_contains_paywalled_content":false,"_jetpack_memberships_contains_paid_content":false,"footnotes":""},"categories":[51],"tags":[],"class_list":["post-61579","post","type-post","status-publish","format-standard","hentry","category-politica"],"jetpack_shortlink":"https:\/\/wp.me\/p2JWE0-g1d","jetpack-related-posts":[{"id":53835,"url":"http:\/\/www.24baires.com\/?p=53835","url_meta":{"origin":61579,"position":0},"title":"\u00abLa suba del d\u00f3lar blue es un plan especulativo de los buitres\u00bb, afirm\u00f3 Kicillof","author":"GB","date":"17\/09\/2014","format":false,"excerpt":"El ministro de Econom\u00eda advirti\u00f3 que la suba del d\u00f3lar ilegal forma parte de un \"plan especulativo\" de parte de los fondos buitres, que implican tambi\u00e9n ataques a la presidenta Cristina Fern\u00e1ndez de Kirchner, y que su principal objetivo es forzar una devaluaci\u00f3n de la moneda. \"No es casual el\u2026","rel":"","context":"En \u00abEconom\u00eda\u00bb","block_context":{"text":"Econom\u00eda","link":"http:\/\/www.24baires.com\/?cat=45"},"img":{"alt_text":"kicillof2","src":"https:\/\/i0.wp.com\/www.24baires.com\/wp-content\/uploads\/2014\/01\/kicillof2.jpg?resize=350%2C200","width":350,"height":200,"srcset":"https:\/\/i0.wp.com\/www.24baires.com\/wp-content\/uploads\/2014\/01\/kicillof2.jpg?resize=350%2C200 1x, https:\/\/i0.wp.com\/www.24baires.com\/wp-content\/uploads\/2014\/01\/kicillof2.jpg?resize=525%2C300 1.5x"},"classes":[]},{"id":51909,"url":"http:\/\/www.24baires.com\/?p=51909","url_meta":{"origin":61579,"position":1},"title":"Solicitan una investigaci\u00f3n de los fondos buitre desde la asesor\u00eda en DDHH de la ONU","author":"Grupo Sierra","date":"16\/08\/2014","format":false,"excerpt":"El Comit\u00e9 Asesor del Consejo de Derechos Humanos de Naciones Unidas recomend\u00f3 por unanimidad realizar \"una investigaci\u00f3n profunda sobre las actividad de los fondos buitre\", a ra\u00edz de lo que se interpret\u00f3 como \"un ataque de especuladores\" sufrido por la Argentina. La Canciller\u00eda inform\u00f3 que el \u00f3rgano de expertos en\u2026","rel":"","context":"En \u00abEconom\u00eda\u00bb","block_context":{"text":"Econom\u00eda","link":"http:\/\/www.24baires.com\/?cat=45"},"img":{"alt_text":"fondos buitre","src":"https:\/\/i0.wp.com\/www.24baires.com\/wp-content\/uploads\/2013\/11\/fondos-buitre-300x197.png?resize=350%2C200","width":350,"height":200},"classes":[]},{"id":33960,"url":"http:\/\/www.24baires.com\/?p=33960","url_meta":{"origin":61579,"position":2},"title":"Randazzo: \u00abel sistema de detenci\u00f3n autom\u00e1tica de trenes est\u00e1 en proceso de fabricaci\u00f3n\u00bb","author":"GB","date":"22\/10\/2013","format":false,"excerpt":"El ministro del Interior y Transporte, Florencio Randazzo, recalc\u00f3 que \"el 17 de julio pasado se firm\u00f3 el contrato para la instalaci\u00f3n del sistema de paratr\u00e9n autom\u00e1tico que estar\u00e1 funcionando en febrero pr\u00f3ximo\". El ministro del Interior y Transporte, Florencio Randazzo, afirm\u00f3 hoy que \"el sistema de detenci\u00f3n autom\u00e1tica de\u2026","rel":"","context":"En \u00abSociedad\u00bb","block_context":{"text":"Sociedad","link":"http:\/\/www.24baires.com\/?cat=1"},"img":{"alt_text":"randazzo","src":"https:\/\/i0.wp.com\/www.24baires.com\/wp-content\/uploads\/2013\/10\/randazzo.jpg?resize=350%2C200","width":350,"height":200,"srcset":"https:\/\/i0.wp.com\/www.24baires.com\/wp-content\/uploads\/2013\/10\/randazzo.jpg?resize=350%2C200 1x, https:\/\/i0.wp.com\/www.24baires.com\/wp-content\/uploads\/2013\/10\/randazzo.jpg?resize=525%2C300 1.5x"},"classes":[]},{"id":4262,"url":"http:\/\/www.24baires.com\/?p=4262","url_meta":{"origin":61579,"position":3},"title":"Randazzo aclar\u00f3 que el tren que tard\u00f3 12 horas a Mar del Plata es un \u00abservicio de la Provincia\u00bb","author":"AF","date":"03\/11\/2012","format":false,"excerpt":"Florencio Randazzo sali\u00f3 al cruce de versiones period\u00edsticas y aclar\u00f3 que el tren que se dirig\u00eda a Mar del Plata y sufri\u00f3 demoras \u201cnada tiene que ver con un servicio que presta el Gobierno nacional\u201d. \u201cCon su habitual mala intenci\u00f3n, aparece una nota publicada en el diario Clar\u00edn en la\u2026","rel":"","context":"En \u00abPol\u00edtica\u00bb","block_context":{"text":"Pol\u00edtica","link":"http:\/\/www.24baires.com\/?cat=51"},"img":{"alt_text":"","src":"https:\/\/i0.wp.com\/www.24baires.com\/wp-content\/uploads\/2012\/11\/randazzo-300x179.jpg?resize=350%2C200","width":350,"height":200},"classes":[]},{"id":50918,"url":"http:\/\/www.24baires.com\/?p=50918","url_meta":{"origin":61579,"position":4},"title":"Randazzo: \u00abNo vamos a pagar a costa del pueblo argentino\u00bb","author":"GB","date":"31\/07\/2014","format":false,"excerpt":"El ministro de Interior y Transporte afirm\u00f3 que \"el pa\u00eds va a honrar su deuda cuando corresponda\". Randazzo cuestion\u00f3 a los que aseguran que Argentina est\u00e1 en default y recomend\u00f3 a la oposici\u00f3n \"plantearse cu\u00e1l fue su actitud y su responsabilidad ante este nivel de endeudamiento al que llevaron a\u2026","rel":"","context":"En \u00abPol\u00edtica\u00bb","block_context":{"text":"Pol\u00edtica","link":"http:\/\/www.24baires.com\/?cat=51"},"img":{"alt_text":"randazzo noteros","src":"https:\/\/i0.wp.com\/www.24baires.com\/wp-content\/uploads\/2014\/06\/randazzo-noteros-300x199.jpg?resize=350%2C200","width":350,"height":200},"classes":[]},{"id":53898,"url":"http:\/\/www.24baires.com\/?p=53898","url_meta":{"origin":61579,"position":5},"title":"Cristina denunci\u00f3 un \u00abataque permanente\u00bb tras la restricci\u00f3n de American Airlines","author":"Grupo Sierra","date":"18\/09\/2014","format":false,"excerpt":"La Presidenta cuestion\u00f3 la limitaci\u00f3n de ventas de dicha l\u00ednea a\u00e9rea porque busca \"asustar o enojar\" a la gente. Explic\u00f3 que no existen \"restricciones normativas\" para que las empresas que comercializan pasajes giren divisas al exterior y vincul\u00f3 esa decisi\u00f3n empresaria con el hostigamiento contra la Argentina \"que encabeza Thomas\u2026","rel":"","context":"En \u00abGeneral\u00bb","block_context":{"text":"General","link":"http:\/\/www.24baires.com\/?cat=67"},"img":{"alt_text":"cristina twitter 2013","src":"https:\/\/i0.wp.com\/www.24baires.com\/wp-content\/uploads\/2013\/09\/cristina-twitter-2013.jpg?resize=350%2C200","width":350,"height":200,"srcset":"https:\/\/i0.wp.com\/www.24baires.com\/wp-content\/uploads\/2013\/09\/cristina-twitter-2013.jpg?resize=350%2C200 1x, https:\/\/i0.wp.com\/www.24baires.com\/wp-content\/uploads\/2013\/09\/cristina-twitter-2013.jpg?resize=525%2C300 1.5x"},"classes":[]}],"jetpack_sharing_enabled":true,"jetpack_likes_enabled":true,"jetpack_featured_media_url":"","_links":{"self":[{"href":"http:\/\/www.24baires.com\/index.php?rest_route=\/wp\/v2\/posts\/61579","targetHints":{"allow":["GET"]}}],"collection":[{"href":"http:\/\/www.24baires.com\/index.php?rest_route=\/wp\/v2\/posts"}],"about":[{"href":"http:\/\/www.24baires.com\/index.php?rest_route=\/wp\/v2\/types\/post"}],"author":[{"embeddable":true,"href":"http:\/\/www.24baires.com\/index.php?rest_route=\/wp\/v2\/users\/11"}],"replies":[{"embeddable":true,"href":"http:\/\/www.24baires.com\/index.php?rest_route=%2Fwp%2Fv2%2Fcomments&post=61579"}],"version-history":[{"count":1,"href":"http:\/\/www.24baires.com\/index.php?rest_route=\/wp\/v2\/posts\/61579\/revisions"}],"predecessor-version":[{"id":61580,"href":"http:\/\/www.24baires.com\/index.php?rest_route=\/wp\/v2\/posts\/61579\/revisions\/61580"}],"wp:attachment":[{"href":"http:\/\/www.24baires.com\/index.php?rest_route=%2Fwp%2Fv2%2Fmedia&parent=61579"}],"wp:term":[{"taxonomy":"category","embeddable":true,"href":"http:\/\/www.24baires.com\/index.php?rest_route=%2Fwp%2Fv2%2Fcategories&post=61579"},{"taxonomy":"post_tag","embeddable":true,"href":"http:\/\/www.24baires.com\/index.php?rest_route=%2Fwp%2Fv2%2Ftags&post=61579"}],"curies":[{"name":"wp","href":"https:\/\/api.w.org\/{rel}","templated":true}]}}