{"id":61574,"date":"2015-02-10T20:33:34","date_gmt":"2015-02-10T23:33:34","guid":{"rendered":"http:\/\/www.24baires.com\/?p=61574"},"modified":"2015-02-10T19:52:59","modified_gmt":"2015-02-10T22:52:59","slug":"el-mensaje-de-scioli-al-gabinete-intensifiquen-la-gestion","status":"publish","type":"post","link":"http:\/\/www.24baires.com\/?p=61574","title":{"rendered":"El mensaje de Scioli al Gabinete: \u00abIntensifiquen la gesti\u00f3n\u00bb"},"content":{"rendered":"<p><img data-recalc-dims=\"1\" loading=\"lazy\" decoding=\"async\" class=\"aligncenter size-full wp-image-60813\" src=\"https:\/\/i0.wp.com\/www.24baires.com\/wp-content\/uploads\/2015\/01\/scioli-1.jpg?resize=560%2C306\" alt=\"scioli 1\" width=\"560\" height=\"306\" srcset=\"https:\/\/i0.wp.com\/www.24baires.com\/wp-content\/uploads\/2015\/01\/scioli-1.jpg?w=560 560w, https:\/\/i0.wp.com\/www.24baires.com\/wp-content\/uploads\/2015\/01\/scioli-1.jpg?resize=300%2C164 300w\" sizes=\"auto, (max-width: 560px) 100vw, 560px\" \/>El gobernador bonaerense junto al vicegobernador Gabriel Mariotto, reuni\u00f3 hoy a todo su gabinete para la planificaci\u00f3n de acciones que se llevar\u00e1n adelante hasta el final de su mandato.<!--more--><\/p>\n<p>El gobernador bonaerense, Daniel Scioli, destac\u00f3: \u00abEl desaf\u00edo pol\u00edtico y electoral que afrontamos requiere que intensifiquemos la gesti\u00f3n provincial a partir de una visi\u00f3n estrat\u00e9gica expresada en las pol\u00edticas p\u00fablicas que venimos llevando adelante hace m\u00e1s de siete a\u00f1os\u00bb.<\/p>\n<p>En la reuni\u00f3n de trabajo se repasaron los logros de gesti\u00f3n y se avanz\u00f3 en la agenda de acciones para los pr\u00f3ximos meses, con la seguridad, la educaci\u00f3n, la salud y la infraestructura vial como ejes.<\/p>\n<p>\u00abSiento que el Operativo Sol sintetiz\u00f3 la planificaci\u00f3n, la organizaci\u00f3n y el compromiso de cada una de las \u00e1reas de gobierno, con resultados contundentes\u00bb, expres\u00f3 el gobernador.<\/p>\n<p>En esa l\u00ednea, anticip\u00f3 la creaci\u00f3n de una unidad de investigaciones y una unidad antinarc\u00f3ticos de la Polic\u00eda de la Provincia para cada distrito, que implicar\u00e1 que cada municipio tenga su propia unidad para combatir el narcotr\u00e1fico (DDA) y una Direcci\u00f3n Departamental de Investigaciones, pasando de 40 DDI en toda la provincia a 135.<\/p>\n<p>\u00abInspirados en la experiencia del Operativo Sol ahora encaramos el Operativo Escuelas para garantizar, conjuntamente con las reuniones paritarias salariales y t\u00e9cnicas que mantenemos con los sectores docentes, un inicio de ciclo lectivo de calidad y cumpliendo con el calendario escolar\u00bb, detall\u00f3 Scioli.<\/p>\n<p>En materia de salud, el ministro Alejandro Collia dio cuenta de la pr\u00f3xima inauguraci\u00f3n de otras 11 UPA&#8217;s (Unidades de Pronta Atenci\u00f3n), que \u00abhan dado resultados exitosos contundentes en las ocho que ya funcionan\u00bb y repas\u00f3 logros como la baja hist\u00f3rica de la mortalidad infantil, la Ley de Fertilidad y el equipamiento de los hospitales p\u00fablicos, entre otros.<\/p>\n<p>En cuanto a la infraestructura vial, Scioli y el ministro Alejandro Arl\u00eda ponderaron la construcci\u00f3n del tercer carril de la Autopista Buenos Aires-La Plata, luego de recuperar su administraci\u00f3n, la nueva autov\u00eda de la ruta 6, as\u00ed como las rutas 41, 47, 65, 51 y 20, entre otras.<\/p>\n<p>&nbsp;<\/p>\n<p>&nbsp;<\/p>\n<p>&nbsp;<\/p>\n","protected":false},"excerpt":{"rendered":"<p>El gobernador bonaerense junto al vicegobernador Gabriel Mariotto, reuni\u00f3 hoy a todo su gabinete para la planificaci\u00f3n de acciones que se llevar\u00e1n adelante hasta el final de su mandato.<\/p>\n","protected":false},"author":11,"featured_media":0,"comment_status":"open","ping_status":"open","sticky":false,"template":"","format":"standard","meta":{"_jetpack_newsletter_access":"","_jetpack_dont_email_post_to_subs":false,"_jetpack_newsletter_tier_id":0,"_jetpack_memberships_contains_paywalled_content":false,"_jetpack_memberships_contains_paid_content":false,"footnotes":""},"categories":[51],"tags":[],"class_list":["post-61574","post","type-post","status-publish","format-standard","hentry","category-politica"],"jetpack_shortlink":"https:\/\/wp.me\/p2JWE0-g18","jetpack-related-posts":[{"id":61586,"url":"http:\/\/www.24baires.com\/?p=61586","url_meta":{"origin":61574,"position":0},"title":"Crear\u00e1n una unidad antinarc\u00f3ticos en cada distrito bonaerense","author":"AF","date":"11\/02\/2015","format":false,"excerpt":"El gobernador Daniel Scioli, junto al vicegobernador Gabriel Mariotto, reuni\u00f3 este martes en Casa de Gobierno a todo su gabinete para la planificaci\u00f3n \u00e1rea por \u00e1rea de las acciones que se llevar\u00e1n adelante hasta el final de su mandato. \"El desaf\u00edo pol\u00edtico y electoral que afrontamos requiere que intensifiquemos la\u2026","rel":"","context":"En \u00abMunicipios\u00bb","block_context":{"text":"Municipios","link":"http:\/\/www.24baires.com\/?cat=44"},"img":{"alt_text":"gabinete","src":"https:\/\/i0.wp.com\/www.24baires.com\/wp-content\/uploads\/2015\/02\/gabinete.png?resize=350%2C200","width":350,"height":200},"classes":[]},{"id":102717,"url":"http:\/\/www.24baires.com\/?p=102717","url_meta":{"origin":61574,"position":1},"title":"Stolbizer: \u00abLa gesti\u00f3n de Vidal es tan mala como la de Scioli\u00bb","author":"GB","date":"13\/06\/2018","format":false,"excerpt":"La l\u00edder del GEN endureci\u00f3 su discurso contra la Gobernadora y afirm\u00f3 que \"no puede mostrar avances\" en educaci\u00f3n, salud y seguridad. Margarita Stolbizer abandon\u00f3 el discurso conciliador con Mar\u00eda Eugenia Vidal y afirm\u00f3 que su gesti\u00f3n \"es tan mala\" como la de su antecesor Daniel Scioli. Durante una visita\u2026","rel":"","context":"En \u00abPol\u00edtica\u00bb","block_context":{"text":"Pol\u00edtica","link":"http:\/\/www.24baires.com\/?cat=51"},"img":{"alt_text":"","src":"https:\/\/i0.wp.com\/www.24baires.com\/wp-content\/uploads\/2016\/08\/vidal-stolbizer.jpg?resize=350%2C200","width":350,"height":200,"srcset":"https:\/\/i0.wp.com\/www.24baires.com\/wp-content\/uploads\/2016\/08\/vidal-stolbizer.jpg?resize=350%2C200 1x, https:\/\/i0.wp.com\/www.24baires.com\/wp-content\/uploads\/2016\/08\/vidal-stolbizer.jpg?resize=525%2C300 1.5x"},"classes":[]},{"id":101122,"url":"http:\/\/www.24baires.com\/?p=101122","url_meta":{"origin":61574,"position":2},"title":"Indagar\u00e1n a Scioli por irregularidades en la construcci\u00f3n de las UPA 24","author":"AF","date":"17\/03\/2018","format":false,"excerpt":"El ex gobernador Daniel Scioli y quien fuera su ministro de Salud, Alejandro Collia, fueron imputados y citados a prestar declaraci\u00f3n indagatoria en el marco de una causa que investiga presuntas irregularidades en la adjudicaci\u00f3n de ocho Unidades de Pronta Atenci\u00f3n (UPA 24) para las que se destinaron m\u00e1s de\u2026","rel":"","context":"En \u00abJUDICIALES\u00bb","block_context":{"text":"JUDICIALES","link":"http:\/\/www.24baires.com\/?cat=68"},"img":{"alt_text":"","src":"https:\/\/i0.wp.com\/www.24baires.com\/wp-content\/uploads\/2014\/05\/Daniel-Scioli.jpg?resize=350%2C200","width":350,"height":200,"srcset":"https:\/\/i0.wp.com\/www.24baires.com\/wp-content\/uploads\/2014\/05\/Daniel-Scioli.jpg?resize=350%2C200 1x, https:\/\/i0.wp.com\/www.24baires.com\/wp-content\/uploads\/2014\/05\/Daniel-Scioli.jpg?resize=525%2C300 1.5x"},"classes":[]},{"id":100134,"url":"http:\/\/www.24baires.com\/?p=100134","url_meta":{"origin":61574,"position":3},"title":"La Provincia prev\u00e9 una dura negociaci\u00f3n con los gremios docentes","author":"GB","date":"24\/01\/2018","format":false,"excerpt":"En el gobierno bonaerense afirman que \"no hay ni piso ni techo\" para la paritaria; avanzan en la \"depuraci\u00f3n\" de las afiliaciones de los sindicatos que agrupan a maestros y profesores Volvi\u00f3 descansada y feliz de Villa La Angostura. Ya de regreso en su despacho, Mar\u00eda Eugenia Vidal se pondr\u00e1\u2026","rel":"","context":"En \u00abProvincia\u00bb","block_context":{"text":"Provincia","link":"http:\/\/www.24baires.com\/?cat=40"},"img":{"alt_text":"","src":"https:\/\/i0.wp.com\/www.24baires.com\/wp-content\/uploads\/2017\/11\/docentes.jpg?resize=350%2C200","width":350,"height":200,"srcset":"https:\/\/i0.wp.com\/www.24baires.com\/wp-content\/uploads\/2017\/11\/docentes.jpg?resize=350%2C200 1x, https:\/\/i0.wp.com\/www.24baires.com\/wp-content\/uploads\/2017\/11\/docentes.jpg?resize=525%2C300 1.5x"},"classes":[]},{"id":119156,"url":"http:\/\/www.24baires.com\/?p=119156","url_meta":{"origin":61574,"position":4},"title":"Massa asumir\u00e1 como superministro de Econom\u00eda","author":"AF","date":"28\/07\/2022","format":false,"excerpt":"Alberto Fern\u00e1ndez decidi\u00f3 reorganizar las \u00e1reas econ\u00f3micas para un mejor funcionamiento, coordinaci\u00f3n y gesti\u00f3n: se unificar\u00e1n los ministerios de Econom\u00eda, Desarrollo Productivo y Agricultura, Ganader\u00eda y Pesca, que quedar\u00e1n bajo la \u00f3rbita del actual presidente de la C\u00e1mara de Diputados. Massa anunci\u00f3 que el lunes comenzar\u00e1 a designar a los\u2026","rel":"","context":"En \u00abEconom\u00eda\u00bb","block_context":{"text":"Econom\u00eda","link":"http:\/\/www.24baires.com\/?cat=45"},"img":{"alt_text":"","src":"https:\/\/i0.wp.com\/www.24baires.com\/wp-content\/uploads\/2022\/07\/6243529d100ad_900.jpg?resize=350%2C200","width":350,"height":200,"srcset":"https:\/\/i0.wp.com\/www.24baires.com\/wp-content\/uploads\/2022\/07\/6243529d100ad_900.jpg?resize=350%2C200 1x, https:\/\/i0.wp.com\/www.24baires.com\/wp-content\/uploads\/2022\/07\/6243529d100ad_900.jpg?resize=525%2C300 1.5x, https:\/\/i0.wp.com\/www.24baires.com\/wp-content\/uploads\/2022\/07\/6243529d100ad_900.jpg?resize=700%2C400 2x"},"classes":[]},{"id":103352,"url":"http:\/\/www.24baires.com\/?p=103352","url_meta":{"origin":61574,"position":5},"title":"In\u00e9dito: La Provincia no tiene opositores en los \u00f3rganos de contralor del gobierno","author":"Grupo Sierra","date":"15\/07\/2018","format":false,"excerpt":"El nombramiento de Mar\u00eda Fernanda Inza como contadora general de la Provincia, que Mar\u00eda Eugenia Vidal apur\u00f3 la semana que pas\u00f3 a favor de la mayor\u00eda que posee en el Senado y el oportuno apoyo de un representante del massismo, termin\u00f3 de consolidar una situaci\u00f3n con pocos antecedentes: todos los\u2026","rel":"","context":"En \u00abProvincia\u00bb","block_context":{"text":"Provincia","link":"http:\/\/www.24baires.com\/?cat=40"},"img":{"alt_text":"","src":"https:\/\/i0.wp.com\/www.dib.com.ar\/gestion\/images\/blogmanagement\/noticias\/thumb\/5b4b9524cb0ac1531680036.jpg?resize=350%2C200","width":350,"height":200,"srcset":"https:\/\/i0.wp.com\/www.dib.com.ar\/gestion\/images\/blogmanagement\/noticias\/thumb\/5b4b9524cb0ac1531680036.jpg?resize=350%2C200 1x, https:\/\/i0.wp.com\/www.dib.com.ar\/gestion\/images\/blogmanagement\/noticias\/thumb\/5b4b9524cb0ac1531680036.jpg?resize=525%2C300 1.5x"},"classes":[]}],"jetpack_sharing_enabled":true,"jetpack_likes_enabled":true,"jetpack_featured_media_url":"","_links":{"self":[{"href":"http:\/\/www.24baires.com\/index.php?rest_route=\/wp\/v2\/posts\/61574","targetHints":{"allow":["GET"]}}],"collection":[{"href":"http:\/\/www.24baires.com\/index.php?rest_route=\/wp\/v2\/posts"}],"about":[{"href":"http:\/\/www.24baires.com\/index.php?rest_route=\/wp\/v2\/types\/post"}],"author":[{"embeddable":true,"href":"http:\/\/www.24baires.com\/index.php?rest_route=\/wp\/v2\/users\/11"}],"replies":[{"embeddable":true,"href":"http:\/\/www.24baires.com\/index.php?rest_route=%2Fwp%2Fv2%2Fcomments&post=61574"}],"version-history":[{"count":2,"href":"http:\/\/www.24baires.com\/index.php?rest_route=\/wp\/v2\/posts\/61574\/revisions"}],"predecessor-version":[{"id":61576,"href":"http:\/\/www.24baires.com\/index.php?rest_route=\/wp\/v2\/posts\/61574\/revisions\/61576"}],"wp:attachment":[{"href":"http:\/\/www.24baires.com\/index.php?rest_route=%2Fwp%2Fv2%2Fmedia&parent=61574"}],"wp:term":[{"taxonomy":"category","embeddable":true,"href":"http:\/\/www.24baires.com\/index.php?rest_route=%2Fwp%2Fv2%2Fcategories&post=61574"},{"taxonomy":"post_tag","embeddable":true,"href":"http:\/\/www.24baires.com\/index.php?rest_route=%2Fwp%2Fv2%2Ftags&post=61574"}],"curies":[{"name":"wp","href":"https:\/\/api.w.org\/{rel}","templated":true}]}}