{"id":61526,"date":"2015-02-10T10:30:40","date_gmt":"2015-02-10T13:30:40","guid":{"rendered":"http:\/\/www.24baires.com\/?p=61526"},"modified":"2015-02-11T11:04:01","modified_gmt":"2015-02-11T14:04:01","slug":"capitanich-el-gran-problema-endemico-en-argentina-es-la-fuga-de-capitales-y-la-evasion","status":"publish","type":"post","link":"http:\/\/www.24baires.com\/?p=61526","title":{"rendered":"Capitanich: \u00abEl gran problema end\u00e9mico en Argentina es la fuga de capitales y la evasi\u00f3n\u00bb"},"content":{"rendered":"<p><img data-recalc-dims=\"1\" loading=\"lazy\" decoding=\"async\" class=\"aligncenter size-full wp-image-53421\" src=\"https:\/\/i0.wp.com\/www.24baires.com\/wp-content\/uploads\/2014\/09\/capitanich-4.jpg?resize=560%2C313\" alt=\"capitanich 4\" width=\"560\" height=\"313\" srcset=\"https:\/\/i0.wp.com\/www.24baires.com\/wp-content\/uploads\/2014\/09\/capitanich-4.jpg?w=560 560w, https:\/\/i0.wp.com\/www.24baires.com\/wp-content\/uploads\/2014\/09\/capitanich-4.jpg?resize=300%2C167 300w\" sizes=\"auto, (max-width: 560px) 100vw, 560px\" \/>El jefe de Gabinete volvi\u00f3 a reclamar a la Justicia avanzar en la causa que investiga las m\u00e1s de 4.000 cuentas no declaradas de argentinos en la sucursal de Suiza del banco HSBC.<!--more--><\/p>\n<p>El jefe de Gabinete, Jorge Capitanich, afirm\u00f3 hoy que \u00abel gran problema end\u00e9mico\u00bb de la Argentina \u00abes la fuga de capitales y la evasi\u00f3n impositiva\u00bb, y en ese marco volvi\u00f3 a reclamar a la Justicia avanzar en la causa que investiga las m\u00e1s de 4.000 cuentas no declaradas de argentinos en la sucursal de Suiza del banco HSBC.<\/p>\n<p>\u00abEse es el gran problema end\u00e9mico en la Rep\u00fablica Argentina, la fuga de capitales y la evasi\u00f3n de car\u00e1cter fiscal e impositiva\u00bb, dijo Capitanich.<\/p>\n<p>En el marco de su habitual conferencia de prensa en la Casa de Gobierno, Capitanich denunci\u00f3 que \u00abexisten c\u00e1lculos desde el punto de vista de los activos financieros en el exterior y se estima que es posible una cifra cercana a los 200.000 millones de d\u00f3lares, y esa es una cifra que tiene un impacto extraordinario desde el punto de vista de la recaudaci\u00f3n fiscal\u00bb.<\/p>\n<p>\u00abEntonces creemos que este es el gran doble mensaje que existe hoy en la Argentina: por un lado se reclaman pol\u00edticas p\u00fablicas y mecanismos de inclusi\u00f3n social, se protesta claramente cuando un Gobierno tiene un car\u00e1cter progresista y plantea la redistribuci\u00f3n del ingreso; y por otro lado existe una Justicia que no investiga los casos de fugas de capitales o de evasi\u00f3n fiscal\u00bb, indic\u00f3.<\/p>\n<p>Para Capitanich, \u00abesta es la gran asignatura pendiente. Cuando observamos una acci\u00f3n deliberada por parte de fiscales y jueces nunca observamos que exijan independencia de las corporaciones ni tampoco denuncien a las corporaciones que presionan, ni tampoco que asuman una responsabilidad pol\u00edtica con el pa\u00eds\u00bb.<\/p>\n<p>\u00abY la responsabilidad pol\u00edtica con el pa\u00eds -a\u00f1adi\u00f3- es defender el funcionamiento del Estado, y el funcionamiento del Estado significa castigar severa y duramente la evasi\u00f3n fiscal y la fuga de capitales\u00bb.<\/p>\n<p>El jefe de ministros dijo adem\u00e1s que \u00abeste es el gran problema y se observa adem\u00e1s lo que se ha observado respecto de la causa del HSBC, es decir que nadie quiere asumir las responsabilidades de la investigaci\u00f3n profunda de esta denuncia, tambi\u00e9n en materia de la justicia penal econ\u00f3mica\u00bb.<\/p>\n<p>Y denunci\u00f3: \u00abLo mismo hemos observado con los casi 527 mil expedientes en el \u00e1mbito del Banco Central de la Rep\u00fablica Argentina respecto a las infracciones cambiarias que pueden tener consecuencias de tipo penal\u00bb.<\/p>\n<p>\u00abPor esto y mucho m\u00e1s, me parece que es absolutamente importante que los delitos econ\u00f3micos -que son absolutamente nefastos para el funcionamiento del pa\u00eds y de la sociedad argentina toda- deban ser debidamente investigados, y esto no tiene ning\u00fan tipo de justificaci\u00f3n porque hay muchos economistas y pol\u00edticos que justifican el no accionar de las causas por un problema de falta de confianza en el pa\u00eds y en sus instituciones\u00bb, a\u00f1adi\u00f3.<\/p>\n<p>\u00abEsa es una burda vulgar mentira porque en definitiva en la Rep\u00fablica Argentina existe el sistema republicano, federal y democr\u00e1tico, las instituciones funcionan, pero lo que no funciona efectivamente es la penalizaci\u00f3n judicial de estas conductas ilegales que son anti democr\u00e1ticas y anti republicanas, porque en definitiva perjudican al funcionamiento de la sociedad argentina\u00bb, consider\u00f3 el funcionario.<\/p>\n","protected":false},"excerpt":{"rendered":"<p>El jefe de Gabinete volvi\u00f3 a reclamar a la Justicia avanzar en la causa que investiga las m\u00e1s de 4.000 cuentas no declaradas de argentinos en la sucursal de Suiza del banco HSBC.<\/p>\n","protected":false},"author":4,"featured_media":0,"comment_status":"open","ping_status":"open","sticky":false,"template":"","format":"standard","meta":{"_jetpack_newsletter_access":"","_jetpack_dont_email_post_to_subs":false,"_jetpack_newsletter_tier_id":0,"_jetpack_memberships_contains_paywalled_content":false,"_jetpack_memberships_contains_paid_content":false,"footnotes":""},"categories":[51],"tags":[],"class_list":["post-61526","post","type-post","status-publish","format-standard","hentry","category-politica"],"jetpack_shortlink":"https:\/\/wp.me\/p2JWE0-g0m","jetpack-related-posts":[{"id":61457,"url":"http:\/\/www.24baires.com\/?p=61457","url_meta":{"origin":61526,"position":0},"title":"Capitanich cuestiona a la Justicia por no avanzar en la causa por las cuentas no declaradas","author":"AF","date":"09\/02\/2015","format":false,"excerpt":"El jefe de Gabinete, Jorge Capitanich, reclam\u00f3 hoy que se avance en la investigaci\u00f3n de las m\u00e1s de 4.000 cuentas de argentinos en el banco HSBC en el pa\u00eds europeo. El jefe de Gabinete, Jorge Capitanich, reclam\u00f3 hoy a la Justicia avanzar en la causa que investiga las m\u00e1s de\u2026","rel":"","context":"En \u00abEconom\u00eda\u00bb","block_context":{"text":"Econom\u00eda","link":"http:\/\/www.24baires.com\/?cat=45"},"img":{"alt_text":"capitanich","src":"https:\/\/i0.wp.com\/www.24baires.com\/wp-content\/uploads\/2014\/09\/capitanich1.jpg?resize=350%2C200","width":350,"height":200,"srcset":"https:\/\/i0.wp.com\/www.24baires.com\/wp-content\/uploads\/2014\/09\/capitanich1.jpg?resize=350%2C200 1x, https:\/\/i0.wp.com\/www.24baires.com\/wp-content\/uploads\/2014\/09\/capitanich1.jpg?resize=525%2C300 1.5x"},"classes":[]},{"id":57979,"url":"http:\/\/www.24baires.com\/?p=57979","url_meta":{"origin":61526,"position":1},"title":"Capitanich: \u00abSe dicen adalides de la \u00e9tica pero promueven la fuga de capitales\u201d","author":"AF","date":"02\/12\/2014","format":false,"excerpt":"El jefe de Gabinete, Jorge Capitanich, pidi\u00f3 hoy \u201cterminar con la doble moral\u201d de aquellos que \"critican\u201d al Gobierno y luego \u201cocultan su dinero\u201d en cuentas en el exterior. \u201cHay que terminar con la doble moral, el doble est\u00e1ndar de aquellos que critican al Gobierno y luego ocultan su dinero\u2026","rel":"","context":"En \u00abPol\u00edtica\u00bb","block_context":{"text":"Pol\u00edtica","link":"http:\/\/www.24baires.com\/?cat=51"},"img":{"alt_text":"capitanich 4","src":"https:\/\/i0.wp.com\/www.24baires.com\/wp-content\/uploads\/2014\/09\/capitanich-4.jpg?resize=350%2C200","width":350,"height":200,"srcset":"https:\/\/i0.wp.com\/www.24baires.com\/wp-content\/uploads\/2014\/09\/capitanich-4.jpg?resize=350%2C200 1x, https:\/\/i0.wp.com\/www.24baires.com\/wp-content\/uploads\/2014\/09\/capitanich-4.jpg?resize=525%2C300 1.5x"},"classes":[]},{"id":57951,"url":"http:\/\/www.24baires.com\/?p=57951","url_meta":{"origin":61526,"position":2},"title":"Denuncia por evasi\u00f3n: El PRO asegura que \u00abrespaldar\u00e1 la investigaci\u00f3n que corresponda\u00bb","author":"GB","date":"01\/12\/2014","format":false,"excerpt":"El diputado nacional Federico Sturzenegger (PRO) asegur\u00f3 hoy que su bloque respaldar\u00e1 la investigaci\u00f3n \"que corresponda\" para profundizar la denuncia por evasi\u00f3n impositiva y asociaci\u00f3n il\u00edcita que la AFIP realiz\u00f3 contra el banco HSBC, desde donde se habr\u00eda instigado la fuga de divisas no declaradas a cuentas bancarias en una\u2026","rel":"","context":"En \u00abPol\u00edtica\u00bb","block_context":{"text":"Pol\u00edtica","link":"http:\/\/www.24baires.com\/?cat=51"},"img":{"alt_text":"","src":"","width":0,"height":0},"classes":[]},{"id":63494,"url":"http:\/\/www.24baires.com\/?p=63494","url_meta":{"origin":61526,"position":3},"title":"La Comisi\u00f3n del caso HSBC revelar\u00e1 nombres de titulares de cuentas","author":"AF","date":"23\/03\/2015","format":false,"excerpt":"La Comisi\u00f3n Legislativa que se encargar\u00e1 de investigar las presuntas maniobras de fuga de capitales realizadas a trav\u00e9s de cuentas abiertas en la filial suiza del banco quedar\u00e1 constituida el mi\u00e9rcoles. La investigaci\u00f3n se centrar\u00e1 -entre otras cuestiones- en las 4.000 cuentas abiertas por contribuyentes argentinos -personas f\u00edsicas y empresas-\u2026","rel":"","context":"En \u00abJUDICIALES\u00bb","block_context":{"text":"JUDICIALES","link":"http:\/\/www.24baires.com\/?cat=68"},"img":{"alt_text":"","src":"","width":0,"height":0},"classes":[]},{"id":59738,"url":"http:\/\/www.24baires.com\/?p=59738","url_meta":{"origin":61526,"position":4},"title":"\u00abHay una clara estrategia de ocultamiento\u00bb en los medios sobre la denuncia al HSBC","author":"AF","date":"08\/01\/2015","format":false,"excerpt":"Lo dijo hoy el jefe de Gabinete, Jorge Capitanich, en relaci\u00f3n a la denuncia sobre evasi\u00f3n de divisas y lavado de dinero por parte de ese banco, cuya sede central en el microcentro porte\u00f1o fue ayer allanada por orden judicial. Durante su habitual conferencia de prensa en Casa Rosada, Capitanich\u2026","rel":"","context":"En \u00abMedios\u00bb","block_context":{"text":"Medios","link":"http:\/\/www.24baires.com\/?cat=54"},"img":{"alt_text":"capitanich","src":"https:\/\/i0.wp.com\/www.24baires.com\/wp-content\/uploads\/2014\/09\/capitanich1.jpg?resize=350%2C200","width":350,"height":200,"srcset":"https:\/\/i0.wp.com\/www.24baires.com\/wp-content\/uploads\/2014\/09\/capitanich1.jpg?resize=350%2C200 1x, https:\/\/i0.wp.com\/www.24baires.com\/wp-content\/uploads\/2014\/09\/capitanich1.jpg?resize=525%2C300 1.5x"},"classes":[]},{"id":59708,"url":"http:\/\/www.24baires.com\/?p=59708","url_meta":{"origin":61526,"position":5},"title":"Allanan la casa central del HSBC por la investigaci\u00f3n de las cuentas suizas","author":"GB","date":"07\/01\/2015","format":false,"excerpt":"La sede central del banco, en el microcentro porte\u00f1o, es objeto desde poco despu\u00e9s de las 10 de la ma\u00f1ana de un allanamiento que se realiza por orden judicial tras una denuncia de la Administraci\u00f3n Federal de Ingresos P\u00fablicos (AFIP). Voceros del organismo y de la entidad financiera confirmaron el\u2026","rel":"","context":"En \u00abEconom\u00eda\u00bb","block_context":{"text":"Econom\u00eda","link":"http:\/\/www.24baires.com\/?cat=45"},"img":{"alt_text":"hsbc","src":"https:\/\/i0.wp.com\/www.24baires.com\/wp-content\/uploads\/2014\/08\/hsbc.jpg?resize=350%2C200","width":350,"height":200,"srcset":"https:\/\/i0.wp.com\/www.24baires.com\/wp-content\/uploads\/2014\/08\/hsbc.jpg?resize=350%2C200 1x, https:\/\/i0.wp.com\/www.24baires.com\/wp-content\/uploads\/2014\/08\/hsbc.jpg?resize=525%2C300 1.5x"},"classes":[]}],"jetpack_sharing_enabled":true,"jetpack_likes_enabled":true,"jetpack_featured_media_url":"","_links":{"self":[{"href":"http:\/\/www.24baires.com\/index.php?rest_route=\/wp\/v2\/posts\/61526","targetHints":{"allow":["GET"]}}],"collection":[{"href":"http:\/\/www.24baires.com\/index.php?rest_route=\/wp\/v2\/posts"}],"about":[{"href":"http:\/\/www.24baires.com\/index.php?rest_route=\/wp\/v2\/types\/post"}],"author":[{"embeddable":true,"href":"http:\/\/www.24baires.com\/index.php?rest_route=\/wp\/v2\/users\/4"}],"replies":[{"embeddable":true,"href":"http:\/\/www.24baires.com\/index.php?rest_route=%2Fwp%2Fv2%2Fcomments&post=61526"}],"version-history":[{"count":1,"href":"http:\/\/www.24baires.com\/index.php?rest_route=\/wp\/v2\/posts\/61526\/revisions"}],"predecessor-version":[{"id":61527,"href":"http:\/\/www.24baires.com\/index.php?rest_route=\/wp\/v2\/posts\/61526\/revisions\/61527"}],"wp:attachment":[{"href":"http:\/\/www.24baires.com\/index.php?rest_route=%2Fwp%2Fv2%2Fmedia&parent=61526"}],"wp:term":[{"taxonomy":"category","embeddable":true,"href":"http:\/\/www.24baires.com\/index.php?rest_route=%2Fwp%2Fv2%2Fcategories&post=61526"},{"taxonomy":"post_tag","embeddable":true,"href":"http:\/\/www.24baires.com\/index.php?rest_route=%2Fwp%2Fv2%2Ftags&post=61526"}],"curies":[{"name":"wp","href":"https:\/\/api.w.org\/{rel}","templated":true}]}}