{"id":61481,"date":"2015-02-09T14:00:26","date_gmt":"2015-02-09T17:00:26","guid":{"rendered":"http:\/\/www.24baires.com\/?p=61481"},"modified":"2015-02-09T13:45:59","modified_gmt":"2015-02-09T16:45:59","slug":"peritaje-balistico-confirmaria-la-hipotesis-del-suicidio","status":"publish","type":"post","link":"http:\/\/www.24baires.com\/?p=61481","title":{"rendered":"Peritaje bal\u00edstico confirmar\u00eda la hip\u00f3tesis del suicidio"},"content":{"rendered":"<p><img data-recalc-dims=\"1\" loading=\"lazy\" decoding=\"async\" class=\"aligncenter size-full wp-image-60569\" src=\"https:\/\/i0.wp.com\/www.24baires.com\/wp-content\/uploads\/2015\/01\/nisman-1.jpg?resize=560%2C314\" alt=\"nisman-1\" width=\"560\" height=\"314\" srcset=\"https:\/\/i0.wp.com\/www.24baires.com\/wp-content\/uploads\/2015\/01\/nisman-1.jpg?w=560 560w, https:\/\/i0.wp.com\/www.24baires.com\/wp-content\/uploads\/2015\/01\/nisman-1.jpg?resize=300%2C168 300w\" sizes=\"auto, (max-width: 560px) 100vw, 560px\" \/>La bala que caus\u00f3 la muerte del fiscal federal Alberto Nisman ingres\u00f3 apenas por encima de la oreja derecha y con trayectoria ligeramente ascendente, seg\u00fan revel\u00f3 un peritaje ordenado por la fiscal Viviana Fein.<!--more--><\/p>\n<p>La bala que caus\u00f3 la muerte del fiscal federal Alberto Nisman ingres\u00f3 apenas por encima de la oreja derecha y con trayectoria ligeramente ascendente, seg\u00fan revel\u00f3 un peritaje ordenado por la fiscal Viviana Fein.<\/p>\n<p>El disparo est\u00e1 localizado a unos dos cent\u00edmetros por encima de la oreja, atraves\u00f3 un hueso, dej\u00f3 una marca conocida como \u00abtatuaje\u00bb (que se genera por la combinaci\u00f3n de la deflagraci\u00f3n y el calor que desprende) en la piel y no tiene orificio de salida.<\/p>\n<p>La trayectoria del disparo es ascendente, a menos de 30 grados, seg\u00fan revelaron fuentes con acceso a la investigaci\u00f3n que lleva adelante la fiscal.<\/p>\n<p>Si el arma hubiera sido empu\u00f1ada de la manera tradicional, con el pulgar hacia arriba, el ca\u00f1\u00f3n tiene mayores posibilidades de apuntar a la sien, pero si el pulgar fuera hacia atr\u00e1s (es decir con el arma en paralelo al suelo) esa posici\u00f3n puede variar.<\/p>\n<p>En tanto, para el mi\u00e9rcoles el 18 de febrero, la fiscal aguarda los resultados del examen toxicol\u00f3gico practicado en sangre, orina y v\u00edsceras del ex titular de la UFI AMIA.<\/p>\n<p>Por otra parte, a partir de hoy en Salta, se realizar\u00e1 una especie de contraprueba del barrido electr\u00f3nico hecho en la mano de Nisman.<\/p>\n<p>En concreto, el barrido electr\u00f3nico busca detectar una combinaci\u00f3n de plomo, bario y antimonio, componentes del fulminante que dejan rastros despu\u00e9s de un disparo. Especialistas explicaron que no es siempre as\u00ed, ya que la Bersa modelo 62, calibre 22, es una pistola muy cerrada y, en este caso era vieja.<\/p>\n<p>La fiscal decidi\u00f3 realizar el estudio con un equipo m\u00e1s sofisticado, que es el que tiene el Ministerio P\u00fablico de Salta, comprado en 2010. La pericia, con presencia de la querella, consistir\u00e1 en que con la pistola que Diego Lagomarsino, le prest\u00f3 a Nisman, se efectuar\u00e1 un disparo y se estudiar\u00e1n.<\/p>\n<p>&nbsp;<\/p>\n<p>&nbsp;<\/p>\n<p>&nbsp;<\/p>\n<p>&nbsp;<\/p>\n<p>&nbsp;<\/p>\n<p>&nbsp;<\/p>\n<p>&nbsp;<\/p>\n<p>&nbsp;<\/p>\n<p>&nbsp;<\/p>\n<p>&nbsp;<\/p>\n<p>&nbsp;<\/p>\n<p>&nbsp;<\/p>\n","protected":false},"excerpt":{"rendered":"<p>La bala que caus\u00f3 la muerte del fiscal federal Alberto Nisman ingres\u00f3 apenas por encima de la oreja derecha y con trayectoria ligeramente ascendente, seg\u00fan revel\u00f3 un peritaje ordenado por la fiscal Viviana Fein.<\/p>\n","protected":false},"author":8,"featured_media":0,"comment_status":"open","ping_status":"open","sticky":false,"template":"","format":"standard","meta":{"_jetpack_newsletter_access":"","_jetpack_dont_email_post_to_subs":false,"_jetpack_newsletter_tier_id":0,"_jetpack_memberships_contains_paywalled_content":false,"_jetpack_memberships_contains_paid_content":false,"footnotes":""},"categories":[51],"tags":[],"class_list":["post-61481","post","type-post","status-publish","format-standard","hentry","category-politica"],"jetpack_shortlink":"https:\/\/wp.me\/p2JWE0-fZD","jetpack-related-posts":[{"id":61508,"url":"http:\/\/www.24baires.com\/?p=61508","url_meta":{"origin":61481,"position":0},"title":"Fein confirm\u00f3 los llamados entre Stiuso y Nisman antes de su muerte","author":"Grupo Sierra","date":"09\/02\/2015","format":false,"excerpt":"La fiscal Viviana Fein inform\u00f3 acerca de las \u00faltimas novedades de la investigaci\u00f3n: los llamados entre, la declaraci\u00f3n del exagente de inteligencia, la trayectoria de la bala y los peritajes pendientes. En un nuevo comunicado, la fiscal Viviana Fein inform\u00f3 los avances de la investigaci\u00f3n sobre la muerte de Alberto\u2026","rel":"","context":"En \u00abJUDICIALES\u00bb","block_context":{"text":"JUDICIALES","link":"http:\/\/www.24baires.com\/?cat=68"},"img":{"alt_text":"fein","src":"https:\/\/i0.wp.com\/www.24baires.com\/wp-content\/uploads\/2015\/01\/fein.jpg?resize=350%2C200","width":350,"height":200,"srcset":"https:\/\/i0.wp.com\/www.24baires.com\/wp-content\/uploads\/2015\/01\/fein.jpg?resize=350%2C200 1x, https:\/\/i0.wp.com\/www.24baires.com\/wp-content\/uploads\/2015\/01\/fein.jpg?resize=525%2C300 1.5x"},"classes":[]},{"id":60341,"url":"http:\/\/www.24baires.com\/?p=60341","url_meta":{"origin":61481,"position":1},"title":"Finaliz\u00f3 la autopsia al fiscal: el \u00fanico balazo entr\u00f3 por la oreja","author":"GB","date":"19\/01\/2015","format":false,"excerpt":"La autopsia al cad\u00e1ver de Alberto Nisman determin\u00f3 que el fiscal muri\u00f3 de un balazo que ingres\u00f3 por el parietal derecho de su cabeza, dos cent\u00edmetros arriba de la oreja, informaron fuentes de la investigaci\u00f3n. Seg\u00fan el informe preliminar que enviaron los forenses a la fiscal del caso, Viviana Fein,\u2026","rel":"","context":"En \u00abPol\u00edtica\u00bb","block_context":{"text":"Pol\u00edtica","link":"http:\/\/www.24baires.com\/?cat=51"},"img":{"alt_text":"","src":"https:\/\/i0.wp.com\/www.24baires.com\/wp-content\/uploads\/2015\/01\/autopsia.jpg?resize=350%2C200","width":350,"height":200,"srcset":"https:\/\/i0.wp.com\/www.24baires.com\/wp-content\/uploads\/2015\/01\/autopsia.jpg?resize=350%2C200 1x, https:\/\/i0.wp.com\/www.24baires.com\/wp-content\/uploads\/2015\/01\/autopsia.jpg?resize=525%2C300 1.5x"},"classes":[]},{"id":60661,"url":"http:\/\/www.24baires.com\/?p=60661","url_meta":{"origin":61481,"position":2},"title":"\u00abEl disparo se produjo a una distancia no mayor a un cent\u00edmetro\u00bb, dijo Fein","author":"GB","date":"24\/01\/2015","format":false,"excerpt":"As\u00ed lo confirm\u00f3 la fiscal que tiene a su cargo la investigaci\u00f3n de la muerte de Alberto Nisman. \"El disparo fue sobre la oreja\", agreg\u00f3, y confirm\u00f3 que \"el proyectil y la vaina se corresponden con el arma encontrada en el lugar\" . La fiscal Viviana Fein revel\u00f3 este s\u00e1bado\u2026","rel":"","context":"En \u00abPol\u00edtica\u00bb","block_context":{"text":"Pol\u00edtica","link":"http:\/\/www.24baires.com\/?cat=51"},"img":{"alt_text":"","src":"https:\/\/i0.wp.com\/www.24baires.com\/wp-content\/uploads\/2015\/01\/fein.jpg?resize=350%2C200","width":350,"height":200,"srcset":"https:\/\/i0.wp.com\/www.24baires.com\/wp-content\/uploads\/2015\/01\/fein.jpg?resize=350%2C200 1x, https:\/\/i0.wp.com\/www.24baires.com\/wp-content\/uploads\/2015\/01\/fein.jpg?resize=525%2C300 1.5x"},"classes":[]},{"id":61182,"url":"http:\/\/www.24baires.com\/?p=61182","url_meta":{"origin":61481,"position":3},"title":"La Fiscal\u00eda pidi\u00f3 el listado de llamadas a Nisman","author":"GB","date":"03\/02\/2015","format":false,"excerpt":"Adem\u00e1s advirti\u00f3 que los peritajes estaban demorados por la falta de designaci\u00f3n de los peritos de parte. En un comunicado que emiti\u00f3 este martes la fiscal Viviana Fein donde aclar\u00f3 que los papeles hallados en el domicilio del fiscal est\u00e1n siendo \"analizados\", inform\u00f3 tambi\u00e9n que la Divisi\u00f3n Fraudes Bancarios de\u2026","rel":"","context":"En \u00abPol\u00edtica\u00bb","block_context":{"text":"Pol\u00edtica","link":"http:\/\/www.24baires.com\/?cat=51"},"img":{"alt_text":"fein","src":"https:\/\/i0.wp.com\/www.24baires.com\/wp-content\/uploads\/2015\/01\/fein.jpg?resize=350%2C200","width":350,"height":200,"srcset":"https:\/\/i0.wp.com\/www.24baires.com\/wp-content\/uploads\/2015\/01\/fein.jpg?resize=350%2C200 1x, https:\/\/i0.wp.com\/www.24baires.com\/wp-content\/uploads\/2015\/01\/fein.jpg?resize=525%2C300 1.5x"},"classes":[]},{"id":61861,"url":"http:\/\/www.24baires.com\/?p=61861","url_meta":{"origin":61481,"position":4},"title":"Fein calific\u00f3 de \u00abdescabellado\u00bb el testimonio de una testigo","author":"GB","date":"17\/02\/2015","format":false,"excerpt":"Viviana Fein sali\u00f3 al cruce de las declaraciones publicadas hoy por el diario Clar\u00edn de una testigo del operativo realizado en el departamento donde muri\u00f3 Alberto Nisman, asegur\u00f3 que las afirmaciones \u201cson expresiones descabelladas\u201d, y reclam\u00f3 \u201cseriedad\u201d a los medios. Ma\u00f1ana dar\u00e1n a conocer las pericias toxicol\u00f3gicas. La fiscal que\u2026","rel":"","context":"En \u00abPol\u00edtica\u00bb","block_context":{"text":"Pol\u00edtica","link":"http:\/\/www.24baires.com\/?cat=51"},"img":{"alt_text":"fein","src":"https:\/\/i0.wp.com\/www.24baires.com\/wp-content\/uploads\/2015\/01\/fein.jpg?resize=350%2C200","width":350,"height":200,"srcset":"https:\/\/i0.wp.com\/www.24baires.com\/wp-content\/uploads\/2015\/01\/fein.jpg?resize=350%2C200 1x, https:\/\/i0.wp.com\/www.24baires.com\/wp-content\/uploads\/2015\/01\/fein.jpg?resize=525%2C300 1.5x"},"classes":[]},{"id":91727,"url":"http:\/\/www.24baires.com\/?p=91727","url_meta":{"origin":61481,"position":5},"title":"Fein asegura que la causa Nisman \u00abse mediatiz\u00f3 utilizando pruebas que no existen\u00bb","author":"AF","date":"19\/01\/2017","format":false,"excerpt":"La ex fiscal del caso Nisman afirm\u00f3 hoy que su actuaci\u00f3n fue \"totalmente normal\" y que lo demostrar\u00e1 \"cient\u00edficamente\" cuando se presente ante el juez Juli\u00e1n Ercolini. \"No ten\u00edamos una prueba categ\u00f3rica y cierta de que est\u00e1bamos frente a un acto homicida\", dijo. La ex fiscal Viviana Fein, quien tuvo\u2026","rel":"","context":"En \u00abJUDICIALES\u00bb","block_context":{"text":"JUDICIALES","link":"http:\/\/www.24baires.com\/?cat=68"},"img":{"alt_text":"","src":"https:\/\/i0.wp.com\/www.24baires.com\/wp-content\/uploads\/2015\/01\/fein.jpg?resize=350%2C200","width":350,"height":200,"srcset":"https:\/\/i0.wp.com\/www.24baires.com\/wp-content\/uploads\/2015\/01\/fein.jpg?resize=350%2C200 1x, https:\/\/i0.wp.com\/www.24baires.com\/wp-content\/uploads\/2015\/01\/fein.jpg?resize=525%2C300 1.5x"},"classes":[]}],"jetpack_sharing_enabled":true,"jetpack_likes_enabled":true,"jetpack_featured_media_url":"","_links":{"self":[{"href":"http:\/\/www.24baires.com\/index.php?rest_route=\/wp\/v2\/posts\/61481","targetHints":{"allow":["GET"]}}],"collection":[{"href":"http:\/\/www.24baires.com\/index.php?rest_route=\/wp\/v2\/posts"}],"about":[{"href":"http:\/\/www.24baires.com\/index.php?rest_route=\/wp\/v2\/types\/post"}],"author":[{"embeddable":true,"href":"http:\/\/www.24baires.com\/index.php?rest_route=\/wp\/v2\/users\/8"}],"replies":[{"embeddable":true,"href":"http:\/\/www.24baires.com\/index.php?rest_route=%2Fwp%2Fv2%2Fcomments&post=61481"}],"version-history":[{"count":1,"href":"http:\/\/www.24baires.com\/index.php?rest_route=\/wp\/v2\/posts\/61481\/revisions"}],"predecessor-version":[{"id":61482,"href":"http:\/\/www.24baires.com\/index.php?rest_route=\/wp\/v2\/posts\/61481\/revisions\/61482"}],"wp:attachment":[{"href":"http:\/\/www.24baires.com\/index.php?rest_route=%2Fwp%2Fv2%2Fmedia&parent=61481"}],"wp:term":[{"taxonomy":"category","embeddable":true,"href":"http:\/\/www.24baires.com\/index.php?rest_route=%2Fwp%2Fv2%2Fcategories&post=61481"},{"taxonomy":"post_tag","embeddable":true,"href":"http:\/\/www.24baires.com\/index.php?rest_route=%2Fwp%2Fv2%2Ftags&post=61481"}],"curies":[{"name":"wp","href":"https:\/\/api.w.org\/{rel}","templated":true}]}}