{"id":61445,"date":"2015-02-08T20:06:15","date_gmt":"2015-02-08T23:06:15","guid":{"rendered":"http:\/\/www.24baires.com\/?p=61445"},"modified":"2015-02-09T10:28:07","modified_gmt":"2015-02-09T13:28:07","slug":"rosssi-las-fuerzas-armadas-no-realizan-tareas-de-inteligencia-interior","status":"publish","type":"post","link":"http:\/\/www.24baires.com\/?p=61445","title":{"rendered":"Rossi: \u00abLas Fuerzas Armadas no realizan tareas de inteligencia interior\u00bb"},"content":{"rendered":"<p><img data-recalc-dims=\"1\" loading=\"lazy\" decoding=\"async\" class=\"aligncenter size-full wp-image-61446\" src=\"https:\/\/i0.wp.com\/www.24baires.com\/wp-content\/uploads\/2015\/02\/rossi.jpg?resize=560%2C315\" alt=\"rossi\" width=\"560\" height=\"315\" srcset=\"https:\/\/i0.wp.com\/www.24baires.com\/wp-content\/uploads\/2015\/02\/rossi.jpg?w=560 560w, https:\/\/i0.wp.com\/www.24baires.com\/wp-content\/uploads\/2015\/02\/rossi.jpg?resize=300%2C169 300w\" sizes=\"auto, (max-width: 560px) 100vw, 560px\" \/>El ministro de Defensa, Agust\u00edn Rossi, descart\u00f3 la posibilidad de que desde el Ej\u00e9rcito se pongan en pr\u00e1ctica dichas tareas e inst\u00f3 a que le muestren pruebas quienes acusan.<!--more--><\/p>\n<p>Adem\u00e1s, descart\u00f3 que el teniente general C\u00e9sar Milani tenga alg\u00fan tipo de influencia en el \u00e1rea de Inteligencia del Ej\u00e9rcito.<\/p>\n<p>\u00abEs mentira porque no se puede, no se debe, est\u00e1 prohibido taxativamente por la Ley de Defensa, la de Seguridad Interior y la propia Ley de Inteligencia, se construy\u00f3 un discurso alrededor de eso sin ning\u00fan tipo de prueba de que se haga inteligencia interior\u00bb, expres\u00f3.<\/p>\n<p>\u00abInvito a cualquier que tenga alg\u00fan tipo de prueba, de certeza o de indicio, de que se hacen tareas de inteligencia interior por parte de alguna de las agencias de las fuerzas de inteligencia de las Fuerzas Armadas, a que hagan la denuncia\u00bb, a\u00f1adi\u00f3 Rossi en declaraciones radiales.<\/p>\n<p>&nbsp;<\/p>\n<p>&nbsp;<\/p>\n","protected":false},"excerpt":{"rendered":"<p>El ministro de Defensa, Agust\u00edn Rossi, descart\u00f3 la posibilidad de que desde el Ej\u00e9rcito se pongan en pr\u00e1ctica dichas tareas e inst\u00f3 a que le muestren pruebas quienes acusan.<\/p>\n","protected":false},"author":11,"featured_media":0,"comment_status":"open","ping_status":"open","sticky":false,"template":"","format":"standard","meta":{"_jetpack_newsletter_access":"","_jetpack_dont_email_post_to_subs":false,"_jetpack_newsletter_tier_id":0,"_jetpack_memberships_contains_paywalled_content":false,"_jetpack_memberships_contains_paid_content":false,"footnotes":""},"categories":[51],"tags":[],"class_list":["post-61445","post","type-post","status-publish","format-standard","hentry","category-politica"],"jetpack_shortlink":"https:\/\/wp.me\/p2JWE0-fZ3","jetpack-related-posts":[{"id":103525,"url":"http:\/\/www.24baires.com\/?p=103525","url_meta":{"origin":61445,"position":0},"title":"Presentan proyecto para derogar el decreto de Macri de intervenci\u00f3n de las Fuerzas Armadas","author":"AF","date":"25\/07\/2018","format":false,"excerpt":"Los fundamentos de la iniciativa que encabeza el presidente del bloque FPV-PJ, Agust\u00edn Rossi, sostienen que el presidente \u201ca trav\u00e9s de un simple decreto reglamentario intenta cambiar las bases sobre las que est\u00e1 estructurado nuestro sistema de Defensa Nacional, construido desde la recuperaci\u00f3n democr\u00e1tica\u201d. Diputados y diputadas del bloque FPV-PJ\u2026","rel":"","context":"En \u00abLocales\u00bb","block_context":{"text":"Locales","link":"http:\/\/www.24baires.com\/?cat=38"},"img":{"alt_text":"","src":"https:\/\/i0.wp.com\/www.24baires.com\/wp-content\/uploads\/2018\/07\/macri-fuerzas.jpg?resize=350%2C200","width":350,"height":200,"srcset":"https:\/\/i0.wp.com\/www.24baires.com\/wp-content\/uploads\/2018\/07\/macri-fuerzas.jpg?resize=350%2C200 1x, https:\/\/i0.wp.com\/www.24baires.com\/wp-content\/uploads\/2018\/07\/macri-fuerzas.jpg?resize=525%2C300 1.5x"},"classes":[]},{"id":28263,"url":"http:\/\/www.24baires.com\/?p=28263","url_meta":{"origin":61445,"position":1},"title":"Ministro Rossi: \u00abEl espionaje mostr\u00f3 la importancia de producir para la defensa\u00bb","author":"Grupo Sierra","date":"14\/07\/2013","format":false,"excerpt":"El ministro de Defensa consider\u00f3 \"clave\" que nuestro pa\u00eds pueda tener su \"propio sistema de radarizaci\u00f3n\", en especial \"a partir de los \u00faltimos hechos en materia de inteligencia y con el espionaje de una red internacional en la regi\u00f3n\". En declaraciones a T\u00e9lam, Agust\u00edn Rossi repas\u00f3 los anuncios realizados por\u2026","rel":"","context":"En \u00abPol\u00edtica\u00bb","block_context":{"text":"Pol\u00edtica","link":"http:\/\/www.24baires.com\/?cat=51"},"img":{"alt_text":"","src":"https:\/\/i0.wp.com\/www.24baires.com\/wp-content\/uploads\/2013\/07\/cascos_azules_60082.jpg?resize=350%2C200","width":350,"height":200,"srcset":"https:\/\/i0.wp.com\/www.24baires.com\/wp-content\/uploads\/2013\/07\/cascos_azules_60082.jpg?resize=350%2C200 1x, https:\/\/i0.wp.com\/www.24baires.com\/wp-content\/uploads\/2013\/07\/cascos_azules_60082.jpg?resize=525%2C300 1.5x"},"classes":[]},{"id":103494,"url":"http:\/\/www.24baires.com\/?p=103494","url_meta":{"origin":61445,"position":2},"title":"Repudian la modificaci\u00f3n para militarizar la seguridad interior","author":"AF","date":"23\/07\/2018","format":false,"excerpt":"Todo el abanico opositor se pronunci\u00f3 en contra de los cambios en la pol\u00edtica de defensa anunciada por el presidente Mauricio Macri, y reclamaron que el tema sea debatido en el Congreso. El bloque de Diputados del Frente para la Victoria consider\u00f3 hoy como una \"degradaci\u00f3n de la democracia y\u2026","rel":"","context":"En \u00abPol\u00edtica\u00bb","block_context":{"text":"Pol\u00edtica","link":"http:\/\/www.24baires.com\/?cat=51"},"img":{"alt_text":"","src":"https:\/\/i0.wp.com\/www.24baires.com\/wp-content\/uploads\/2018\/07\/congreso.jpg?resize=350%2C200","width":350,"height":200,"srcset":"https:\/\/i0.wp.com\/www.24baires.com\/wp-content\/uploads\/2018\/07\/congreso.jpg?resize=350%2C200 1x, https:\/\/i0.wp.com\/www.24baires.com\/wp-content\/uploads\/2018\/07\/congreso.jpg?resize=525%2C300 1.5x"},"classes":[]},{"id":30559,"url":"http:\/\/www.24baires.com\/?p=30559","url_meta":{"origin":61445,"position":3},"title":"Rossi elogi\u00f3 el rol del ejercito y expres\u00f3 la necesidad de vincular a las Fuerzas Armadas con la sociedad","author":"GB","date":"21\/08\/2013","format":false,"excerpt":"Durante un acto con soldados que participaron de las tareas de rescate en la tragedia de Rosario, el ministro de Defensa abog\u00f3 por \u201cconstruir puentes que permitan vincular a las Fuerzas Armadas con la sociedad civil\". \u201cMi objetivo es que cuando termine mi gesti\u00f3n tengamos unas Fuerzas Armadas de las\u2026","rel":"","context":"En \u00abPol\u00edtica\u00bb","block_context":{"text":"Pol\u00edtica","link":"http:\/\/www.24baires.com\/?cat=51"},"img":{"alt_text":"Rossi","src":"https:\/\/i0.wp.com\/www.24baires.com\/wp-content\/uploads\/2013\/08\/Rossi-300x190.jpg?resize=350%2C200","width":350,"height":200},"classes":[]},{"id":61896,"url":"http:\/\/www.24baires.com\/?p=61896","url_meta":{"origin":61445,"position":4},"title":"Comenz\u00f3 el juicio a miembros de la Armada por espionaje ilegal","author":"AF","date":"18\/02\/2015","format":false,"excerpt":"En 2012, trece marinos fueron condenados por \u201crecopilar, analizar, procesar y distribuir informaci\u00f3n\u201d sobre estas personas y organizaciones \u201cen forma sistem\u00e1tica y habitual\u201d. Ahora es el turno de quienes dieron las \u00f3rdenes: el almirante retirado Jorge Godoy y su segundo, Benito R\u00f3tolo. El almirante retirado Jorge Godoy y Benito R\u00f3tolo,\u2026","rel":"","context":"En \u00abJUDICIALES\u00bb","block_context":{"text":"JUDICIALES","link":"http:\/\/www.24baires.com\/?cat=68"},"img":{"alt_text":"","src":"","width":0,"height":0},"classes":[]},{"id":31416,"url":"http:\/\/www.24baires.com\/?p=31416","url_meta":{"origin":61445,"position":5},"title":"Randazzo y Rossi firmaron un acuerdo para recuperar la industria ferroviaria","author":"GB","date":"06\/09\/2013","format":false,"excerpt":"Los ministros del Interior y Transporte, Florencio Randazzo; y de Defensa, Agust\u00edn Rossi, firmaron un convenio destinado a realizar un trabajo conjunto para recuperar la industria ferroviaria. \"Era una capacidad que se hab\u00eda perdido y que ahora estamos en condiciones de recuperar\", sostuvo Rossi sobre el aporte de Fabricaciones Militares\u2026","rel":"","context":"En \u00abEconom\u00eda\u00bb","block_context":{"text":"Econom\u00eda","link":"http:\/\/www.24baires.com\/?cat=45"},"img":{"alt_text":"","src":"","width":0,"height":0},"classes":[]}],"jetpack_sharing_enabled":true,"jetpack_likes_enabled":true,"jetpack_featured_media_url":"","_links":{"self":[{"href":"http:\/\/www.24baires.com\/index.php?rest_route=\/wp\/v2\/posts\/61445","targetHints":{"allow":["GET"]}}],"collection":[{"href":"http:\/\/www.24baires.com\/index.php?rest_route=\/wp\/v2\/posts"}],"about":[{"href":"http:\/\/www.24baires.com\/index.php?rest_route=\/wp\/v2\/types\/post"}],"author":[{"embeddable":true,"href":"http:\/\/www.24baires.com\/index.php?rest_route=\/wp\/v2\/users\/11"}],"replies":[{"embeddable":true,"href":"http:\/\/www.24baires.com\/index.php?rest_route=%2Fwp%2Fv2%2Fcomments&post=61445"}],"version-history":[{"count":2,"href":"http:\/\/www.24baires.com\/index.php?rest_route=\/wp\/v2\/posts\/61445\/revisions"}],"predecessor-version":[{"id":61460,"href":"http:\/\/www.24baires.com\/index.php?rest_route=\/wp\/v2\/posts\/61445\/revisions\/61460"}],"wp:attachment":[{"href":"http:\/\/www.24baires.com\/index.php?rest_route=%2Fwp%2Fv2%2Fmedia&parent=61445"}],"wp:term":[{"taxonomy":"category","embeddable":true,"href":"http:\/\/www.24baires.com\/index.php?rest_route=%2Fwp%2Fv2%2Fcategories&post=61445"},{"taxonomy":"post_tag","embeddable":true,"href":"http:\/\/www.24baires.com\/index.php?rest_route=%2Fwp%2Fv2%2Ftags&post=61445"}],"curies":[{"name":"wp","href":"https:\/\/api.w.org\/{rel}","templated":true}]}}