{"id":61426,"date":"2015-02-08T13:00:07","date_gmt":"2015-02-08T16:00:07","guid":{"rendered":"http:\/\/www.24baires.com\/?p=61426"},"modified":"2015-02-09T10:12:48","modified_gmt":"2015-02-09T13:12:48","slug":"cristina-destaco-la-reduccion-de-la-deuda-en-relacion-al-pbi","status":"publish","type":"post","link":"http:\/\/www.24baires.com\/?p=61426","title":{"rendered":"Cristina destac\u00f3 la reducci\u00f3n de la deuda en relaci\u00f3n al PBI"},"content":{"rendered":"<p><img data-recalc-dims=\"1\" loading=\"lazy\" decoding=\"async\" class=\"aligncenter size-full wp-image-53364\" src=\"https:\/\/i0.wp.com\/www.24baires.com\/wp-content\/uploads\/2014\/09\/cristina1.jpg?resize=560%2C373\" alt=\"cristina\" width=\"560\" height=\"373\" srcset=\"https:\/\/i0.wp.com\/www.24baires.com\/wp-content\/uploads\/2014\/09\/cristina1.jpg?w=560 560w, https:\/\/i0.wp.com\/www.24baires.com\/wp-content\/uploads\/2014\/09\/cristina1.jpg?resize=300%2C199 300w\" sizes=\"auto, (max-width: 560px) 100vw, 560px\" \/>Cristina ponder\u00f3 que \u201cArgentina es uno de los pocos pa\u00edses del mundo que durante los \u00faltimos siete a\u00f1os redujo su deuda en relaci\u00f3n al PBI\u201d, en contraposici\u00f3n al crecimiento de la deuda a nivel global.<!--more--><\/p>\n<p>A trav\u00e9s de la red social Facebook, la Presidenta de la Naci\u00f3n public\u00f3 un informe elaborado por la consultora McKinsey, publicado por el Financial Times en el que se describe la evoluci\u00f3n de la deuda mundial desde 2007.<\/p>\n<p>Al regreso de su viaje a China, Cristina destac\u00f3 que del estudio se desprende que \u201cArgentina es uno de los pocos pa\u00edses del mundo que durante los \u00faltimos siete a\u00f1os redujo su deuda en relaci\u00f3n al PBI\u201d.<\/p>\n<p>En este sentido, contrapuso la reducci\u00f3n de deuda argentina con la situaci\u00f3n de otro pa\u00eds \u201ccomo Brasil (donde) aumentaron un 27 por ciento, Grecia el 103, e Irlanda en 172 por ciento\u201d e indic\u00f3 que \u201cel trabajo revela que la deuda global aument\u00f3 en relaci\u00f3n al producto bruto y lleg\u00f3 a casi 200 billones de d\u00f3lares\u201d.<\/p>\n<p>La mandataria ubic\u00f3 el informe en el contexto en el que se realiz\u00f3 \u201cla primera sesi\u00f3n de discusiones en Naciones Unidas para analizar la elaboraci\u00f3n de un marco regulatorio para reestructuraciones de deudas soberanas\u201d, encuentro de tres jornadas que concluy\u00f3 con un acuerdo entre expertos en finanzas de la comunidad internacional.<\/p>\n<p>\u201cEl Comit\u00e9 ad hoc de la Asamblea General de la ONU dio por terminado el debate sobre qu\u00e9 enfoque tomar en torno a la propuesta de regular las reestructuraciones de deuda. La propuesta que sirvi\u00f3 de base es la que present\u00f3 Argentina\u201d subray\u00f3 y detall\u00f3 que la propuesta \u201capunta a facilitar \u201cuna reestructuraci\u00f3n ordenada\u201d, que promueva la creaci\u00f3n de un mecanismo de reestructuraci\u00f3n formal que contemple \u201cel restablecimiento de viabilidad y crecimiento\u201d del pa\u00eds, y que ser\u00eda supervisada por una comisi\u00f3n de tres Estados\u201d.<\/p>\n<p>Al mismo tiempo, inform\u00f3 que la segunda ronda de debates se realizar\u00e1 entre el 28 y el 30 de abril en Nueva York, y \u201cser\u00e1 para definir los detalles de la propuesta argentina. La tercera etapa, prevista para mitad de a\u00f1o, ser\u00e1 la que termine de ultimar la redacci\u00f3n final del texto\u201d, concluy\u00f3.<\/p>\n<p>&nbsp;<\/p>\n<p>&nbsp;<\/p>\n<p>&nbsp;<\/p>\n<p>&nbsp;<\/p>\n<p>&nbsp;<\/p>\n<p>&nbsp;<\/p>\n<p>&nbsp;<\/p>\n<p>&nbsp;<\/p>\n<p>&nbsp;<\/p>\n<p>&nbsp;<\/p>\n<p>&nbsp;<\/p>\n<p>&nbsp;<\/p>\n<p>&nbsp;<\/p>\n<p>&nbsp;<\/p>\n<p>&nbsp;<\/p>\n<p>&nbsp;<\/p>\n<p>&nbsp;<\/p>\n<p>&nbsp;<\/p>\n","protected":false},"excerpt":{"rendered":"<p>Cristina ponder\u00f3 que \u201cArgentina es uno de los pocos pa\u00edses del mundo que durante los \u00faltimos siete a\u00f1os redujo su deuda en relaci\u00f3n al PBI\u201d, en contraposici\u00f3n al crecimiento de la deuda a nivel global.<\/p>\n","protected":false},"author":8,"featured_media":0,"comment_status":"open","ping_status":"open","sticky":false,"template":"","format":"standard","meta":{"_jetpack_newsletter_access":"","_jetpack_dont_email_post_to_subs":false,"_jetpack_newsletter_tier_id":0,"_jetpack_memberships_contains_paywalled_content":false,"_jetpack_memberships_contains_paid_content":false,"footnotes":""},"categories":[51],"tags":[],"class_list":["post-61426","post","type-post","status-publish","format-standard","hentry","category-politica"],"jetpack_shortlink":"https:\/\/wp.me\/p2JWE0-fYK","jetpack-related-posts":[{"id":45474,"url":"http:\/\/www.24baires.com\/?p=45474","url_meta":{"origin":61426,"position":0},"title":"Durante 2013, Argentina redujo un 30% la deuda p\u00fablica","author":"AF","date":"07\/05\/2014","format":false,"excerpt":"\"S\u00f3lo el pa\u00eds, de una lista de 16 econom\u00edas fuera de la Uni\u00f3n Europea, ha mostrado un descenso en sus niveles de deuda entre 2003 y 2013\", destaca un estudio del EAE Business School. La Argentina redujo el volumen de su deuda p\u00fablica en un 30% durante 2013, seg\u00fan un\u2026","rel":"","context":"En \u00abEconom\u00eda\u00bb","block_context":{"text":"Econom\u00eda","link":"http:\/\/www.24baires.com\/?cat=45"},"img":{"alt_text":"","src":"","width":0,"height":0},"classes":[]},{"id":36903,"url":"http:\/\/www.24baires.com\/?p=36903","url_meta":{"origin":61426,"position":1},"title":"Argentina es el pa\u00eds que m\u00e1s redujo la deuda en los \u00faltimos 10 a\u00f1os","author":"GB","date":"15\/12\/2013","format":false,"excerpt":"Argentina es el pa\u00eds que m\u00e1s redujo su endeudamiento p\u00fablico externo en la \u00faltima d\u00e9cada, en comparaci\u00f3n con los vecinos de la regi\u00f3n e incluso con econom\u00edas desarrolladas como Estados Unidos, Jap\u00f3n y Alemania, destac\u00f3 un informe del Grupo de Estudio de Econom\u00eda Nacional y Popular (GEENaP). Mientras la Argentina\u2026","rel":"","context":"En \u00abEconom\u00eda\u00bb","block_context":{"text":"Econom\u00eda","link":"http:\/\/www.24baires.com\/?cat=45"},"img":{"alt_text":"deuda publica","src":"https:\/\/i0.wp.com\/www.24baires.com\/wp-content\/uploads\/2013\/12\/deuda-publica-300x199.jpg?resize=350%2C200","width":350,"height":200},"classes":[]},{"id":22752,"url":"http:\/\/www.24baires.com\/?p=22752","url_meta":{"origin":61426,"position":2},"title":"Argentina es el pa\u00eds m\u00e1s desendeudado del mundo y Latinoam\u00e9rica debe menos que Europa","author":"Grupo Sierra","date":"05\/05\/2013","format":false,"excerpt":"Seg\u00fan un estudio de la escuela de negocios espa\u00f1ola EAE Business School, Argentina present\u00f3 una reducci\u00f3n en la \u00faltima d\u00e9cada del 73 por ciento de su tasa de deuda p\u00fablica respecto al Producto Bruto Interno (PBI), y result\u00f3 as\u00ed el pa\u00eds con mayor nivel desendeudamiento del mundo. En t\u00e9rminos de\u2026","rel":"","context":"En \u00abEconom\u00eda\u00bb","block_context":{"text":"Econom\u00eda","link":"http:\/\/www.24baires.com\/?cat=45"},"img":{"alt_text":"","src":"","width":0,"height":0},"classes":[]},{"id":112491,"url":"http:\/\/www.24baires.com\/?p=112491","url_meta":{"origin":61426,"position":3},"title":"El Banco Mundial indic\u00f3 que Argentina fue el pa\u00eds que m\u00e1s se endeud\u00f3","author":"AF","date":"14\/10\/2019","format":false,"excerpt":"El informe sobre Estad\u00edsticas de la deuda internacional del BM estim\u00f3 que el gobierno de Macri, el a\u00f1o pasado, aument\u00f3 19 por ciento el stock, liderando as\u00ed el ranking de pa\u00edses que m\u00e1s deuda externa sum\u00f3. El Banco Mundial estim\u00f3 que Argentina fue el pa\u00eds que m\u00e1s se endeud\u00f3 en\u2026","rel":"","context":"En \u00abEconom\u00eda\u00bb","block_context":{"text":"Econom\u00eda","link":"http:\/\/www.24baires.com\/?cat=45"},"img":{"alt_text":"","src":"https:\/\/i0.wp.com\/www.24baires.com\/wp-content\/uploads\/2019\/08\/macri.png?resize=350%2C200","width":350,"height":200,"srcset":"https:\/\/i0.wp.com\/www.24baires.com\/wp-content\/uploads\/2019\/08\/macri.png?resize=350%2C200 1x, https:\/\/i0.wp.com\/www.24baires.com\/wp-content\/uploads\/2019\/08\/macri.png?resize=525%2C300 1.5x"},"classes":[]},{"id":30648,"url":"http:\/\/www.24baires.com\/?p=30648","url_meta":{"origin":61426,"position":4},"title":"\u00abSue\u00f1o con una Argentina que est\u00e9 informada, para que nadie vuelva a meterles el perro\u00bb","author":"AF","date":"23\/08\/2013","format":false,"excerpt":"La Presidenta repas\u00f3 por Twitter los principales indicadores macroecon\u00f3micos y remarc\u00f3 que \"cuando estos n\u00fameros no cierran, a vos no te empieza a alcanzar ni para pagar el auto ni la casa\u201d. La primera mandataria record\u00f3 en su cuenta de Twitter que Argentina, Australia y Canad\u00e1 son pa\u00edses que integran\u2026","rel":"","context":"En \u00abPol\u00edtica\u00bb","block_context":{"text":"Pol\u00edtica","link":"http:\/\/www.24baires.com\/?cat=51"},"img":{"alt_text":"cristina ","src":"https:\/\/i0.wp.com\/www.24baires.com\/wp-content\/uploads\/2012\/12\/cristina-marita-veron.jpg?resize=350%2C200","width":350,"height":200,"srcset":"https:\/\/i0.wp.com\/www.24baires.com\/wp-content\/uploads\/2012\/12\/cristina-marita-veron.jpg?resize=350%2C200 1x, https:\/\/i0.wp.com\/www.24baires.com\/wp-content\/uploads\/2012\/12\/cristina-marita-veron.jpg?resize=525%2C300 1.5x"},"classes":[]},{"id":104021,"url":"http:\/\/www.24baires.com\/?p=104021","url_meta":{"origin":61426,"position":5},"title":"Los intereses de la deuda externa ya son superiores a los del 2001","author":"AF","date":"21\/08\/2018","format":false,"excerpt":"A pesar de que el ministro de Hacienda, Nicol\u00e1s Dujovne, celebr\u00f3 el \"sobrecumplimiento\" de las metas fiscales acordadas con el FMI, el pago de la deuda acumulada desde la asunci\u00f3n de Cambiemos augura nuevos recortes. Tambi\u00e9n pone en peligro el sistema jubilatorio vigente, ya afectado por el cambio de la\u2026","rel":"","context":"En \u00abEconom\u00eda\u00bb","block_context":{"text":"Econom\u00eda","link":"http:\/\/www.24baires.com\/?cat=45"},"img":{"alt_text":"","src":"https:\/\/i0.wp.com\/www.24baires.com\/wp-content\/uploads\/2018\/07\/dujovne-lagarde.png?resize=350%2C200","width":350,"height":200,"srcset":"https:\/\/i0.wp.com\/www.24baires.com\/wp-content\/uploads\/2018\/07\/dujovne-lagarde.png?resize=350%2C200 1x, https:\/\/i0.wp.com\/www.24baires.com\/wp-content\/uploads\/2018\/07\/dujovne-lagarde.png?resize=525%2C300 1.5x"},"classes":[]}],"jetpack_sharing_enabled":true,"jetpack_likes_enabled":true,"jetpack_featured_media_url":"","_links":{"self":[{"href":"http:\/\/www.24baires.com\/index.php?rest_route=\/wp\/v2\/posts\/61426","targetHints":{"allow":["GET"]}}],"collection":[{"href":"http:\/\/www.24baires.com\/index.php?rest_route=\/wp\/v2\/posts"}],"about":[{"href":"http:\/\/www.24baires.com\/index.php?rest_route=\/wp\/v2\/types\/post"}],"author":[{"embeddable":true,"href":"http:\/\/www.24baires.com\/index.php?rest_route=\/wp\/v2\/users\/8"}],"replies":[{"embeddable":true,"href":"http:\/\/www.24baires.com\/index.php?rest_route=%2Fwp%2Fv2%2Fcomments&post=61426"}],"version-history":[{"count":1,"href":"http:\/\/www.24baires.com\/index.php?rest_route=\/wp\/v2\/posts\/61426\/revisions"}],"predecessor-version":[{"id":61427,"href":"http:\/\/www.24baires.com\/index.php?rest_route=\/wp\/v2\/posts\/61426\/revisions\/61427"}],"wp:attachment":[{"href":"http:\/\/www.24baires.com\/index.php?rest_route=%2Fwp%2Fv2%2Fmedia&parent=61426"}],"wp:term":[{"taxonomy":"category","embeddable":true,"href":"http:\/\/www.24baires.com\/index.php?rest_route=%2Fwp%2Fv2%2Fcategories&post=61426"},{"taxonomy":"post_tag","embeddable":true,"href":"http:\/\/www.24baires.com\/index.php?rest_route=%2Fwp%2Fv2%2Ftags&post=61426"}],"curies":[{"name":"wp","href":"https:\/\/api.w.org\/{rel}","templated":true}]}}