{"id":61421,"date":"2015-02-08T10:56:11","date_gmt":"2015-02-08T13:56:11","guid":{"rendered":"http:\/\/www.24baires.com\/?p=61421"},"modified":"2015-02-08T10:56:11","modified_gmt":"2015-02-08T13:56:11","slug":"scioli-estuvo-en-rio-negro-con-un-posible-companero-de-formula","status":"publish","type":"post","link":"http:\/\/www.24baires.com\/?p=61421","title":{"rendered":"Scioli estuvo en R\u00edo Negro con un posible compa\u00f1ero de f\u00f3rmula"},"content":{"rendered":"<p><img data-recalc-dims=\"1\" loading=\"lazy\" decoding=\"async\" class=\"aligncenter size-full wp-image-61422\" src=\"https:\/\/i0.wp.com\/www.24baires.com\/wp-content\/uploads\/2015\/02\/scioli-rio-negro.jpg?resize=560%2C313\" alt=\"scioli rio negro\" width=\"560\" height=\"313\" srcset=\"https:\/\/i0.wp.com\/www.24baires.com\/wp-content\/uploads\/2015\/02\/scioli-rio-negro.jpg?w=560 560w, https:\/\/i0.wp.com\/www.24baires.com\/wp-content\/uploads\/2015\/02\/scioli-rio-negro.jpg?resize=300%2C168 300w\" sizes=\"auto, (max-width: 560px) 100vw, 560px\" \/>El gobernador de la provincia de Buenos Aires y precandidato presidencial Daniel Scioli se mostr\u00f3 junto al senador Miguel \u00c1ngel Pichetto en la Fiesta Nacional de la Manzana 2015 en la localidad de General Roca, provincia de R\u00edo Negro. <!--more--><\/p>\n<p>All\u00ed, Scioli manifest\u00f3 su convicci\u00f3n de que la Argentina \u00abnecesita la unidad ante todo y cambiar la &#8216;O&#8217; por la &#8216;Y&#8217;: es Pichetto y Soria, es el campo y la industria, son los empresarios y los trabajadores, es la Argentina y el mundo, y yo vengo a proponer la gran etapa del desarrollo y la integraci\u00f3n\u00bb.<\/p>\n<p>En este marco, el gobernador recorri\u00f3 el predio de la Fiesta Nacional de la Manzana, acompa\u00f1ado por una multitud, donde adem\u00e1s se interioriz\u00f3 sobre los avances en producci\u00f3n de frutas del sector y destac\u00f3 que es \u00abuna fiesta popular y cultural que congrega la identidad de una provincia como R\u00edo Negro\u00bb.<\/p>\n<p>Estuvieron tambi\u00e9n presentes el secretario de Derechos Humanos, Guido Carlotto y el senador provincial, Alberto De Fazio.<\/p>\n<p>&nbsp;<\/p>\n<p>&nbsp;<\/p>\n<p>&nbsp;<\/p>\n<p>&nbsp;<\/p>\n<p>&nbsp;<\/p>\n<p>&nbsp;<\/p>\n<p>&nbsp;<\/p>\n<p>&nbsp;<\/p>\n<p>&nbsp;<\/p>\n<p>&nbsp;<\/p>\n<p>&nbsp;<\/p>\n<p>&nbsp;<\/p>\n<p>&nbsp;<\/p>\n<p>&nbsp;<\/p>\n","protected":false},"excerpt":{"rendered":"<p>El gobernador de la provincia de Buenos Aires y precandidato presidencial Daniel Scioli se mostr\u00f3 junto al senador Miguel \u00c1ngel Pichetto en la Fiesta Nacional de la Manzana 2015 en la localidad de General Roca, provincia de R\u00edo Negro.<\/p>\n","protected":false},"author":8,"featured_media":0,"comment_status":"open","ping_status":"open","sticky":false,"template":"","format":"standard","meta":{"_jetpack_newsletter_access":"","_jetpack_dont_email_post_to_subs":false,"_jetpack_newsletter_tier_id":0,"_jetpack_memberships_contains_paywalled_content":false,"_jetpack_memberships_contains_paid_content":false,"footnotes":""},"categories":[51],"tags":[],"class_list":["post-61421","post","type-post","status-publish","format-standard","hentry","category-politica"],"jetpack_shortlink":"https:\/\/wp.me\/p2JWE0-fYF","jetpack-related-posts":[{"id":108387,"url":"http:\/\/www.24baires.com\/?p=108387","url_meta":{"origin":61421,"position":0},"title":"Scioli ratific\u00f3 su candidatura presidencial","author":"GB","date":"25\/05\/2019","format":false,"excerpt":"El exgobernador de la Provincia de Buenos Aires particip\u00f3 del Congreso Educativo de Ajedrez que se realiz\u00f3 en la ciudad balnearia y manifest\u00f3 sus deseos de ser el primer mandatario del pa\u00eds despu\u00e9s del 10 de diciembre, sin embargo aclar\u00f3: \u201cVer\u00e9 como peronista en qu\u00e9 lugar puedo hacer mi mayor\u2026","rel":"","context":"En \u00abPol\u00edtica\u00bb","block_context":{"text":"Pol\u00edtica","link":"http:\/\/www.24baires.com\/?cat=51"},"img":{"alt_text":"","src":"https:\/\/i0.wp.com\/www.24baires.com\/wp-content\/uploads\/2019\/05\/scioli-mar-del.jpg?resize=350%2C200","width":350,"height":200,"srcset":"https:\/\/i0.wp.com\/www.24baires.com\/wp-content\/uploads\/2019\/05\/scioli-mar-del.jpg?resize=350%2C200 1x, https:\/\/i0.wp.com\/www.24baires.com\/wp-content\/uploads\/2019\/05\/scioli-mar-del.jpg?resize=525%2C300 1.5x"},"classes":[]},{"id":65609,"url":"http:\/\/www.24baires.com\/?p=65609","url_meta":{"origin":61421,"position":1},"title":"Pichetto consider\u00f3 que Fayt no tiene la lucidez necesaria para ocupar su cargo","author":"GB","date":"08\/05\/2015","format":false,"excerpt":"\"Yo no s\u00e9 si a esa edad uno est\u00e1 con toda la lucidez necesaria para afrontar una tarea de la importancia y de la responsabilidad que significa ser juez de la Corte\u201d, dijo el senador candidato a gobernador de R\u00edo Negro. El senador nacional y candidato a gobernador de R\u00edo\u2026","rel":"","context":"En \u00abPol\u00edtica\u00bb","block_context":{"text":"Pol\u00edtica","link":"http:\/\/www.24baires.com\/?cat=51"},"img":{"alt_text":"","src":"https:\/\/i0.wp.com\/www.24baires.com\/wp-content\/uploads\/2015\/05\/pichetto.jpg?resize=350%2C200","width":350,"height":200,"srcset":"https:\/\/i0.wp.com\/www.24baires.com\/wp-content\/uploads\/2015\/05\/pichetto.jpg?resize=350%2C200 1x, https:\/\/i0.wp.com\/www.24baires.com\/wp-content\/uploads\/2015\/05\/pichetto.jpg?resize=525%2C300 1.5x"},"classes":[]},{"id":34283,"url":"http:\/\/www.24baires.com\/?p=34283","url_meta":{"origin":61421,"position":2},"title":"Resaltaron la consolidaci\u00f3n del FpV como fuerza nacional","author":"GB","date":"28\/10\/2013","format":false,"excerpt":"Gobernadores, candidatos electos y dirigentes oficialistas destacaron la performance del Frente Para la Victoria en los comicios de este domingo, que posicionaron nuevamente al oficialismo como primera fuerza nacional. En ese marco el jefe de Gabinete, Juan Manuel Abal Medina, resalt\u00f3 la elecci\u00f3n realizada a nivel nacional, con la cual\u2026","rel":"","context":"En \u00abELECCIONES 2013\u00bb","block_context":{"text":"ELECCIONES 2013","link":"http:\/\/www.24baires.com\/?cat=72"},"img":{"alt_text":"","src":"https:\/\/i0.wp.com\/www.24baires.com\/wp-content\/uploads\/2013\/10\/fpv.jpg?resize=350%2C200","width":350,"height":200},"classes":[]},{"id":28685,"url":"http:\/\/www.24baires.com\/?p=28685","url_meta":{"origin":61421,"position":3},"title":"Scioli tambi\u00e9n ir\u00e1 al interior a apoyar a los candidatos del FpV","author":"Grupo Sierra","date":"21\/07\/2013","format":false,"excerpt":"Tras haberse puesto a disposici\u00f3n del Frente para la Victoria (FpV) para la estrat\u00e9gica campa\u00f1a bonaerense, el gobernador Daniel Scioli ya tiene previsto aceptar invitaciones de dirigentes peronistas de distintas provincias en plena campa\u00f1a electoral. A las cotidianas recorridas junto a Mart\u00edn Insaurralde y otros candidatos del kirchnerismo en la\u2026","rel":"","context":"En \u00abPol\u00edtica\u00bb","block_context":{"text":"Pol\u00edtica","link":"http:\/\/www.24baires.com\/?cat=51"},"img":{"alt_text":"insaurral scioli acto","src":"https:\/\/i0.wp.com\/www.24baires.com\/wp-content\/uploads\/2013\/07\/insaurral-scioli-acto-300x185.jpg?resize=350%2C200","width":350,"height":200},"classes":[]},{"id":112427,"url":"http:\/\/www.24baires.com\/?p=112427","url_meta":{"origin":61421,"position":4},"title":"Vidal se adjudic\u00f3 obras del R\u00edo Areco y Dura\u00f1ona sali\u00f3 a cruzarla: \u201cVos las frenaste\u201d","author":"GB","date":"09\/10\/2019","format":false,"excerpt":"Las redes sociales se hicieron eco de la embestida del intendente y en minutos llovieron mensajes contra la gobernadora. Tras supervisar y adjudicarse el avance de una obra hidr\u00e1ulica en San Antonio de Areco, el intendente local, Francisco \u201cPaco\u201d Dura\u00f1ona, sali\u00f3 a contradecirla. \u201cNos toc\u00f3 un d\u00eda incre\u00edble para ir\u2026","rel":"","context":"En \u00abProvincia\u00bb","block_context":{"text":"Provincia","link":"http:\/\/www.24baires.com\/?cat=40"},"img":{"alt_text":"","src":"https:\/\/i0.wp.com\/www.24baires.com\/wp-content\/uploads\/2019\/10\/VIDAL.jpg?resize=350%2C200","width":350,"height":200,"srcset":"https:\/\/i0.wp.com\/www.24baires.com\/wp-content\/uploads\/2019\/10\/VIDAL.jpg?resize=350%2C200 1x, https:\/\/i0.wp.com\/www.24baires.com\/wp-content\/uploads\/2019\/10\/VIDAL.jpg?resize=525%2C300 1.5x"},"classes":[]},{"id":120034,"url":"http:\/\/www.24baires.com\/?p=120034","url_meta":{"origin":61421,"position":5},"title":"Con una agenda industrial, Axel Kicillof llega a Brasil","author":"GB","date":"24\/04\/2023","format":false,"excerpt":"El gobernador de la provincia de Buenos Aires, Axel Kicillof, estar\u00e1 hoy y ma\u00f1ana en la ciudad de S\u00e3o Paulo. Como hab\u00eda anticipado INFOCIELO, el gobernador de la provincia de Buenos Aires, Axel Kicillof, comienza su semana en Brasil. El mandatario estar\u00e1 en S\u00e3o Paulo, la ciudad m\u00e1s poblada del\u2026","rel":"","context":"En \u00abEconom\u00eda\u00bb","block_context":{"text":"Econom\u00eda","link":"http:\/\/www.24baires.com\/?cat=45"},"img":{"alt_text":"","src":"https:\/\/i0.wp.com\/www.24baires.com\/wp-content\/uploads\/2023\/04\/kicillof-brasil.webp?resize=350%2C200","width":350,"height":200,"srcset":"https:\/\/i0.wp.com\/www.24baires.com\/wp-content\/uploads\/2023\/04\/kicillof-brasil.webp?resize=350%2C200 1x, https:\/\/i0.wp.com\/www.24baires.com\/wp-content\/uploads\/2023\/04\/kicillof-brasil.webp?resize=525%2C300 1.5x, https:\/\/i0.wp.com\/www.24baires.com\/wp-content\/uploads\/2023\/04\/kicillof-brasil.webp?resize=700%2C400 2x"},"classes":[]}],"jetpack_sharing_enabled":true,"jetpack_likes_enabled":true,"jetpack_featured_media_url":"","_links":{"self":[{"href":"http:\/\/www.24baires.com\/index.php?rest_route=\/wp\/v2\/posts\/61421","targetHints":{"allow":["GET"]}}],"collection":[{"href":"http:\/\/www.24baires.com\/index.php?rest_route=\/wp\/v2\/posts"}],"about":[{"href":"http:\/\/www.24baires.com\/index.php?rest_route=\/wp\/v2\/types\/post"}],"author":[{"embeddable":true,"href":"http:\/\/www.24baires.com\/index.php?rest_route=\/wp\/v2\/users\/8"}],"replies":[{"embeddable":true,"href":"http:\/\/www.24baires.com\/index.php?rest_route=%2Fwp%2Fv2%2Fcomments&post=61421"}],"version-history":[{"count":1,"href":"http:\/\/www.24baires.com\/index.php?rest_route=\/wp\/v2\/posts\/61421\/revisions"}],"predecessor-version":[{"id":61423,"href":"http:\/\/www.24baires.com\/index.php?rest_route=\/wp\/v2\/posts\/61421\/revisions\/61423"}],"wp:attachment":[{"href":"http:\/\/www.24baires.com\/index.php?rest_route=%2Fwp%2Fv2%2Fmedia&parent=61421"}],"wp:term":[{"taxonomy":"category","embeddable":true,"href":"http:\/\/www.24baires.com\/index.php?rest_route=%2Fwp%2Fv2%2Fcategories&post=61421"},{"taxonomy":"post_tag","embeddable":true,"href":"http:\/\/www.24baires.com\/index.php?rest_route=%2Fwp%2Fv2%2Ftags&post=61421"}],"curies":[{"name":"wp","href":"https:\/\/api.w.org\/{rel}","templated":true}]}}