{"id":61409,"date":"2015-02-07T18:00:54","date_gmt":"2015-02-07T21:00:54","guid":{"rendered":"http:\/\/www.24baires.com\/?p=61409"},"modified":"2015-02-07T17:56:00","modified_gmt":"2015-02-07T20:56:00","slug":"la-fiscal-caamano-cuestiono-a-la-corporacion-judicial","status":"publish","type":"post","link":"http:\/\/www.24baires.com\/?p=61409","title":{"rendered":"La fiscal Caama\u00f1o cuestion\u00f3 a la \u00abcorporaci\u00f3n judicial\u00bb"},"content":{"rendered":"<p>La fiscal federal en lo criminal Cristina Caama\u00f1o dijo que no ir\u00e1 a la marcha convocada por un grupo de pares porque \u00abhay integrantes del Poder Judicial\u00bb que no la representan entre los que identific\u00f3 al Fiscal General, Ricardo S\u00e1enz, a quien relacion\u00f3 con un comisario de la Polic\u00eda Federal denunciado por tr\u00e1fico de influencias, negociaciones incompatibles con la funci\u00f3n p\u00fablica y enriquecimiento il\u00edcito.<!--more--><\/p>\n<p>\u00abHay integrantes del Poder Judicial como el fiscal general Ricardo Oscar S\u00e1enz como para ir a la marcha convocada para el 18 de febrero. Son la corporaci\u00f3n judicial\u00bb, dijo la fiscal en di\u00e1logo con T\u00e9lam.<\/p>\n<p>Caama\u00f1o record\u00f3 adem\u00e1s que S\u00e1enz estuvo involucrado con el comisario de la Polic\u00eda Federal Marcelo Emilio Pecorelli, denunciado por tr\u00e1fico de influencias, entre otras cosas.<\/p>\n<p>La fiscal record\u00f3 la denuncia realizada por ella contra Pecorelli, en ese entonces subdirector de asuntos jur\u00eddicos de la Polic\u00eda Federal, por exacciones ilegales, tr\u00e1fico de influencias, negociaciones incompatibles con la funci\u00f3n p\u00fablica, enriquecimiento il\u00edcito y violaci\u00f3n de sus deberes funcionales, que por sorteo lleg\u00f3 al juez federal Juan Ramos Padilla.<\/p>\n<p>Ramos Padilla orden\u00f3 la realizaci\u00f3n de escuchas telef\u00f3nicas en las que aparecen di\u00e1logos entre S\u00e1enz y Pecorelli que evidenciaban el grado de familiaridad del trato y el pedido de Pecorelli y su preocupaci\u00f3n porque el sumario estaba en secreto y le pidi\u00f3 al fiscal que averiguara sobre su contenido.<\/p>\n<p>El detalle de este v\u00ednculo qued\u00f3 plasmado en una nota publicada en el diario P\u00e1gina 12 del 9 de junio de 2013, en la que se relata que en esos di\u00e1logos S\u00e1enz le aclar\u00f3 que el fiscal que interven\u00eda en la causa, Carlos Velarde, no depend\u00eda de \u00e9l por lo que no pod\u00eda vulnerar el secreto de sumario.<\/p>\n<p>\u00abLa causa fue delegada a la Justicia Federal y resultaron todos absueltos y sobrese\u00eddos\u00bb, explic\u00f3 Caama\u00f1o, que en ese momento era secretaria de Seguridad de la Naci\u00f3n, y record\u00f3 que \u00ablograron de esta manera sacarle la causa a Ramos Padilla, que iba a pasar a pedir la indagatoria de los protagonistas\u00bb.<\/p>\n<p>A su vez, en di\u00e1logo con T\u00e9lam, Caama\u00f1o resalt\u00f3 que \u00abS\u00e1enz, que es el fiscal de C\u00e1mara del que depende Fein -quien est\u00e1 a cargo de la investigaci\u00f3n por la muerte de Alberto Nisman-, organiza una marcha para pedir justicia, as\u00ed que piensen ustedes qu\u00e9 nivel de presi\u00f3n puede sentir la fiscal que est\u00e1 trabajando en un caso de esta envergadura\u00bb.<\/p>\n<p>Con respecto a la marcha, destac\u00f3 que \u00abhoy muchos pol\u00edticos de la oposici\u00f3n que cuando hablan de la muerte de Nisman, hablan de homicidio cuando ni siquiera est\u00e1 establecido si lo fue\u00bb.<\/p>\n<p>Por \u00faltimo, advirti\u00f3 que \u00abconfunden a la ciudadan\u00eda, esta es una marcha opositora, no es por Nisman, es la corporaci\u00f3n judicial que no quiere cambios, que se opone a todo\u00bb.<\/p>\n","protected":false},"excerpt":{"rendered":"<p>La fiscal federal en lo criminal Cristina Caama\u00f1o dijo que no ir\u00e1 a la marcha convocada por un grupo de pares porque \u00abhay integrantes del Poder Judicial\u00bb que no la representan entre los que identific\u00f3 al Fiscal General, Ricardo S\u00e1enz, a quien relacion\u00f3 con un comisario de la Polic\u00eda Federal denunciado por tr\u00e1fico de influencias, negociaciones incompatibles con la funci\u00f3n [&#8230;]<\/p>\n","protected":false},"author":4,"featured_media":0,"comment_status":"open","ping_status":"open","sticky":false,"template":"","format":"standard","meta":{"_jetpack_newsletter_access":"","_jetpack_dont_email_post_to_subs":false,"_jetpack_newsletter_tier_id":0,"_jetpack_memberships_contains_paywalled_content":false,"_jetpack_memberships_contains_paid_content":false,"footnotes":""},"categories":[51],"tags":[],"class_list":["post-61409","post","type-post","status-publish","format-standard","hentry","category-politica"],"jetpack_shortlink":"https:\/\/wp.me\/p2JWE0-fYt","jetpack-related-posts":[{"id":113360,"url":"http:\/\/www.24baires.com\/?p=113360","url_meta":{"origin":61409,"position":0},"title":"El fiscal acept\u00f3 como arrepentido a D&#8217;Alessio","author":"AF","date":"11\/12\/2019","format":false,"excerpt":"Juan Pablo Curi acept\u00f3 el acuerdo de colaboraci\u00f3n. El juez de Dolores Alejo Ramos Padilla decidir\u00e1 si lo homologa. El falso abogado Marcelo Sebasti\u00e1n D'Alessio fue aceptado por el fiscal federal de Dolores, Juan Pablo Curi, para ser considerado \"arrepentido\" en la causa por espionaje y extorsi\u00f3n en la que\u2026","rel":"","context":"En \u00abJUDICIALES\u00bb","block_context":{"text":"JUDICIALES","link":"http:\/\/www.24baires.com\/?cat=68"},"img":{"alt_text":"","src":"https:\/\/i0.wp.com\/www.24baires.com\/wp-content\/uploads\/2019\/04\/dalessio.jpg?resize=350%2C200","width":350,"height":200,"srcset":"https:\/\/i0.wp.com\/www.24baires.com\/wp-content\/uploads\/2019\/04\/dalessio.jpg?resize=350%2C200 1x, https:\/\/i0.wp.com\/www.24baires.com\/wp-content\/uploads\/2019\/04\/dalessio.jpg?resize=525%2C300 1.5x"},"classes":[]},{"id":105473,"url":"http:\/\/www.24baires.com\/?p=105473","url_meta":{"origin":61409,"position":1},"title":"Moyano ampliar\u00e1 la denuncia contra Macri por presionar a la Justicia","author":"GB","date":"16\/11\/2018","format":false,"excerpt":"El abogado Daniel Llermanos confirm\u00f3 presiones del Poder Ejecutivo sobre el Poder Judicial para detener a los camioneros y denunci\u00f3 un entramado conformado por muchos funcionarios. El abogado de los Moyano, Daniel Llermanos, adelant\u00f3 a El Destape que ampliar\u00e1 las denuncias que present\u00f3 en la Justicia por \"aprietes pol\u00edticos\" del\u2026","rel":"","context":"En \u00abPol\u00edtica\u00bb","block_context":{"text":"Pol\u00edtica","link":"http:\/\/www.24baires.com\/?cat=51"},"img":{"alt_text":"","src":"https:\/\/i0.wp.com\/www.24baires.com\/wp-content\/uploads\/2018\/10\/pablo-moyano.jpg?resize=350%2C200","width":350,"height":200,"srcset":"https:\/\/i0.wp.com\/www.24baires.com\/wp-content\/uploads\/2018\/10\/pablo-moyano.jpg?resize=350%2C200 1x, https:\/\/i0.wp.com\/www.24baires.com\/wp-content\/uploads\/2018\/10\/pablo-moyano.jpg?resize=525%2C300 1.5x"},"classes":[]},{"id":115494,"url":"http:\/\/www.24baires.com\/?p=115494","url_meta":{"origin":61409,"position":2},"title":"Esc\u00e1ndalo en la AFI: denuncian a Macri y Arribas por venta de armas a funcionarios","author":"AF","date":"29\/06\/2020","format":false,"excerpt":"Cristina Caama\u00f1o asegur\u00f3 que se trata de 290 unidades otorgadas a precios \u201cirrisorios\u201d durante el gobierno anterior. La interventora de la Agencia Federal de Inteligencia (AFI), Cristina Caama\u00f1o, denunci\u00f3 al ex presidente, Mauricio Macri, y a las antiguas autoridades del organismo, Gustavo Arribas y Silvia Majdalani, por la presunta venta\u2026","rel":"","context":"En \u00abJUDICIALES\u00bb","block_context":{"text":"JUDICIALES","link":"http:\/\/www.24baires.com\/?cat=68"},"img":{"alt_text":"","src":"https:\/\/i0.wp.com\/www.24baires.com\/wp-content\/uploads\/2019\/10\/bolsonaro-macri.jpg?resize=350%2C200","width":350,"height":200,"srcset":"https:\/\/i0.wp.com\/www.24baires.com\/wp-content\/uploads\/2019\/10\/bolsonaro-macri.jpg?resize=350%2C200 1x, https:\/\/i0.wp.com\/www.24baires.com\/wp-content\/uploads\/2019\/10\/bolsonaro-macri.jpg?resize=525%2C300 1.5x"},"classes":[]},{"id":100320,"url":"http:\/\/www.24baires.com\/?p=100320","url_meta":{"origin":61409,"position":3},"title":"El Jefe de la Bonaerense denunci\u00f3 a su hermano por corrupci\u00f3n","author":"GB","date":"02\/02\/2018","format":false,"excerpt":"Fabi\u00e1n Perroni detuvo a su hermano Fabio por haber ofrecido seguros en comisar\u00edas a cambio de una comisi\u00f3n. Est\u00e1 imputado por \"tr\u00e1fico de influencias\" y \"tentativa de estafa\". El jefe de la Polic\u00eda Bonaerense, Fabi\u00e1n Perroni, denunci\u00f3 y detuvo a su hermano por \"tr\u00e1fico de influencias\" y \"tentativa de estafa\".\u2026","rel":"","context":"En \u00abProvincia\u00bb","block_context":{"text":"Provincia","link":"http:\/\/www.24baires.com\/?cat=40"},"img":{"alt_text":"","src":"https:\/\/i0.wp.com\/www.24baires.com\/wp-content\/uploads\/2018\/02\/perroni.jpg?resize=350%2C200","width":350,"height":200,"srcset":"https:\/\/i0.wp.com\/www.24baires.com\/wp-content\/uploads\/2018\/02\/perroni.jpg?resize=350%2C200 1x, https:\/\/i0.wp.com\/www.24baires.com\/wp-content\/uploads\/2018\/02\/perroni.jpg?resize=525%2C300 1.5x"},"classes":[]},{"id":107680,"url":"http:\/\/www.24baires.com\/?p=107680","url_meta":{"origin":61409,"position":4},"title":"Procesaron al fiscal Fern\u00e1ndez Garello por delitos de lesa humanidad","author":"AF","date":"15\/04\/2019","format":false,"excerpt":"El fiscal general de Mar del Plata, Fabi\u00e1n Fern\u00e1ndez Garello, qued\u00f3 procesado por participar del secuestro y tortura de tres militantes del Partido Comunista durante la \u00faltima dictadura c\u00edvico-militar, cuando era agente de la Delegaci\u00f3n Regional de Inteligencia III (DIPPBA). La jueza federal de San Mart\u00edn Alicia Vence lo proces\u00f3\u2026","rel":"","context":"En \u00abJUDICIALES\u00bb","block_context":{"text":"JUDICIALES","link":"http:\/\/www.24baires.com\/?cat=68"},"img":{"alt_text":"","src":"https:\/\/i0.wp.com\/www.24baires.com\/wp-content\/uploads\/2019\/04\/fern%C3%A1ndez-garello.jpg?resize=350%2C200","width":350,"height":200,"srcset":"https:\/\/i0.wp.com\/www.24baires.com\/wp-content\/uploads\/2019\/04\/fern%C3%A1ndez-garello.jpg?resize=350%2C200 1x, https:\/\/i0.wp.com\/www.24baires.com\/wp-content\/uploads\/2019\/04\/fern%C3%A1ndez-garello.jpg?resize=525%2C300 1.5x"},"classes":[]},{"id":107443,"url":"http:\/\/www.24baires.com\/?p=107443","url_meta":{"origin":61409,"position":5},"title":"Tras el tiroteo, desafectaron al jefe de la DDI Lan\u00fas y a nueve efectivos de la Bonaerense","author":"AF","date":"30\/03\/2019","format":false,"excerpt":"TrasEl comisario mayor Jos\u00e9 Hern\u00e1ndez; los tres agentes que fueron detenidos y todo el gabinete de narcotr\u00e1fico de esa dependencia quedaron desafectados de sus funciones. Fuentes de la Auditor\u00eda de Asuntos Internos del Ministerio de Seguridad bonaerense indicaron a T\u00e9lam que tanto ellos como la fiscal de Avellaneda, Soledad Garibaldi,\u2026","rel":"","context":"En \u00abPoliciales\u00bb","block_context":{"text":"Policiales","link":"http:\/\/www.24baires.com\/?cat=49"},"img":{"alt_text":"","src":"https:\/\/i0.wp.com\/www.24baires.com\/wp-content\/uploads\/2019\/03\/0036345932.jpeg?resize=350%2C200","width":350,"height":200,"srcset":"https:\/\/i0.wp.com\/www.24baires.com\/wp-content\/uploads\/2019\/03\/0036345932.jpeg?resize=350%2C200 1x, https:\/\/i0.wp.com\/www.24baires.com\/wp-content\/uploads\/2019\/03\/0036345932.jpeg?resize=525%2C300 1.5x"},"classes":[]}],"jetpack_sharing_enabled":true,"jetpack_likes_enabled":true,"jetpack_featured_media_url":"","_links":{"self":[{"href":"http:\/\/www.24baires.com\/index.php?rest_route=\/wp\/v2\/posts\/61409","targetHints":{"allow":["GET"]}}],"collection":[{"href":"http:\/\/www.24baires.com\/index.php?rest_route=\/wp\/v2\/posts"}],"about":[{"href":"http:\/\/www.24baires.com\/index.php?rest_route=\/wp\/v2\/types\/post"}],"author":[{"embeddable":true,"href":"http:\/\/www.24baires.com\/index.php?rest_route=\/wp\/v2\/users\/4"}],"replies":[{"embeddable":true,"href":"http:\/\/www.24baires.com\/index.php?rest_route=%2Fwp%2Fv2%2Fcomments&post=61409"}],"version-history":[{"count":1,"href":"http:\/\/www.24baires.com\/index.php?rest_route=\/wp\/v2\/posts\/61409\/revisions"}],"predecessor-version":[{"id":61410,"href":"http:\/\/www.24baires.com\/index.php?rest_route=\/wp\/v2\/posts\/61409\/revisions\/61410"}],"wp:attachment":[{"href":"http:\/\/www.24baires.com\/index.php?rest_route=%2Fwp%2Fv2%2Fmedia&parent=61409"}],"wp:term":[{"taxonomy":"category","embeddable":true,"href":"http:\/\/www.24baires.com\/index.php?rest_route=%2Fwp%2Fv2%2Fcategories&post=61409"},{"taxonomy":"post_tag","embeddable":true,"href":"http:\/\/www.24baires.com\/index.php?rest_route=%2Fwp%2Fv2%2Ftags&post=61409"}],"curies":[{"name":"wp","href":"https:\/\/api.w.org\/{rel}","templated":true}]}}