{"id":61407,"date":"2015-02-07T17:00:29","date_gmt":"2015-02-07T20:00:29","guid":{"rendered":"http:\/\/www.24baires.com\/?p=61407"},"modified":"2015-02-07T17:27:39","modified_gmt":"2015-02-07T20:27:39","slug":"desde-el-pro-confirman-que-no-haran-acuerdos-electorales-con-el-massismo","status":"publish","type":"post","link":"http:\/\/www.24baires.com\/?p=61407","title":{"rendered":"Desde el PRO confirman que no har\u00e1n acuerdos electorales con el massismo"},"content":{"rendered":"<p><img data-recalc-dims=\"1\" loading=\"lazy\" decoding=\"async\" src=\"https:\/\/i0.wp.com\/www.24baires.com\/wp-content\/uploads\/2013\/07\/macri-massa.jpg?resize=560%2C315\" alt=\"macri massa\" width=\"560\" height=\"315\" class=\"aligncenter size-full wp-image-27658\" srcset=\"https:\/\/i0.wp.com\/www.24baires.com\/wp-content\/uploads\/2013\/07\/macri-massa.jpg?w=560 560w, https:\/\/i0.wp.com\/www.24baires.com\/wp-content\/uploads\/2013\/07\/macri-massa.jpg?resize=300%2C168 300w\" sizes=\"auto, (max-width: 560px) 100vw, 560px\" \/>El Presidente del Consejo Nacional del PRO, Humberto Schiavoni, confirm\u00f3 que no hay posibilidad de ning\u00fan tipo de acuerdo electoral con el Frente Renovador, ya que \u00abun frente opositor tiene que ser coherente\u00bb, y en ese sentido record\u00f3 que Sergio Massa y otros dirigentes del espacio fueron parte del kirchnerismo \u00abconvalidando sus pol\u00edticas desde el ejercicio de gobierno\u00bb.<!--more--><\/p>\n<p>\u00abNosotros pensamos que un frente opositor tiene que ser coherente, y los que participen no tienen que haber convalidado desde el ejercicio del gobierno las pol\u00edticas que hoy estamos queriendo desterrar\u00bb, afirm\u00f3, por lo que dijo estar \u00ababsolutamente en contra\u00bb de cualquier tipo de acuerdo a nivel provincial o nacional con el partido de Massa.<\/p>\n<p>El Frente Renovador, seg\u00fan Schiavoni, es \u00abuna variante del peronismo kirchnerista\u00bb, pero desde el PRO quieren \u00abexpresar lo nuevo y lo distinto\u00bb, afirm\u00f3, por lo que ser\u00eda una \u00abincoherencia\u00bb incluirlo en cualquier tipo de armado.<\/p>\n<p>En relaci\u00f3n a los posibles acuerdos electorales que se est\u00e1n manejando desde el partido liderado a nivel nacional por Mauricio Macri, sostuvo que avanzan las negociaciones en provincias como Salta, Mendoza, Chaco y C\u00f3rdoba, en donde, en algunas de ellas, el partido de Sergio Massa \u00abno tiene participaci\u00f3n\u00bb.<\/p>\n<p>Tras el anuncio realizado por Macri y Carri\u00f3 de competir en las paso a nivel nacional, y luego de que esa decisi\u00f3n haya despertado resquemores dentro del espacio UNEN -en donde se incluye el radicalismo, partido con el cual el PRO negocia sus armados en distintas provincias argentinas-, sostuvo que \u00abno\u00bb opinan, porque \u00absi hay disidencias que las vean los otros\u00bb.<\/p>\n<p>\u00abNosotros seguimos adelante con nuestra propuesta y estamos dispuestos a convocar un frente opositor con el radicalismo u otro partido siempre que guardemos la coherencia\u00bb, finaliz\u00f3.<\/p>\n","protected":false},"excerpt":{"rendered":"<p>El Presidente del Consejo Nacional del PRO, Humberto Schiavoni, confirm\u00f3 que no hay posibilidad de ning\u00fan tipo de acuerdo electoral con el Frente Renovador, ya que \u00abun frente opositor tiene que ser coherente\u00bb, y en ese sentido record\u00f3 que Sergio Massa y otros dirigentes del espacio fueron parte del kirchnerismo \u00abconvalidando sus pol\u00edticas desde el ejercicio de gobierno\u00bb.<\/p>\n","protected":false},"author":4,"featured_media":0,"comment_status":"open","ping_status":"open","sticky":false,"template":"","format":"standard","meta":{"_jetpack_newsletter_access":"","_jetpack_dont_email_post_to_subs":false,"_jetpack_newsletter_tier_id":0,"_jetpack_memberships_contains_paywalled_content":false,"_jetpack_memberships_contains_paid_content":false,"footnotes":""},"categories":[51],"tags":[],"class_list":["post-61407","post","type-post","status-publish","format-standard","hentry","category-politica"],"jetpack_shortlink":"https:\/\/wp.me\/p2JWE0-fYr","jetpack-related-posts":[{"id":67182,"url":"http:\/\/www.24baires.com\/?p=67182","url_meta":{"origin":61407,"position":0},"title":"Desde el PRO contin\u00faan firmes: \u00abno hay negociaci\u00f3n ni acuerdo con Massa\u00bb","author":"AF","date":"08\/06\/2015","format":false,"excerpt":"El presidente del Consejo Nacional del partido, Humberto Schiavoni, afirm\u00f3 que el espacio que encabeza Mauricio Macri \"no puede aliarse con los que participaron en la implementaci\u00f3n de las pol\u00edticas\" que buscan cambiar, si llegan a la Presidencia de la Naci\u00f3n. \"Somos respetuosos de las decisiones de otros espacios, pero\u2026","rel":"","context":"En \u00abElecciones 2015\u00bb","block_context":{"text":"Elecciones 2015","link":"http:\/\/www.24baires.com\/?cat=74"},"img":{"alt_text":"","src":"https:\/\/i0.wp.com\/www.24baires.com\/wp-content\/uploads\/2015\/06\/macri-massa.jpg?resize=350%2C200","width":350,"height":200,"srcset":"https:\/\/i0.wp.com\/www.24baires.com\/wp-content\/uploads\/2015\/06\/macri-massa.jpg?resize=350%2C200 1x, https:\/\/i0.wp.com\/www.24baires.com\/wp-content\/uploads\/2015\/06\/macri-massa.jpg?resize=525%2C300 1.5x"},"classes":[]},{"id":110749,"url":"http:\/\/www.24baires.com\/?p=110749","url_meta":{"origin":61407,"position":1},"title":"Massa se sum\u00f3 al frente opositor de Alberto y Cristina","author":"AF","date":"11\/06\/2019","format":false,"excerpt":"Despu\u00e9s de largas idas y vueltas, el l\u00edder del Frente Renovador acord\u00f3 una serie de puntos con el kirchnerismo y ser\u00e1 parte del armado con el que el PJ enfrentar\u00e1 a Cambiemos en las elecciones. A un d\u00eda del cierre de alianzas electorales, el frente pol\u00edtico que lideran Alberto Fern\u00e1nez\u2026","rel":"","context":"En \u00abPol\u00edtica\u00bb","block_context":{"text":"Pol\u00edtica","link":"http:\/\/www.24baires.com\/?cat=51"},"img":{"alt_text":"","src":"https:\/\/i0.wp.com\/www.24baires.com\/wp-content\/uploads\/2019\/06\/fern%C3%A1ndez-massa.png?resize=350%2C200","width":350,"height":200,"srcset":"https:\/\/i0.wp.com\/www.24baires.com\/wp-content\/uploads\/2019\/06\/fern%C3%A1ndez-massa.png?resize=350%2C200 1x, https:\/\/i0.wp.com\/www.24baires.com\/wp-content\/uploads\/2019\/06\/fern%C3%A1ndez-massa.png?resize=525%2C300 1.5x"},"classes":[]},{"id":110766,"url":"http:\/\/www.24baires.com\/?p=110766","url_meta":{"origin":61407,"position":2},"title":"\u00abCambiemos\u00bb pasa a llamarse \u00abJuntos por el cambio\u00bb","author":"AF","date":"12\/06\/2019","format":false,"excerpt":"Tras anunciar el acuerdo con Miguel Pichetto para que acompa\u00f1e a Mauricio Macri en la f\u00f3rmula presidencial, el oficialismo realiz\u00f3 una lavada de cara al m\u00e1rketing electoral. Con la necesidad de reinventarse de cara a las presidenciales de 2019, el Gobierno confirm\u00f3 que \"Juntos por el Cambio\" ser\u00e1 el nombre\u2026","rel":"","context":"En \u00abPol\u00edtica\u00bb","block_context":{"text":"Pol\u00edtica","link":"http:\/\/www.24baires.com\/?cat=51"},"img":{"alt_text":"","src":"https:\/\/i0.wp.com\/www.24baires.com\/wp-content\/uploads\/2019\/03\/MACRI-CONGRESO.png?resize=350%2C200","width":350,"height":200,"srcset":"https:\/\/i0.wp.com\/www.24baires.com\/wp-content\/uploads\/2019\/03\/MACRI-CONGRESO.png?resize=350%2C200 1x, https:\/\/i0.wp.com\/www.24baires.com\/wp-content\/uploads\/2019\/03\/MACRI-CONGRESO.png?resize=525%2C300 1.5x"},"classes":[]},{"id":107972,"url":"http:\/\/www.24baires.com\/?p=107972","url_meta":{"origin":61407,"position":3},"title":"El acuerdo que propuso el gobierno genera m\u00e1s cr\u00edticas que adhesiones","author":"AF","date":"04\/05\/2019","format":false,"excerpt":"La propuesta del \u201cacuerdo de diez puntos\u201d, dise\u00f1ada por el Gobierno para comprometer a la oposici\u00f3n con el ajuste, parece destinada al fracaso. Fue calificada de \u201cmarketing electoral\u201d por Lavagna y de \u201coperaci\u00f3n de prensa\u201d por Massa. Hasta Pichetto tom\u00f3 distancia. El acuerdo de diez puntos precocinados que el Gobierno\u2026","rel":"","context":"En \u00abPol\u00edtica\u00bb","block_context":{"text":"Pol\u00edtica","link":"http:\/\/www.24baires.com\/?cat=51"},"img":{"alt_text":"","src":"https:\/\/i0.wp.com\/www.24baires.com\/wp-content\/uploads\/2017\/10\/mauricio-macri.jpg?resize=350%2C200","width":350,"height":200,"srcset":"https:\/\/i0.wp.com\/www.24baires.com\/wp-content\/uploads\/2017\/10\/mauricio-macri.jpg?resize=350%2C200 1x, https:\/\/i0.wp.com\/www.24baires.com\/wp-content\/uploads\/2017\/10\/mauricio-macri.jpg?resize=525%2C300 1.5x"},"classes":[]},{"id":108487,"url":"http:\/\/www.24baires.com\/?p=108487","url_meta":{"origin":61407,"position":4},"title":"El massismo define si avanza en un frente con el kirchnerismo","author":"GB","date":"30\/05\/2019","format":false,"excerpt":"El Frente Renovador bonaerense realizar\u00e1 este jueves su congreso partidario para definir el futuro del partido de cara a las elecciones. El tema central de la cumbre en Parque Norte ser\u00e1 la posibilidad de avanzar en un frente com\u00fan con el kirchnerismo y el PJ bonaerense. El congreso de los\u2026","rel":"","context":"En \u00abPol\u00edtica\u00bb","block_context":{"text":"Pol\u00edtica","link":"http:\/\/www.24baires.com\/?cat=51"},"img":{"alt_text":"","src":"https:\/\/i0.wp.com\/www.24baires.com\/wp-content\/uploads\/2019\/05\/alternativa-federal.jpg?resize=350%2C200","width":350,"height":200,"srcset":"https:\/\/i0.wp.com\/www.24baires.com\/wp-content\/uploads\/2019\/05\/alternativa-federal.jpg?resize=350%2C200 1x, https:\/\/i0.wp.com\/www.24baires.com\/wp-content\/uploads\/2019\/05\/alternativa-federal.jpg?resize=525%2C300 1.5x"},"classes":[]},{"id":108601,"url":"http:\/\/www.24baires.com\/?p=108601","url_meta":{"origin":61407,"position":5},"title":"Pichetto reconoci\u00f3 la desintegraci\u00f3n de Alternativa Federal","author":"GB","date":"06\/06\/2019","format":false,"excerpt":"Mientras Lavagna confirm\u00f3 que ir\u00e1 como candidato en soledad con Consenso 19, Pichetto sugiri\u00f3 que Massa jugar\u00eda dentro del frente que integran el PJ y Unidad Ciudadana. El escenario pol\u00edtico se polariza cada vez m\u00e1s. A d\u00edas del fin del plazo para la inscripci\u00f3n de frente pol\u00edticos el mapa electoral\u2026","rel":"","context":"En \u00abPol\u00edtica\u00bb","block_context":{"text":"Pol\u00edtica","link":"http:\/\/www.24baires.com\/?cat=51"},"img":{"alt_text":"","src":"https:\/\/i0.wp.com\/www.24baires.com\/wp-content\/uploads\/2019\/05\/alternativa-federal.jpg?resize=350%2C200","width":350,"height":200,"srcset":"https:\/\/i0.wp.com\/www.24baires.com\/wp-content\/uploads\/2019\/05\/alternativa-federal.jpg?resize=350%2C200 1x, https:\/\/i0.wp.com\/www.24baires.com\/wp-content\/uploads\/2019\/05\/alternativa-federal.jpg?resize=525%2C300 1.5x"},"classes":[]}],"jetpack_sharing_enabled":true,"jetpack_likes_enabled":true,"jetpack_featured_media_url":"","_links":{"self":[{"href":"http:\/\/www.24baires.com\/index.php?rest_route=\/wp\/v2\/posts\/61407","targetHints":{"allow":["GET"]}}],"collection":[{"href":"http:\/\/www.24baires.com\/index.php?rest_route=\/wp\/v2\/posts"}],"about":[{"href":"http:\/\/www.24baires.com\/index.php?rest_route=\/wp\/v2\/types\/post"}],"author":[{"embeddable":true,"href":"http:\/\/www.24baires.com\/index.php?rest_route=\/wp\/v2\/users\/4"}],"replies":[{"embeddable":true,"href":"http:\/\/www.24baires.com\/index.php?rest_route=%2Fwp%2Fv2%2Fcomments&post=61407"}],"version-history":[{"count":1,"href":"http:\/\/www.24baires.com\/index.php?rest_route=\/wp\/v2\/posts\/61407\/revisions"}],"predecessor-version":[{"id":61408,"href":"http:\/\/www.24baires.com\/index.php?rest_route=\/wp\/v2\/posts\/61407\/revisions\/61408"}],"wp:attachment":[{"href":"http:\/\/www.24baires.com\/index.php?rest_route=%2Fwp%2Fv2%2Fmedia&parent=61407"}],"wp:term":[{"taxonomy":"category","embeddable":true,"href":"http:\/\/www.24baires.com\/index.php?rest_route=%2Fwp%2Fv2%2Fcategories&post=61407"},{"taxonomy":"post_tag","embeddable":true,"href":"http:\/\/www.24baires.com\/index.php?rest_route=%2Fwp%2Fv2%2Ftags&post=61407"}],"curies":[{"name":"wp","href":"https:\/\/api.w.org\/{rel}","templated":true}]}}