{"id":61391,"date":"2015-02-07T12:00:58","date_gmt":"2015-02-07T15:00:58","guid":{"rendered":"http:\/\/www.24baires.com\/?p=61391"},"modified":"2015-02-08T12:26:44","modified_gmt":"2015-02-08T15:26:44","slug":"cristina-publico-la-carta-de-la-embajadora-al-congreso-de-ee-uu","status":"publish","type":"post","link":"http:\/\/www.24baires.com\/?p=61391","title":{"rendered":"Cristina public\u00f3 la carta de la embajadora al Congreso de EE.UU."},"content":{"rendered":"<p><img data-recalc-dims=\"1\" loading=\"lazy\" decoding=\"async\" class=\"aligncenter size-full wp-image-60349\" src=\"https:\/\/i0.wp.com\/www.24baires.com\/wp-content\/uploads\/2015\/01\/cristina-duelo.jpg?resize=560%2C373\" alt=\"cristina duelo\" width=\"560\" height=\"373\" srcset=\"https:\/\/i0.wp.com\/www.24baires.com\/wp-content\/uploads\/2015\/01\/cristina-duelo.jpg?w=560 560w, https:\/\/i0.wp.com\/www.24baires.com\/wp-content\/uploads\/2015\/01\/cristina-duelo.jpg?resize=300%2C200 300w\" sizes=\"auto, (max-width: 560px) 100vw, 560px\" \/>En la carta de la embajadora argentina queda de manifiesto que \u00abla lucha contra la impunidad y el terrorismo internacional constituye un pilar fundamental de los presidentes N\u00e9stor Kirchner y Cristina Fern\u00e1ndez de Kirchner\u00bb.<!--more--><\/p>\n<p>La presidenta Cristina Fern\u00e1ndez de Kirchner twitte\u00f3 hoy la carta de la embajadora Cecilia Nah\u00f3n presentada a los miembros del Congreso de los Estados Unidos donde queda de manifiesto que la lucha contra la impunidad y el terrorismo internacional constituye un pilar fundamental de su gobierno, as\u00ed como lo fue del ex presidente N\u00e9stor Kirchner.<\/p>\n<p>\u00abCarta de la Embajadora Cecilia Nah\u00f3n a los miembros del Congreso de los Estados Unidos\u00bb, publica la mandataria en su cuenta, y pega un link que redirecciona a su sitio oficial donde se puede observar una foto del atentado a la AMIA y la carta en cuesti\u00f3n.<\/p>\n<p>\u00abLa lucha contra la impunidad y el terrorismo internacional constituye un pilar fundamental de los gobiernos de los presidentes N\u00e9stor Kirchner y Cristina Fern\u00e1ndez de Kirchner\u00bb, reza el subt\u00edtulo de la misiva del 28 de enero del corriente a\u00f1o.<\/p>\n<p>A continuaci\u00f3n se agrega que la carta enviada por Nah\u00f3n fue destinada a \u00abtodos los congresistas de ese pa\u00eds fijando la posici\u00f3n argentina respecto a la investigaci\u00f3n de la causa AMIA y a la muerte del Fiscal Nisman\u00bb.<\/p>\n<p>La esquela dice lo siguiente: \u00abLe escribo en relaci\u00f3n con las declaraciones formuladas por algunos congresistas sobre la tr\u00e1gica muerte del Fiscal General Argentino Alberto Nisman. Argentina aprecia todas las condolencias extendidas. M\u00e1s a\u00fan, aprovecho esta oportunidad para expresarle que el Gobierno argentino continuar\u00e1 cooperando plenamente con el Poder<br \/>\nJudicial con el fin de llevar ante la justicia a los responsables del atentado terrorista de 1994 contra la Asociaci\u00f3n Mutual Israelita Argentina (AMIA) en Buenos Aires, as\u00ed como con la investigaci\u00f3n judicial para determinar las circunstancias del fallecimiento del Fiscal General Nisman\u00bb.<\/p>\n<p>\u00abLa lucha contra la impunidad y el terrorismo internacional constituye un pilar fundamental de los gobiernos de N\u00e9stor Kirchner (2003-2007) y Cristina Fern\u00e1ndez de Kirchner (2007- hasta el presente). Sus gobiernos han promovido activamente una firme pol\u00edtica de Estado en favor de la protecci\u00f3n y de la defensa de los derechos humanos a nivel nacional, regional e internacional.<\/p>\n<p>Desde 2003, Argentina implement\u00f3 el m\u00e1s completo conjunto de acciones jam\u00e1s visto para llegar a la verdad y ofrecer justicia a las v\u00edctimas del ataque terrorista contra la AMIA y sus familiares, y para castigar a todos los autores materiales e intelectuales de este terrible atentado. Entre estas acciones se incluye la creaci\u00f3n, en 2004, por parte de la Procuraci\u00f3n General de la Naci\u00f3n, de una Unidad Especial de Investigaci\u00f3n encabezada por Nisman, que finalmente acus\u00f3 a funcionarios iran\u00edes\u00bb, indica el texto.<\/p>\n<p>Agrega que \u00abPor consiguiente, el Gobierno argentino se ve obligado a rechazar, por no tener fundamento, las recientes acusaciones en su contra presentadas por la Unidad Fiscal de Investigaci\u00f3n en la causa AMIA. Ninguno de estos elementos en esas acusaciones constituye evidencia, en lo absoluto, de participaci\u00f3n del Gobierno de Argentina para encubrir cualquier responsabilidad en el atroz atentado contra la AMIA. Por lo tanto, el Gobierno argentino rechaza enf\u00e1ticamente todas y cada una de dichas acusaciones\u00bb.<\/p>\n<p>\u00abEl compromiso del Gobierno de Argentina con la emisi\u00f3n y el mantenimiento por parte de INTERPOL de las notificaciones rojas publicadas en relaci\u00f3n con los delitos que est\u00e1n siendo investigados en la causa AMIA es incuestionable. De hecho, en su carta, al canciller TImerman fechada el 16 de enero de 2015, Ronald Noble, secretario general de INTERPOL entre el 2000 y 2014 declara que \u00ab&#8230;en cada ocasi\u00f3n que usted y yo hablamos y nos vimos en relaci\u00f3n con las notificaciones rojas de INTERPOL emitidas con relaci\u00f3n al caso AMIA, usted indic\u00f3 que INTERPOL deb\u00eda mantener las notificaciones rojas en vigor.<br \/>\nSu posici\u00f3n y la del Gobierno argentino fueron consistentes y firmes&#8230;\u00bb.<\/p>\n<p>La carta de Na\u00f3n contin\u00faa: \u00abLuego de que la investigaci\u00f3n sobre la causa AMIA estuviera paralizada durante seis a\u00f1os, dado que Ir\u00e1n no acept\u00f3 extraditar a los acusados, y considerando que la legislaci\u00f3n argentina no permite que una persona sea juzgada &#8216;in absentia&#8217;, en 2013 Argentina firm\u00f3 un Memor\u00e1ndum de Entendimiento (MOU) con Ir\u00e1n con el objetivo \u00faltimo de posibilitar que el juez argentino interrogue a los acusados en Teher\u00e1n. El fin de este acuerdo de cooperaci\u00f3n judicial, aprobado por el Congreso de la Naci\u00f3n, era avanzar en nuestra incansable e inquebrantable lucha contra el terrorismo internacional llevando ante la justicia -mediante los instrumentos provistos por el sistema judicial argentino- a todos los autores materiales e intelectuales involucrados en el atentado contra la AMIA, as\u00ed como a aquellos que participaron o lo encubrieron. Nada en este MOU ha obstaculizado la continuidad de la investigaci\u00f3n en la causa AMIA. De hecho, en febrero de 2013 Amnist\u00eda Internacional manifest\u00f3 que \u00ab&#8230;el acuerdo entre Argentina e Ir\u00e1n es una oportunidad para reactivar la causa judicial sobre el atentado de 1994 a la AMIA, al posibilitar la realizaci\u00f3n de los interrogatorios pendientes\u00bb.<\/p>\n<p>La carta concluye que \u00abAsimismo, cabe recordar la solicitud de Argentina al Gobierno de los Estados Unidos el 26 de septiembre de 2013 para que se incluya el tema del atentado terrorista a la AMIA en el renovado proceso de di\u00e1logo entre Estados Unidos e Ir\u00e1n\u00bb.<\/p>\n<p>\u00abArgentina reitera su inquebrantable b\u00fasqueda de memoria, verdad y justicia y su compromiso con la lucha contra el terrorismo internacional y la impunidad\u00bb, dice el texto y sobre el final, la embajadora, se pone \u00aba disposici\u00f3n en caso de querer requerir mayor informaci\u00f3n o clarificaci\u00f3n\u00bb.<\/p>\n<p>&nbsp;<\/p>\n<p>&nbsp;<\/p>\n<p>&nbsp;<\/p>\n<p>&nbsp;<\/p>\n<p>&nbsp;<\/p>\n<p>&nbsp;<\/p>\n<p>&nbsp;<\/p>\n<p>&nbsp;<\/p>\n<p>&nbsp;<\/p>\n<p>&nbsp;<\/p>\n<p>&nbsp;<\/p>\n","protected":false},"excerpt":{"rendered":"<p>En la carta de la embajadora argentina queda de manifiesto que \u00abla lucha contra la impunidad y el terrorismo internacional constituye un pilar fundamental de los presidentes N\u00e9stor Kirchner y Cristina Fern\u00e1ndez de Kirchner\u00bb.<\/p>\n","protected":false},"author":8,"featured_media":0,"comment_status":"open","ping_status":"open","sticky":false,"template":"","format":"standard","meta":{"_jetpack_newsletter_access":"","_jetpack_dont_email_post_to_subs":false,"_jetpack_newsletter_tier_id":0,"_jetpack_memberships_contains_paywalled_content":false,"_jetpack_memberships_contains_paid_content":false,"footnotes":""},"categories":[51],"tags":[],"class_list":["post-61391","post","type-post","status-publish","format-standard","hentry","category-politica"],"jetpack_shortlink":"https:\/\/wp.me\/p2JWE0-fYb","jetpack-related-posts":[{"id":31189,"url":"http:\/\/www.24baires.com\/?p=31189","url_meta":{"origin":61391,"position":0},"title":"Cristina viajar\u00e1 a Rusia para participar de la cumbre del G20","author":"GB","date":"02\/09\/2013","format":false,"excerpt":"La presidenta Cristina Fern\u00e1ndez de Kirchner partir\u00e1 ma\u00f1ana hacia San Petersburgo, para participar de la cumbre que se desarrollar\u00e1 entre el jueves y el viernes pr\u00f3ximo. Se esperan debates sobre el canje de deuda, la lucha contra los para\u00edsos fiscales, y el conflicto en Siria. La presidenta Cristina Fern\u00e1ndez de\u2026","rel":"","context":"En \u00abPol\u00edtica\u00bb","block_context":{"text":"Pol\u00edtica","link":"http:\/\/www.24baires.com\/?cat=51"},"img":{"alt_text":"","src":"","width":0,"height":0},"classes":[]},{"id":107656,"url":"http:\/\/www.24baires.com\/?p=107656","url_meta":{"origin":61391,"position":1},"title":"EEUU entreg\u00f3 documentos desclasificados sobre la dictadura en Argentina","author":"GB","date":"14\/04\/2019","format":false,"excerpt":"En total se entregaron m\u00e1s de 50 mil p\u00e1ginas entre las que figuran comunicaciones entre la embajada y el Departamento de Estado El Gobierno argentino recibi\u00f3 este viernes en Washington la cuarta entrega de documentos desclasificados por los Estados Unidos relacionados con abusos a los derechos humanos cometidos antes y\u2026","rel":"","context":"En \u00abMemoria\u00bb","block_context":{"text":"Memoria","link":"http:\/\/www.24baires.com\/?cat=50"},"img":{"alt_text":"","src":"https:\/\/i0.wp.com\/www.24baires.com\/wp-content\/uploads\/2019\/04\/eeuu-garavagno.jpg?resize=350%2C200","width":350,"height":200,"srcset":"https:\/\/i0.wp.com\/www.24baires.com\/wp-content\/uploads\/2019\/04\/eeuu-garavagno.jpg?resize=350%2C200 1x, https:\/\/i0.wp.com\/www.24baires.com\/wp-content\/uploads\/2019\/04\/eeuu-garavagno.jpg?resize=525%2C300 1.5x"},"classes":[]},{"id":60770,"url":"http:\/\/www.24baires.com\/?p=60770","url_meta":{"origin":61391,"position":2},"title":"Cristina: \u00abSe crear\u00e1 la Agencia Federal de Inteligencia en lugar de la SI\u00bb","author":"Grupo Sierra","date":"26\/01\/2015","format":false,"excerpt":"La presidenta Cristina Fern\u00e1ndez de Kirchner confirm\u00f3 el env\u00edo de un proyecto de ley para transparentar los servicios de inteligencia del pa\u00eds, que prev\u00e9 disolver la SI. Los servicios \u201cno sirvieron a los intereses del pa\u00eds\u201d, agreg\u00f3. La presidenta Cristina Fern\u00e1ndez de Kirchner lo confirm\u00f3 esta tarde al hablar por\u2026","rel":"","context":"En \u00abSociedad\u00bb","block_context":{"text":"Sociedad","link":"http:\/\/www.24baires.com\/?cat=1"},"img":{"alt_text":"","src":"https:\/\/i0.wp.com\/www.24baires.com\/wp-content\/uploads\/2015\/01\/cris.jpg?resize=350%2C200","width":350,"height":200,"srcset":"https:\/\/i0.wp.com\/www.24baires.com\/wp-content\/uploads\/2015\/01\/cris.jpg?resize=350%2C200 1x, https:\/\/i0.wp.com\/www.24baires.com\/wp-content\/uploads\/2015\/01\/cris.jpg?resize=525%2C300 1.5x"},"classes":[]},{"id":72840,"url":"http:\/\/www.24baires.com\/?p=72840","url_meta":{"origin":61391,"position":3},"title":"La AFI pide que se libre la \u00abcircular azul\u00bb en busca de Stiuso","author":"AF","date":"29\/09\/2015","format":false,"excerpt":"Lo solicit\u00f3 la Agencia Federal de Inteligencia al juez federal Norberto Oyarbide. Esta circular se tramita en Interpol y habilita la b\u00f1usqeda del ex director de Operaciones de la ex SIDE, quien se cree est\u00e1 en Miami. La Agencia Federal de Inteligencia (AFI) pidi\u00f3 hoy al juez federal Norberto Oyarbide\u2026","rel":"","context":"En \u00abJUDICIALES\u00bb","block_context":{"text":"JUDICIALES","link":"http:\/\/www.24baires.com\/?cat=68"},"img":{"alt_text":"","src":"","width":0,"height":0},"classes":[]},{"id":113285,"url":"http:\/\/www.24baires.com\/?p=113285","url_meta":{"origin":61391,"position":4},"title":"Qui\u00e9nes dirigir\u00e1n los ministerios y las principales secretar\u00edas del pr\u00f3ximo gobierno","author":"AF","date":"06\/12\/2019","format":false,"excerpt":"Los nombres de las mujeres y hombres que suenan con m\u00e1s fuerza para acompa\u00f1ar al presidente electo Alberto Fern\u00e1ndez. La transici\u00f3n interminable un d\u00eda ten\u00eda que terminar. Hoy, viernes, Alberto Fern\u00e1ndez presentar\u00e1 su gabinete , estirando todo lo posible los plazos, lo que evit\u00f3 un desgaste prematuro de los elegidos\u2026","rel":"","context":"En \u00abPol\u00edtica\u00bb","block_context":{"text":"Pol\u00edtica","link":"http:\/\/www.24baires.com\/?cat=51"},"img":{"alt_text":"","src":"https:\/\/i0.wp.com\/www.24baires.com\/wp-content\/uploads\/2019\/10\/alberto1.jpeg?resize=350%2C200","width":350,"height":200,"srcset":"https:\/\/i0.wp.com\/www.24baires.com\/wp-content\/uploads\/2019\/10\/alberto1.jpeg?resize=350%2C200 1x, https:\/\/i0.wp.com\/www.24baires.com\/wp-content\/uploads\/2019\/10\/alberto1.jpeg?resize=525%2C300 1.5x"},"classes":[]},{"id":112783,"url":"http:\/\/www.24baires.com\/?p=112783","url_meta":{"origin":61391,"position":5},"title":"Alberto Fern\u00e1ndez se reunir\u00e1 con Susana Trimarco para impulsar la lucha contra la trata","author":"AF","date":"30\/10\/2019","format":false,"excerpt":"La madre de Marita Ver\u00f3n se reuni\u00f3 con el miembro del equipo de transici\u00f3n Santiago Cafiero y revel\u00f3 que la semana que viene se ver\u00e1 con el presidente electo. El presidente electo, Alberto Fern\u00e1ndez, recibir\u00e1 la semana que viene a Susana Trimarco, madre de Marita Ver\u00f3n, secuestrada en abril de\u2026","rel":"","context":"En \u00abSociedad\u00bb","block_context":{"text":"Sociedad","link":"http:\/\/www.24baires.com\/?cat=1"},"img":{"alt_text":"","src":"https:\/\/i0.wp.com\/www.24baires.com\/wp-content\/uploads\/2015\/07\/trimarco3.jpg?resize=350%2C200","width":350,"height":200,"srcset":"https:\/\/i0.wp.com\/www.24baires.com\/wp-content\/uploads\/2015\/07\/trimarco3.jpg?resize=350%2C200 1x, https:\/\/i0.wp.com\/www.24baires.com\/wp-content\/uploads\/2015\/07\/trimarco3.jpg?resize=525%2C300 1.5x"},"classes":[]}],"jetpack_sharing_enabled":true,"jetpack_likes_enabled":true,"jetpack_featured_media_url":"","_links":{"self":[{"href":"http:\/\/www.24baires.com\/index.php?rest_route=\/wp\/v2\/posts\/61391","targetHints":{"allow":["GET"]}}],"collection":[{"href":"http:\/\/www.24baires.com\/index.php?rest_route=\/wp\/v2\/posts"}],"about":[{"href":"http:\/\/www.24baires.com\/index.php?rest_route=\/wp\/v2\/types\/post"}],"author":[{"embeddable":true,"href":"http:\/\/www.24baires.com\/index.php?rest_route=\/wp\/v2\/users\/8"}],"replies":[{"embeddable":true,"href":"http:\/\/www.24baires.com\/index.php?rest_route=%2Fwp%2Fv2%2Fcomments&post=61391"}],"version-history":[{"count":1,"href":"http:\/\/www.24baires.com\/index.php?rest_route=\/wp\/v2\/posts\/61391\/revisions"}],"predecessor-version":[{"id":61392,"href":"http:\/\/www.24baires.com\/index.php?rest_route=\/wp\/v2\/posts\/61391\/revisions\/61392"}],"wp:attachment":[{"href":"http:\/\/www.24baires.com\/index.php?rest_route=%2Fwp%2Fv2%2Fmedia&parent=61391"}],"wp:term":[{"taxonomy":"category","embeddable":true,"href":"http:\/\/www.24baires.com\/index.php?rest_route=%2Fwp%2Fv2%2Fcategories&post=61391"},{"taxonomy":"post_tag","embeddable":true,"href":"http:\/\/www.24baires.com\/index.php?rest_route=%2Fwp%2Fv2%2Ftags&post=61391"}],"curies":[{"name":"wp","href":"https:\/\/api.w.org\/{rel}","templated":true}]}}