{"id":61387,"date":"2015-02-07T11:00:42","date_gmt":"2015-02-07T14:00:42","guid":{"rendered":"http:\/\/www.24baires.com\/?p=61387"},"modified":"2015-02-07T10:59:50","modified_gmt":"2015-02-07T13:59:50","slug":"anibal-destaco-que-hayan-citado-a-declarar-al-ex-agente-de-inteligencia","status":"publish","type":"post","link":"http:\/\/www.24baires.com\/?p=61387","title":{"rendered":"An\u00edbal destac\u00f3 que hayan citado a declarar al ex agente de Inteligencia"},"content":{"rendered":"<p><img data-recalc-dims=\"1\" loading=\"lazy\" decoding=\"async\" class=\"aligncenter size-full wp-image-60580\" src=\"https:\/\/i0.wp.com\/www.24baires.com\/wp-content\/uploads\/2015\/01\/anibal.jpg?resize=560%2C373\" alt=\"anibal\" width=\"560\" height=\"373\" srcset=\"https:\/\/i0.wp.com\/www.24baires.com\/wp-content\/uploads\/2015\/01\/anibal.jpg?w=560 560w, https:\/\/i0.wp.com\/www.24baires.com\/wp-content\/uploads\/2015\/01\/anibal.jpg?resize=300%2C200 300w\" sizes=\"auto, (max-width: 560px) 100vw, 560px\" \/>El secretario general de la Presidencia, An\u00edbal Fern\u00e1ndez, apunt\u00f3 contra \u00e9l en Radio 10 al considerarlo el autor de la \u00abbochornosa denuncia\u00bb por encubrimiento que present\u00f3 el fallecido fiscal Alberto Nisman.<!--more--><\/p>\n<p>El secretario general de la Presidencia, An\u00edbal Fern\u00e1ndez, sostuvo este s\u00e1bado que el ex agente de Inteligencia Antonio \u00abJaime\u00bb Stiuso fue quien escribi\u00f3 la \u00abbochornosa denuncia\u00bb por encubrimiento que present\u00f3 el fallecido fiscal Alberto Nisman y que salpicaba a la presidenta Cristina Kirchner y otros funcionarios del Gobierno.<\/p>\n<p>\u00abNisman era empleado de Stiuso, Stiuso le daba \u00f3rdenes. \u00c9l escribi\u00f3 esa denuncia que era un bochorno. La presentaci\u00f3n ante el juez Lijo ten\u00eda por objetivo seguir entendiendo la causa. Eso no pudo prosperar y Lijo debi\u00f3 desprenderse de la causa\u00bb, afirm\u00f3 Fern\u00e1ndez en di\u00e1logo con Radio 10.<\/p>\n<p>Acerca de la denuncia, opin\u00f3 que \u00abes burda, endeble, absolutamente burda\u00bb. Y agreg\u00f3: \u00abEsa sumisi\u00f3n, eso de responderle a Stiuso que pas\u00f3 a ser su jefe lo puso en esta situaci\u00f3n\u00bb.<\/p>\n<p>Asimismo, apunt\u00f3 contra el Grupo Clar\u00edn por \u00abfomentar la marcha\u00bb de los fiscales. \u00abEn un pa\u00eds donde no hay oposici\u00f3n, la oposici\u00f3n la asumen los medios y Clar\u00edn es el abanderado. Para ellos polarizar la situaci\u00f3n resulta beneficioso\u00bb, se\u00f1al\u00f3.<\/p>\n<p>&nbsp;<\/p>\n<p>&nbsp;<\/p>\n<p>&nbsp;<\/p>\n<p>&nbsp;<\/p>\n<p>&nbsp;<\/p>\n<p>&nbsp;<\/p>\n<p>&nbsp;<\/p>\n<p>&nbsp;<\/p>\n","protected":false},"excerpt":{"rendered":"<p>El secretario general de la Presidencia, An\u00edbal Fern\u00e1ndez, apunt\u00f3 contra \u00e9l en Radio 10 al considerarlo el autor de la \u00abbochornosa denuncia\u00bb por encubrimiento que present\u00f3 el fallecido fiscal Alberto Nisman.<\/p>\n","protected":false},"author":8,"featured_media":0,"comment_status":"open","ping_status":"open","sticky":false,"template":"","format":"standard","meta":{"_jetpack_newsletter_access":"","_jetpack_dont_email_post_to_subs":false,"_jetpack_newsletter_tier_id":0,"_jetpack_memberships_contains_paywalled_content":false,"_jetpack_memberships_contains_paid_content":false,"footnotes":""},"categories":[51],"tags":[],"class_list":["post-61387","post","type-post","status-publish","format-standard","hentry","category-politica"],"jetpack_shortlink":"https:\/\/wp.me\/p2JWE0-fY7","jetpack-related-posts":[{"id":60483,"url":"http:\/\/www.24baires.com\/?p=60483","url_meta":{"origin":61387,"position":0},"title":"El juez Lijo orden\u00f3 custodia a dos presuntos esp\u00edas denunciados por Nisman","author":"GB","date":"21\/01\/2015","format":false,"excerpt":"El juez federal Ariel Lijo dispuso custodia sobre los dos presuntos esp\u00edas denunciados por el fallecido fiscal Alberto Nisman, luego de que la Secretar\u00eda de Inteligencia (SI) revelara que no son agentes ni fueron contratados por ese organismo. Se trata de H\u00e9ctor Yrimia y Ramon Allan Bogado, quienes seg\u00fan la\u2026","rel":"","context":"En \u00abPol\u00edtica\u00bb","block_context":{"text":"Pol\u00edtica","link":"http:\/\/www.24baires.com\/?cat=51"},"img":{"alt_text":"ariel lijo","src":"https:\/\/i0.wp.com\/www.24baires.com\/wp-content\/uploads\/2015\/01\/ariel-lijo.jpg?resize=350%2C200","width":350,"height":200,"srcset":"https:\/\/i0.wp.com\/www.24baires.com\/wp-content\/uploads\/2015\/01\/ariel-lijo.jpg?resize=350%2C200 1x, https:\/\/i0.wp.com\/www.24baires.com\/wp-content\/uploads\/2015\/01\/ariel-lijo.jpg?resize=525%2C300 1.5x"},"classes":[]},{"id":79923,"url":"http:\/\/www.24baires.com\/?p=79923","url_meta":{"origin":61387,"position":1},"title":"Stiuso no declar\u00f3 y present\u00f3 un escrito en la causa por el atentado a la AMIA","author":"AF","date":"09\/03\/2016","format":false,"excerpt":"El ex director de operaciones de la SIDE dijo que evitaba declarar bajo juramento de verdad porque est\u00e1 imputado en una causa por supuesto \"encubrimiento\" del ataque y podr\u00eda quedar incriminado con sus dichos. El ex director de Operaciones de la SIDE, Antonio Stiuso, se present\u00f3 a declarar como testigo\u2026","rel":"","context":"En \u00abJUDICIALES\u00bb","block_context":{"text":"JUDICIALES","link":"http:\/\/www.24baires.com\/?cat=68"},"img":{"alt_text":"stiuso","src":"https:\/\/i0.wp.com\/www.24baires.com\/wp-content\/uploads\/2015\/10\/stiuso.jpg?resize=350%2C200","width":350,"height":200,"srcset":"https:\/\/i0.wp.com\/www.24baires.com\/wp-content\/uploads\/2015\/10\/stiuso.jpg?resize=350%2C200 1x, https:\/\/i0.wp.com\/www.24baires.com\/wp-content\/uploads\/2015\/10\/stiuso.jpg?resize=525%2C300 1.5x"},"classes":[]},{"id":63964,"url":"http:\/\/www.24baires.com\/?p=63964","url_meta":{"origin":61387,"position":2},"title":"El Gobierno denunci\u00f3 penalmente al ex agente Stiuso","author":"GB","date":"07\/04\/2015","format":false,"excerpt":"El secretario de Inteligencia, Oscar Parrilli, lo anunci\u00f3 en una conferencia de prensa. La denuncia es incumplimiento de los deberes de funcionario p\u00fablico por haber ocultado informaci\u00f3n sobre el atentado a la Amia. El secretario de Inteligencia, Oscar Parrilli, anunci\u00f3 esta tarde que fue presentada una denuncia penal contra el\u2026","rel":"","context":"En \u00abPol\u00edtica\u00bb","block_context":{"text":"Pol\u00edtica","link":"http:\/\/www.24baires.com\/?cat=51"},"img":{"alt_text":"","src":"https:\/\/i0.wp.com\/www.24baires.com\/wp-content\/uploads\/2015\/04\/parrili1.jpg?resize=350%2C200","width":350,"height":200,"srcset":"https:\/\/i0.wp.com\/www.24baires.com\/wp-content\/uploads\/2015\/04\/parrili1.jpg?resize=350%2C200 1x, https:\/\/i0.wp.com\/www.24baires.com\/wp-content\/uploads\/2015\/04\/parrili1.jpg?resize=525%2C300 1.5x"},"classes":[]},{"id":106628,"url":"http:\/\/www.24baires.com\/?p=106628","url_meta":{"origin":61387,"position":3},"title":"La AMIA busca retirarse de la querella contra Cristina por el Memor\u00e1ndum con Ir\u00e1n","author":"AF","date":"31\/01\/2019","format":false,"excerpt":"Fue un pedido a la DAIA en la causa que se origin\u00f3 con la denuncia del fiscal Alberto Nisman y busca \u201cempezar a tomar distancia de una causa que est\u00e1 en el centro de la famosa grieta\u201d. La Asociaci\u00f3n Mutual Israelita Argentina (AMIA) le reclam\u00f3 a la Delegaci\u00f3n de Asociaciones\u2026","rel":"","context":"En \u00abJUDICIALES\u00bb","block_context":{"text":"JUDICIALES","link":"http:\/\/www.24baires.com\/?cat=68"},"img":{"alt_text":"","src":"https:\/\/i0.wp.com\/www.24baires.com\/wp-content\/uploads\/2015\/04\/amia.jpg?resize=350%2C200","width":350,"height":200,"srcset":"https:\/\/i0.wp.com\/www.24baires.com\/wp-content\/uploads\/2015\/04\/amia.jpg?resize=350%2C200 1x, https:\/\/i0.wp.com\/www.24baires.com\/wp-content\/uploads\/2015\/04\/amia.jpg?resize=525%2C300 1.5x"},"classes":[]},{"id":60418,"url":"http:\/\/www.24baires.com\/?p=60418","url_meta":{"origin":61387,"position":4},"title":"Lijo pidi\u00f3 conocer la identidad de agentes de inteligencia","author":"GB","date":"20\/01\/2015","format":false,"excerpt":"El juez federal Ariel Lijo pidi\u00f3 hoy a la Secretar\u00eda de Inteligencia (SI) la identidad de dos presuntos esp\u00edas mencionados por el fallecido fiscal Alberto Nisman en su denuncia sobre un supuesto encubrimiento oficial del atentado a la AMIA. En un exhorto librado al titular de la SI, Oscar Parrilli,\u2026","rel":"","context":"En \u00abPol\u00edtica\u00bb","block_context":{"text":"Pol\u00edtica","link":"http:\/\/www.24baires.com\/?cat=51"},"img":{"alt_text":"lijo","src":"https:\/\/i0.wp.com\/www.24baires.com\/wp-content\/uploads\/2014\/06\/lijo.jpg?resize=350%2C200","width":350,"height":200,"srcset":"https:\/\/i0.wp.com\/www.24baires.com\/wp-content\/uploads\/2014\/06\/lijo.jpg?resize=350%2C200 1x, https:\/\/i0.wp.com\/www.24baires.com\/wp-content\/uploads\/2014\/06\/lijo.jpg?resize=525%2C300 1.5x"},"classes":[]},{"id":62362,"url":"http:\/\/www.24baires.com\/?p=62362","url_meta":{"origin":61387,"position":5},"title":"A. Fern\u00e1ndez: \u201cNo hay otra forma de explicar la resoluci\u00f3n de Rafecas que el derecho\u201d","author":"AF","date":"27\/02\/2015","format":false,"excerpt":"El jefe de Gabinete, An\u00edbal Fern\u00e1ndez, se refiri\u00f3 as\u00ed a la desestimaci\u00f3n de la denuncia de Nisman por parte del magistrado. \u201cEra tan burda que parece hecha por alguien que no conoce de derecho\u201d, se\u00f1al\u00f3. El flamante jefe de Gabinete se\u00f1al\u00f3 adem\u00e1s que \"seguramente\" la C\u00e1mara Federal \"se va a\u2026","rel":"","context":"En \u00abJUDICIALES\u00bb","block_context":{"text":"JUDICIALES","link":"http:\/\/www.24baires.com\/?cat=68"},"img":{"alt_text":"anibal","src":"https:\/\/i0.wp.com\/www.24baires.com\/wp-content\/uploads\/2015\/01\/anibal.jpg?resize=350%2C200","width":350,"height":200,"srcset":"https:\/\/i0.wp.com\/www.24baires.com\/wp-content\/uploads\/2015\/01\/anibal.jpg?resize=350%2C200 1x, https:\/\/i0.wp.com\/www.24baires.com\/wp-content\/uploads\/2015\/01\/anibal.jpg?resize=525%2C300 1.5x"},"classes":[]}],"jetpack_sharing_enabled":true,"jetpack_likes_enabled":true,"jetpack_featured_media_url":"","_links":{"self":[{"href":"http:\/\/www.24baires.com\/index.php?rest_route=\/wp\/v2\/posts\/61387","targetHints":{"allow":["GET"]}}],"collection":[{"href":"http:\/\/www.24baires.com\/index.php?rest_route=\/wp\/v2\/posts"}],"about":[{"href":"http:\/\/www.24baires.com\/index.php?rest_route=\/wp\/v2\/types\/post"}],"author":[{"embeddable":true,"href":"http:\/\/www.24baires.com\/index.php?rest_route=\/wp\/v2\/users\/8"}],"replies":[{"embeddable":true,"href":"http:\/\/www.24baires.com\/index.php?rest_route=%2Fwp%2Fv2%2Fcomments&post=61387"}],"version-history":[{"count":1,"href":"http:\/\/www.24baires.com\/index.php?rest_route=\/wp\/v2\/posts\/61387\/revisions"}],"predecessor-version":[{"id":61388,"href":"http:\/\/www.24baires.com\/index.php?rest_route=\/wp\/v2\/posts\/61387\/revisions\/61388"}],"wp:attachment":[{"href":"http:\/\/www.24baires.com\/index.php?rest_route=%2Fwp%2Fv2%2Fmedia&parent=61387"}],"wp:term":[{"taxonomy":"category","embeddable":true,"href":"http:\/\/www.24baires.com\/index.php?rest_route=%2Fwp%2Fv2%2Fcategories&post=61387"},{"taxonomy":"post_tag","embeddable":true,"href":"http:\/\/www.24baires.com\/index.php?rest_route=%2Fwp%2Fv2%2Ftags&post=61387"}],"curies":[{"name":"wp","href":"https:\/\/api.w.org\/{rel}","templated":true}]}}