{"id":61376,"date":"2015-02-06T21:06:01","date_gmt":"2015-02-07T00:06:01","guid":{"rendered":"http:\/\/www.24baires.com\/?p=61376"},"modified":"2015-02-06T20:18:35","modified_gmt":"2015-02-06T23:18:35","slug":"ahora-el-embajador-estadounidense-puso-la-mira-en-massa","status":"publish","type":"post","link":"http:\/\/www.24baires.com\/?p=61376","title":{"rendered":"Lo que mejor sabe hacer Massa: Ya visit\u00f3 al nuevo embajador yanqui"},"content":{"rendered":"<p><img data-recalc-dims=\"1\" loading=\"lazy\" decoding=\"async\" class=\"aligncenter size-full wp-image-61377\" src=\"https:\/\/i0.wp.com\/www.24baires.com\/wp-content\/uploads\/2015\/02\/MASSA-NOAH.jpg?resize=560%2C373\" alt=\"MASSA NOAH\" width=\"560\" height=\"373\" srcset=\"https:\/\/i0.wp.com\/www.24baires.com\/wp-content\/uploads\/2015\/02\/MASSA-NOAH.jpg?w=560 560w, https:\/\/i0.wp.com\/www.24baires.com\/wp-content\/uploads\/2015\/02\/MASSA-NOAH.jpg?resize=300%2C200 300w\" sizes=\"auto, (max-width: 560px) 100vw, 560px\" \/>Una vez m\u00e1s, el flamante embajador de los Estados Unidos en Argentina, Noah Mamet, se mostr\u00f3 con un argentino. En este caso, el precandidato tigrense.<!--more--><\/p>\n<p>Entre ellos, se trataron temas de ciencia y tecnolog\u00eda, energ\u00eda, cooperaci\u00f3n y pol\u00edtica exterior, entre otros. Adem\u00e1s, Massa all\u00ed explic\u00f3 c\u00f3mo piensa el futuro de la Argentina que viene y remarc\u00f3 el error de que el pa\u00eds hoy elija ser socio de las democracias d\u00e9biles del mundo. Asimismo hablaron del caso Nisman y de las estrategias en conjunto de ambos pa\u00edses en la lucha contra el narcotr\u00e1fico.<\/p>\n<p>Por otra parte compartieron la capacidad de que r\u00e1pidamente el pr\u00f3ximo gobierno de Argentina debe poner en marcha una agenda positiva, con di\u00e1logo y relaciones bilaterales con todos los pa\u00edses.<\/p>\n<p>En el encuentro, adem\u00e1s trataron sus impresiones respeto a la exitosa gira de Massa en Washington y Sillicon Valley y de las potencialidades de Argentina en materia de tecnolog\u00eda y energ\u00edas renovables.<\/p>\n<p>Hay que destacar que las \u00faltimas reuniones del Embajador hab\u00edan sido con referentes de la DAIA y que el mismo manten\u00eda numerosas reuniones con el fiscal Nisman.<\/p>\n<p>&nbsp;<\/p>\n<p>&nbsp;<\/p>\n<p>&nbsp;<\/p>\n","protected":false},"excerpt":{"rendered":"<p>Una vez m\u00e1s, el flamante embajador de los Estados Unidos en Argentina, Noah Mamet, se mostr\u00f3 con un argentino. En este caso, el precandidato tigrense.<\/p>\n","protected":false},"author":11,"featured_media":0,"comment_status":"open","ping_status":"open","sticky":false,"template":"","format":"standard","meta":{"_jetpack_newsletter_access":"","_jetpack_dont_email_post_to_subs":false,"_jetpack_newsletter_tier_id":0,"_jetpack_memberships_contains_paywalled_content":false,"_jetpack_memberships_contains_paid_content":false,"footnotes":""},"categories":[51],"tags":[],"class_list":["post-61376","post","type-post","status-publish","format-standard","hentry","category-politica"],"jetpack_shortlink":"https:\/\/wp.me\/p2JWE0-fXW","jetpack-related-posts":[{"id":120044,"url":"http:\/\/www.24baires.com\/?p=120044","url_meta":{"origin":61376,"position":0},"title":"Argentina deja de pagar importaciones chinas en d\u00f3lares y lo har\u00e1 en yuanes","author":"AF","date":"26\/04\/2023","format":false,"excerpt":"\u201cEsto mejora la perspectiva de reservas de la Argentina en t\u00e9rminos de reservas netas\u201d, dijo Sergio Massa al efectuar el anuncio junto al embajador de China, Zou Xiaoli. El ministro de Econom\u00eda, Sergio Massa, anunci\u00f3 que la Argentina deja de pagar importaciones de China en d\u00f3lares y pasa a yuanes,\u2026","rel":"","context":"En \u00abEconom\u00eda\u00bb","block_context":{"text":"Econom\u00eda","link":"http:\/\/www.24baires.com\/?cat=45"},"img":{"alt_text":"","src":"https:\/\/i0.wp.com\/www.24baires.com\/wp-content\/uploads\/2023\/04\/argenchina.jpeg?resize=350%2C200","width":350,"height":200,"srcset":"https:\/\/i0.wp.com\/www.24baires.com\/wp-content\/uploads\/2023\/04\/argenchina.jpeg?resize=350%2C200 1x, https:\/\/i0.wp.com\/www.24baires.com\/wp-content\/uploads\/2023\/04\/argenchina.jpeg?resize=525%2C300 1.5x"},"classes":[]},{"id":119265,"url":"http:\/\/www.24baires.com\/?p=119265","url_meta":{"origin":61376,"position":1},"title":"Massa viaja a Washington con agenda amplia","author":"AF","date":"25\/08\/2022","format":false,"excerpt":"Tendr\u00e1 reuniones con Georgieva, del FMI y con Claver Carone, del BID, por la deuda y los d\u00f3lares. Con qu\u00e9 gigantes de la energ\u00eda se ver\u00e1 y c\u00f3mo es la amplia comitiva. En lo que ser\u00e1 su primera excursi\u00f3n fuera del pa\u00eds desde que es el ministro de Econom\u00eda, Sergio\u2026","rel":"","context":"En \u00abPol\u00edtica\u00bb","block_context":{"text":"Pol\u00edtica","link":"http:\/\/www.24baires.com\/?cat=51"},"img":{"alt_text":"","src":"https:\/\/i0.wp.com\/www.24baires.com\/wp-content\/uploads\/2022\/08\/massa-washington.jpg?resize=350%2C200","width":350,"height":200,"srcset":"https:\/\/i0.wp.com\/www.24baires.com\/wp-content\/uploads\/2022\/08\/massa-washington.jpg?resize=350%2C200 1x, https:\/\/i0.wp.com\/www.24baires.com\/wp-content\/uploads\/2022\/08\/massa-washington.jpg?resize=525%2C300 1.5x, https:\/\/i0.wp.com\/www.24baires.com\/wp-content\/uploads\/2022\/08\/massa-washington.jpg?resize=700%2C400 2x"},"classes":[]},{"id":120226,"url":"http:\/\/www.24baires.com\/?p=120226","url_meta":{"origin":61376,"position":2},"title":"Cristina recibi\u00f3 a Scioli: \u201cA seguir trabajando, que es lo que hay que hacer\u201d","author":"AF","date":"28\/06\/2023","format":false,"excerpt":"\"Hablamos mucho, con sinceridad y con el respeto de siempre. Me transmiti\u00f3 que su vocaci\u00f3n es ayudar y colaborar como un compa\u00f1ero m\u00e1s\", asegur\u00f3 a trav\u00e9s de las redes sociales la Vicepresidenta sobre el encuentro. La Vicepresidenta Cristina Fern\u00e1ndez de Kirchner public\u00f3 en redes sociales una foto con el embajador\u2026","rel":"","context":"En \u00abPol\u00edtica\u00bb","block_context":{"text":"Pol\u00edtica","link":"http:\/\/www.24baires.com\/?cat=51"},"img":{"alt_text":"","src":"https:\/\/i0.wp.com\/www.24baires.com\/wp-content\/uploads\/2023\/06\/WhatsApp-Image-2023-06-28-at-23.30.42.jpeg?resize=350%2C200","width":350,"height":200,"srcset":"https:\/\/i0.wp.com\/www.24baires.com\/wp-content\/uploads\/2023\/06\/WhatsApp-Image-2023-06-28-at-23.30.42.jpeg?resize=350%2C200 1x, https:\/\/i0.wp.com\/www.24baires.com\/wp-content\/uploads\/2023\/06\/WhatsApp-Image-2023-06-28-at-23.30.42.jpeg?resize=525%2C300 1.5x, https:\/\/i0.wp.com\/www.24baires.com\/wp-content\/uploads\/2023\/06\/WhatsApp-Image-2023-06-28-at-23.30.42.jpeg?resize=700%2C400 2x"},"classes":[]},{"id":119156,"url":"http:\/\/www.24baires.com\/?p=119156","url_meta":{"origin":61376,"position":3},"title":"Massa asumir\u00e1 como superministro de Econom\u00eda","author":"AF","date":"28\/07\/2022","format":false,"excerpt":"Alberto Fern\u00e1ndez decidi\u00f3 reorganizar las \u00e1reas econ\u00f3micas para un mejor funcionamiento, coordinaci\u00f3n y gesti\u00f3n: se unificar\u00e1n los ministerios de Econom\u00eda, Desarrollo Productivo y Agricultura, Ganader\u00eda y Pesca, que quedar\u00e1n bajo la \u00f3rbita del actual presidente de la C\u00e1mara de Diputados. Massa anunci\u00f3 que el lunes comenzar\u00e1 a designar a los\u2026","rel":"","context":"En \u00abEconom\u00eda\u00bb","block_context":{"text":"Econom\u00eda","link":"http:\/\/www.24baires.com\/?cat=45"},"img":{"alt_text":"","src":"https:\/\/i0.wp.com\/www.24baires.com\/wp-content\/uploads\/2022\/07\/6243529d100ad_900.jpg?resize=350%2C200","width":350,"height":200,"srcset":"https:\/\/i0.wp.com\/www.24baires.com\/wp-content\/uploads\/2022\/07\/6243529d100ad_900.jpg?resize=350%2C200 1x, https:\/\/i0.wp.com\/www.24baires.com\/wp-content\/uploads\/2022\/07\/6243529d100ad_900.jpg?resize=525%2C300 1.5x, https:\/\/i0.wp.com\/www.24baires.com\/wp-content\/uploads\/2022\/07\/6243529d100ad_900.jpg?resize=700%2C400 2x"},"classes":[]},{"id":119325,"url":"http:\/\/www.24baires.com\/?p=119325","url_meta":{"origin":61376,"position":4},"title":"Massa asegur\u00f3 que en los \u00abpr\u00f3ximos d\u00edas\u00bb estar\u00e1 lista la segunda revisi\u00f3n del FMI","author":"AF","date":"12\/09\/2022","format":false,"excerpt":"As\u00ed lo precis\u00f3 el Ministro de Econom\u00eda en una rueda de prensa que ofreci\u00f3 en la sede de la Embajada Argentina en Washington, tras su encuentro con Kristalina Georgieva. El ministro de Econom\u00eda, Sergio Massa, afirm\u00f3 que en los \"pr\u00f3ximos d\u00edas\" estar\u00e1 finalizada la segunda revisi\u00f3n del acuerdo acuerdo alcanzado\u2026","rel":"","context":"En \u00abEconom\u00eda\u00bb","block_context":{"text":"Econom\u00eda","link":"http:\/\/www.24baires.com\/?cat=45"},"img":{"alt_text":"","src":"https:\/\/i0.wp.com\/www.24baires.com\/wp-content\/uploads\/2022\/09\/631f941e6cf2d_900.jpg?resize=350%2C200","width":350,"height":200,"srcset":"https:\/\/i0.wp.com\/www.24baires.com\/wp-content\/uploads\/2022\/09\/631f941e6cf2d_900.jpg?resize=350%2C200 1x, https:\/\/i0.wp.com\/www.24baires.com\/wp-content\/uploads\/2022\/09\/631f941e6cf2d_900.jpg?resize=525%2C300 1.5x, https:\/\/i0.wp.com\/www.24baires.com\/wp-content\/uploads\/2022\/09\/631f941e6cf2d_900.jpg?resize=700%2C400 2x"},"classes":[]},{"id":119435,"url":"http:\/\/www.24baires.com\/?p=119435","url_meta":{"origin":61376,"position":5},"title":"Massa avanz\u00f3 con las negociaciones por la deuda de 2400 millones","author":"AF","date":"13\/10\/2022","format":false,"excerpt":"Se reuni\u00f3 con Moulin, secretario del organismo. Preparan viaje a Francia para lograr la r\u00fabrica a fines de este mes. La cena con el G20 y los dichos de Georgieva. El ministro de Econom\u00eda, Sergio Massa, avanz\u00f3 en las \u00faltimas horas en las negociaciones con el Club de Par\u00eds, durante\u2026","rel":"","context":"En \u00abEconom\u00eda\u00bb","block_context":{"text":"Econom\u00eda","link":"http:\/\/www.24baires.com\/?cat=45"},"img":{"alt_text":"","src":"https:\/\/i0.wp.com\/www.24baires.com\/wp-content\/uploads\/2022\/09\/massa..jpg?resize=350%2C200","width":350,"height":200,"srcset":"https:\/\/i0.wp.com\/www.24baires.com\/wp-content\/uploads\/2022\/09\/massa..jpg?resize=350%2C200 1x, https:\/\/i0.wp.com\/www.24baires.com\/wp-content\/uploads\/2022\/09\/massa..jpg?resize=525%2C300 1.5x, https:\/\/i0.wp.com\/www.24baires.com\/wp-content\/uploads\/2022\/09\/massa..jpg?resize=700%2C400 2x"},"classes":[]}],"jetpack_sharing_enabled":true,"jetpack_likes_enabled":true,"jetpack_featured_media_url":"","_links":{"self":[{"href":"http:\/\/www.24baires.com\/index.php?rest_route=\/wp\/v2\/posts\/61376","targetHints":{"allow":["GET"]}}],"collection":[{"href":"http:\/\/www.24baires.com\/index.php?rest_route=\/wp\/v2\/posts"}],"about":[{"href":"http:\/\/www.24baires.com\/index.php?rest_route=\/wp\/v2\/types\/post"}],"author":[{"embeddable":true,"href":"http:\/\/www.24baires.com\/index.php?rest_route=\/wp\/v2\/users\/11"}],"replies":[{"embeddable":true,"href":"http:\/\/www.24baires.com\/index.php?rest_route=%2Fwp%2Fv2%2Fcomments&post=61376"}],"version-history":[{"count":3,"href":"http:\/\/www.24baires.com\/index.php?rest_route=\/wp\/v2\/posts\/61376\/revisions"}],"predecessor-version":[{"id":61380,"href":"http:\/\/www.24baires.com\/index.php?rest_route=\/wp\/v2\/posts\/61376\/revisions\/61380"}],"wp:attachment":[{"href":"http:\/\/www.24baires.com\/index.php?rest_route=%2Fwp%2Fv2%2Fmedia&parent=61376"}],"wp:term":[{"taxonomy":"category","embeddable":true,"href":"http:\/\/www.24baires.com\/index.php?rest_route=%2Fwp%2Fv2%2Fcategories&post=61376"},{"taxonomy":"post_tag","embeddable":true,"href":"http:\/\/www.24baires.com\/index.php?rest_route=%2Fwp%2Fv2%2Ftags&post=61376"}],"curies":[{"name":"wp","href":"https:\/\/api.w.org\/{rel}","templated":true}]}}