{"id":61360,"date":"2015-02-06T13:01:33","date_gmt":"2015-02-06T16:01:33","guid":{"rendered":"http:\/\/www.24baires.com\/?p=61360"},"modified":"2015-02-06T13:01:33","modified_gmt":"2015-02-06T16:01:33","slug":"hebe-de-bonafini-tildo-de-inepto-a-daniel-scioli","status":"publish","type":"post","link":"http:\/\/www.24baires.com\/?p=61360","title":{"rendered":"Hebe de Bonafini tild\u00f3 de \u00abinepto\u00bb a Daniel Scioli"},"content":{"rendered":"<p><img data-recalc-dims=\"1\" loading=\"lazy\" decoding=\"async\" class=\"aligncenter size-full wp-image-47023\" src=\"https:\/\/i0.wp.com\/www.24baires.com\/wp-content\/uploads\/2014\/05\/Scioli2.jpg?resize=560%2C412\" alt=\"Scioli2\" width=\"560\" height=\"412\" srcset=\"https:\/\/i0.wp.com\/www.24baires.com\/wp-content\/uploads\/2014\/05\/Scioli2.jpg?w=560 560w, https:\/\/i0.wp.com\/www.24baires.com\/wp-content\/uploads\/2014\/05\/Scioli2.jpg?resize=300%2C220 300w\" sizes=\"auto, (max-width: 560px) 100vw, 560px\" \/>En un nuevo embate de los que suele tener, la Presidenta de Madres de Plaza de Mayo, Hebe de Bonafini, tild\u00f3 de \u00abinepto\u00bb al precandidato a presidente por el Frente para la Victoria, Daniel Scioli.<!--more--><\/p>\n<p>Hebe se refiri\u00f3 a la situaci\u00f3n de la provincia de Buenos Aires en materia de salud y acus\u00f3: \u00abScioli dice que tiene los hospitales m\u00e1s grandes, que est\u00e1n equipados, pero no est\u00e1n las personas que lo saben manejar, porque no manda aprender a nadie, el que dirige el hospital San Mart\u00edn es un inepto tanto como \u00e9l\u00bb.<\/p>\n<p>La m\u00e1xima autoridad de Madres hizo hincapi\u00e9 en el presupuesto de campa\u00f1a y agreg\u00f3: \u00abScioli debe explicar de d\u00f3nde saca la plata para gastar una fortuna en toallas, lonas, todo color naranja. \u00bfDe d\u00f3nde saca la plata? Que Scioli deje de pedirle a Cristina y que les pague a los maestros, que pague bien en los hospitales, que se deje de hablar tanto y que haga\u00bb.<\/p>\n<p>Las Madres estuvieron acompa\u00f1adas por estudiantes, docentes, turistas y p\u00fablico que estaba presente en Plaza de Mayo. En su alocuci\u00f3n, Hebe se refiri\u00f3 al futuro del pa\u00eds y reiter\u00f3 su apoyo a Cristina Kirchner al indicar que \u00abdesde cada lugar tenemos que seguir luchando. El enemigo sabe que no tiene los votos y por eso la quieren sacar antes a Cristina pero no van a poder. Vamos a ganar las elecciones otra vez\u00bb<\/p>\n<p>Hebe tambi\u00e9n opin\u00f3 sobre el sistema judicial y manifest\u00f3 que la mayor\u00eda de los jueces tiene \u00abuna ideolog\u00eda conservadora y est\u00e1 en contra de este gobierno y del proyecto nacional, popular y latinoamericano. Por eso volvieron a trabar ayer de nuevo la ley de medios\u00bb.<\/p>\n<p>&nbsp;<\/p>\n<p>&nbsp;<\/p>\n<p>&nbsp;<\/p>\n<p>&nbsp;<\/p>\n<p>&nbsp;<\/p>\n<p>&nbsp;<\/p>\n<p>&nbsp;<\/p>\n<p>&nbsp;<\/p>\n<p>&nbsp;<\/p>\n<p>&nbsp;<\/p>\n<p>&nbsp;<\/p>\n<p>&nbsp;<\/p>\n<p>&nbsp;<\/p>\n<p>&nbsp;<\/p>\n<p>&nbsp;<\/p>\n<p>&nbsp;<\/p>\n","protected":false},"excerpt":{"rendered":"<p>En un nuevo embate de los que suele tener, la Presidenta de Madres de Plaza de Mayo, Hebe de Bonafini, tild\u00f3 de \u00abinepto\u00bb al precandidato a presidente por el Frente para la Victoria, Daniel Scioli.<\/p>\n","protected":false},"author":4,"featured_media":0,"comment_status":"open","ping_status":"open","sticky":false,"template":"","format":"standard","meta":{"_jetpack_newsletter_access":"","_jetpack_dont_email_post_to_subs":false,"_jetpack_newsletter_tier_id":0,"_jetpack_memberships_contains_paywalled_content":false,"_jetpack_memberships_contains_paid_content":false,"footnotes":""},"categories":[51],"tags":[],"class_list":["post-61360","post","type-post","status-publish","format-standard","hentry","category-politica"],"jetpack_shortlink":"https:\/\/wp.me\/p2JWE0-fXG","jetpack-related-posts":[{"id":119564,"url":"http:\/\/www.24baires.com\/?p=119564","url_meta":{"origin":61360,"position":0},"title":"Muri\u00f3 a los 93 a\u00f1os Hebe de Bonafini, presidenta de Madres de Plaza de Ma","author":"GB","date":"20\/11\/2022","format":false,"excerpt":"La presidenta de Madres de Plaza de Mayo, Hebe de Bonafini, falleci\u00f3 hoy a los 93 a\u00f1os en el Hospital Italiano de La Plata Hebe de Bonafini muri\u00f3 hoy a los 93 a\u00f1os. La presidenta de Madres de Plaza de Mayo hab\u00eda sido dada de alta el 13 de octubre,\u2026","rel":"","context":"En \u00abSociedad\u00bb","block_context":{"text":"Sociedad","link":"http:\/\/www.24baires.com\/?cat=1"},"img":{"alt_text":"","src":"https:\/\/i0.wp.com\/www.24baires.com\/wp-content\/uploads\/2014\/01\/hebe-de-bonafini.jpg?resize=350%2C200","width":350,"height":200,"srcset":"https:\/\/i0.wp.com\/www.24baires.com\/wp-content\/uploads\/2014\/01\/hebe-de-bonafini.jpg?resize=350%2C200 1x, https:\/\/i0.wp.com\/www.24baires.com\/wp-content\/uploads\/2014\/01\/hebe-de-bonafini.jpg?resize=525%2C300 1.5x, https:\/\/i0.wp.com\/www.24baires.com\/wp-content\/uploads\/2014\/01\/hebe-de-bonafini.jpg?resize=700%2C400 2x"},"classes":[]},{"id":39455,"url":"http:\/\/www.24baires.com\/?p=39455","url_meta":{"origin":61360,"position":1},"title":"Hebe de Bonafini: \u00abNo veo a Scioli como presidente\u00bb","author":"Grupo Sierra","date":"29\/01\/2014","format":false,"excerpt":"La presidenta de Madres de Plaza de Mayo, Hebe de Bonafini, reflej\u00f3 sus claras diferencias con Daniel Scioli. Admitii\u00f3 que no lo ve como presidente en 2015. \u201cNo veo a Daniel Scioli como presidente de este pa\u00eds\u201d, sostuvo Bonafini y agreg\u00f3 que \u201cno me cierran las personas que quieren estar\u2026","rel":"","context":"En \u00abPol\u00edtica\u00bb","block_context":{"text":"Pol\u00edtica","link":"http:\/\/www.24baires.com\/?cat=51"},"img":{"alt_text":"","src":"https:\/\/i0.wp.com\/www.24baires.com\/wp-content\/uploads\/2014\/01\/hebe-de-bonafini.jpg?resize=350%2C200","width":350,"height":200,"srcset":"https:\/\/i0.wp.com\/www.24baires.com\/wp-content\/uploads\/2014\/01\/hebe-de-bonafini.jpg?resize=350%2C200 1x, https:\/\/i0.wp.com\/www.24baires.com\/wp-content\/uploads\/2014\/01\/hebe-de-bonafini.jpg?resize=525%2C300 1.5x"},"classes":[]},{"id":103028,"url":"http:\/\/www.24baires.com\/?p=103028","url_meta":{"origin":61360,"position":2},"title":"Hebe de Bonafini: \u201cNo es T\u00e9lam, le cierran la boca al pa\u00eds\u201d","author":"AF","date":"27\/06\/2018","format":false,"excerpt":"En medio de la toma de los dos edificios de la agencia contra los m\u00e1s de 350 despidos, la titular de Madres de Plaza de Mayo analiz\u00f3 el significado del desguace que encabeza el titular de los medios p\u00fablicos, Hern\u00e1n Lombardi. La titular de Madres de Plaza de Mayo, Hebe\u2026","rel":"","context":"En \u00abSociedad\u00bb","block_context":{"text":"Sociedad","link":"http:\/\/www.24baires.com\/?cat=1"},"img":{"alt_text":"","src":"https:\/\/i0.wp.com\/www.24baires.com\/wp-content\/uploads\/2018\/06\/bonafini-telam.jpg?resize=350%2C200","width":350,"height":200,"srcset":"https:\/\/i0.wp.com\/www.24baires.com\/wp-content\/uploads\/2018\/06\/bonafini-telam.jpg?resize=350%2C200 1x, https:\/\/i0.wp.com\/www.24baires.com\/wp-content\/uploads\/2018\/06\/bonafini-telam.jpg?resize=525%2C300 1.5x"},"classes":[]},{"id":63538,"url":"http:\/\/www.24baires.com\/?p=63538","url_meta":{"origin":61360,"position":3},"title":"Hebe quiere a Cristina como gobernadora porque \u00abla Provincia est\u00e1 hecha moco\u00bb","author":"GB","date":"24\/03\/2015","format":false,"excerpt":"La titular de la asociaci\u00f3n Madres de Plaza de Mayo acus\u00f3 a Scioli de haber apoyado la \u00faltima dictadura. La titular de la asociaci\u00f3n Madres de Plaza de Mayo, Hebe de Bonafini, acus\u00f3 este martes al gobernador bonaerense, Daniel Scioli, de apoyar la \u00faltima dictadura y pidi\u00f3 que la presidenta\u2026","rel":"","context":"En \u00abPol\u00edtica\u00bb","block_context":{"text":"Pol\u00edtica","link":"http:\/\/www.24baires.com\/?cat=51"},"img":{"alt_text":"hebe-de-bonafini","src":"https:\/\/i0.wp.com\/www.24baires.com\/wp-content\/uploads\/2014\/01\/hebe-de-bonafini.jpg?resize=350%2C200","width":350,"height":200,"srcset":"https:\/\/i0.wp.com\/www.24baires.com\/wp-content\/uploads\/2014\/01\/hebe-de-bonafini.jpg?resize=350%2C200 1x, https:\/\/i0.wp.com\/www.24baires.com\/wp-content\/uploads\/2014\/01\/hebe-de-bonafini.jpg?resize=525%2C300 1.5x"},"classes":[]},{"id":74303,"url":"http:\/\/www.24baires.com\/?p=74303","url_meta":{"origin":61360,"position":4},"title":"Hebe dispar\u00f3 la pol\u00e9mica: \u201cMacri es la dictadura y la tortura\u201d","author":"GB","date":"28\/10\/2015","format":false,"excerpt":"La Titular de Madres de Plaza de Mayo admiti\u00f3 que, pese a las diferencias, votar\u00e1 a Daniel Scioli. Asegur\u00f3 que dentro del Frente para la Victoria \u201chay traidores\u201d. La pol\u00e9mica volvi\u00f3 a desatarse. Esta vez, la titular de Madres de Plaza de Mayo, Hebe de Bonafini, se refiri\u00f3 a la\u2026","rel":"","context":"En \u00abPol\u00edtica\u00bb","block_context":{"text":"Pol\u00edtica","link":"http:\/\/www.24baires.com\/?cat=51"},"img":{"alt_text":"hebe-de-bonafini","src":"https:\/\/i0.wp.com\/www.24baires.com\/wp-content\/uploads\/2014\/01\/hebe-de-bonafini.jpg?resize=350%2C200","width":350,"height":200,"srcset":"https:\/\/i0.wp.com\/www.24baires.com\/wp-content\/uploads\/2014\/01\/hebe-de-bonafini.jpg?resize=350%2C200 1x, https:\/\/i0.wp.com\/www.24baires.com\/wp-content\/uploads\/2014\/01\/hebe-de-bonafini.jpg?resize=525%2C300 1.5x"},"classes":[]},{"id":101122,"url":"http:\/\/www.24baires.com\/?p=101122","url_meta":{"origin":61360,"position":5},"title":"Indagar\u00e1n a Scioli por irregularidades en la construcci\u00f3n de las UPA 24","author":"AF","date":"17\/03\/2018","format":false,"excerpt":"El ex gobernador Daniel Scioli y quien fuera su ministro de Salud, Alejandro Collia, fueron imputados y citados a prestar declaraci\u00f3n indagatoria en el marco de una causa que investiga presuntas irregularidades en la adjudicaci\u00f3n de ocho Unidades de Pronta Atenci\u00f3n (UPA 24) para las que se destinaron m\u00e1s de\u2026","rel":"","context":"En \u00abJUDICIALES\u00bb","block_context":{"text":"JUDICIALES","link":"http:\/\/www.24baires.com\/?cat=68"},"img":{"alt_text":"","src":"https:\/\/i0.wp.com\/www.24baires.com\/wp-content\/uploads\/2014\/05\/Daniel-Scioli.jpg?resize=350%2C200","width":350,"height":200,"srcset":"https:\/\/i0.wp.com\/www.24baires.com\/wp-content\/uploads\/2014\/05\/Daniel-Scioli.jpg?resize=350%2C200 1x, https:\/\/i0.wp.com\/www.24baires.com\/wp-content\/uploads\/2014\/05\/Daniel-Scioli.jpg?resize=525%2C300 1.5x"},"classes":[]}],"jetpack_sharing_enabled":true,"jetpack_likes_enabled":true,"jetpack_featured_media_url":"","_links":{"self":[{"href":"http:\/\/www.24baires.com\/index.php?rest_route=\/wp\/v2\/posts\/61360","targetHints":{"allow":["GET"]}}],"collection":[{"href":"http:\/\/www.24baires.com\/index.php?rest_route=\/wp\/v2\/posts"}],"about":[{"href":"http:\/\/www.24baires.com\/index.php?rest_route=\/wp\/v2\/types\/post"}],"author":[{"embeddable":true,"href":"http:\/\/www.24baires.com\/index.php?rest_route=\/wp\/v2\/users\/4"}],"replies":[{"embeddable":true,"href":"http:\/\/www.24baires.com\/index.php?rest_route=%2Fwp%2Fv2%2Fcomments&post=61360"}],"version-history":[{"count":1,"href":"http:\/\/www.24baires.com\/index.php?rest_route=\/wp\/v2\/posts\/61360\/revisions"}],"predecessor-version":[{"id":61361,"href":"http:\/\/www.24baires.com\/index.php?rest_route=\/wp\/v2\/posts\/61360\/revisions\/61361"}],"wp:attachment":[{"href":"http:\/\/www.24baires.com\/index.php?rest_route=%2Fwp%2Fv2%2Fmedia&parent=61360"}],"wp:term":[{"taxonomy":"category","embeddable":true,"href":"http:\/\/www.24baires.com\/index.php?rest_route=%2Fwp%2Fv2%2Fcategories&post=61360"},{"taxonomy":"post_tag","embeddable":true,"href":"http:\/\/www.24baires.com\/index.php?rest_route=%2Fwp%2Fv2%2Ftags&post=61360"}],"curies":[{"name":"wp","href":"https:\/\/api.w.org\/{rel}","templated":true}]}}