{"id":61315,"date":"2015-02-05T18:41:30","date_gmt":"2015-02-05T21:41:30","guid":{"rendered":"http:\/\/www.24baires.com\/?p=61315"},"modified":"2015-02-06T10:37:41","modified_gmt":"2015-02-06T13:37:41","slug":"cristina-dijo-que-el-viaje-a-china-fue-uno-de-los-mejores","status":"publish","type":"post","link":"http:\/\/www.24baires.com\/?p=61315","title":{"rendered":"Cristina dijo que el viaje a China fue uno de los mejores"},"content":{"rendered":"<p><img data-recalc-dims=\"1\" loading=\"lazy\" decoding=\"async\" class=\"aligncenter size-full wp-image-61317\" src=\"https:\/\/i0.wp.com\/www.24baires.com\/wp-content\/uploads\/2015\/02\/cristina-china.jpg?resize=560%2C373\" alt=\"cristina china\" width=\"560\" height=\"373\" srcset=\"https:\/\/i0.wp.com\/www.24baires.com\/wp-content\/uploads\/2015\/02\/cristina-china.jpg?w=560 560w, https:\/\/i0.wp.com\/www.24baires.com\/wp-content\/uploads\/2015\/02\/cristina-china.jpg?resize=300%2C200 300w\" sizes=\"auto, (max-width: 560px) 100vw, 560px\" \/>La Presidenta destac\u00f3 a trav\u00e9s de su cuenta en Twitter los resultados de su viaje, que culmin\u00f3 con 22 acuerdos para potenciar la alianza con China. <!--more--><\/p>\n<p>\u201cTango 01. Hace unas horas partimos de Rep\u00fablica Popular China. Muy contentos con los resultados de Visita de Estado\u201d, escribi\u00f3 la mandataria en su cuenta de la red social Twitter pocos minutos despu\u00e9s de las 16 (hora argentina).<\/p>\n<p>A su vez, la Presidenta efectu\u00f3 un repaso de las \u00faltimas actividades que desarroll\u00f3 junto a la comitiva argentina en el Gran Palacio del Pueblo\u201d.<\/p>\n<p>\u201cComenz\u00f3 con la entrevista con el Primer Ministro Li Keqiang, quien me recibi\u00f3 con mucha calidez\u201d, indic\u00f3 la mandataria y agreg\u00f3 que \u201cExitosa\u201d fue la palabra que Li emple\u00f3, \u00abcuando defini\u00f3 lo fruct\u00edfero de los encuentros y de la reuni\u00f3n que mantuvimos con el Presidente Xi Jinping durante el encuentro de trabajo\u201d.<\/p>\n<p>\u201cUna clara visi\u00f3n del Primer Ministro acerca del rol que debe cumplir la infraestructura como dinamizador de una econom\u00eda global, que a\u00fan no se ha recuperado. Afirm\u00f3 papel y vocaci\u00f3n de la Rep\u00fablica Popular China en cooperaci\u00f3n, financiamiento y asociaci\u00f3n estrat\u00e9gica con nuestro pa\u00eds, para ayudar al crecimiento y desarrollo\u201d, expres\u00f3 Cristina.<\/p>\n<p>Por otro lado, calific\u00f3 de \u201cmuy claro el rol que le asigna a las econom\u00edas emergentes en proceso de recuperaci\u00f3n de crecimiento de la econom\u00eda global\u201d por lo que concluy\u00f3: \u201cExcelente reuni\u00f3n\u201d.<\/p>\n","protected":false},"excerpt":{"rendered":"<p>La Presidenta destac\u00f3 a trav\u00e9s de su cuenta en Twitter los resultados de su viaje, que culmin\u00f3 con 22 acuerdos para potenciar la alianza con China.<\/p>\n","protected":false},"author":11,"featured_media":0,"comment_status":"open","ping_status":"open","sticky":false,"template":"","format":"standard","meta":{"_jetpack_newsletter_access":"","_jetpack_dont_email_post_to_subs":false,"_jetpack_newsletter_tier_id":0,"_jetpack_memberships_contains_paywalled_content":false,"_jetpack_memberships_contains_paid_content":false,"footnotes":""},"categories":[51],"tags":[],"class_list":["post-61315","post","type-post","status-publish","format-standard","hentry","category-politica"],"jetpack_shortlink":"https:\/\/wp.me\/p2JWE0-fWX","jetpack-related-posts":[{"id":118457,"url":"http:\/\/www.24baires.com\/?p=118457","url_meta":{"origin":61315,"position":0},"title":"Alberto Fern\u00e1ndez viajar\u00e1 a Rusia y a China en febrero","author":"AF","date":"14\/01\/2022","format":false,"excerpt":"El Presidente realizar\u00e1 la gira el 3 y 4 de febrero pr\u00f3ximos. Primero visitar\u00e1 al l\u00edder ruso, tras lo cual se trasladar\u00e1 a China para asistir a la inauguraci\u00f3n de los Juegos Ol\u00edmpicos de Invierno en ese pa\u00eds. El presidente Alberto Fern\u00e1ndez mantendr\u00e1 una reuni\u00f3n con su par de Rusia,\u2026","rel":"","context":"En \u00abPol\u00edtica\u00bb","block_context":{"text":"Pol\u00edtica","link":"http:\/\/www.24baires.com\/?cat=51"},"img":{"alt_text":"","src":"https:\/\/i0.wp.com\/www.24baires.com\/wp-content\/uploads\/2022\/01\/61b3e113f3a2e_900.jpg?resize=350%2C200","width":350,"height":200,"srcset":"https:\/\/i0.wp.com\/www.24baires.com\/wp-content\/uploads\/2022\/01\/61b3e113f3a2e_900.jpg?resize=350%2C200 1x, https:\/\/i0.wp.com\/www.24baires.com\/wp-content\/uploads\/2022\/01\/61b3e113f3a2e_900.jpg?resize=525%2C300 1.5x"},"classes":[]},{"id":61107,"url":"http:\/\/www.24baires.com\/?p=61107","url_meta":{"origin":61315,"position":1},"title":"Cristina lleg\u00f3 a China para firmar acuerdos y reunirse con su par Xi Jinping","author":"AF","date":"02\/02\/2015","format":false,"excerpt":"Arrib\u00f3 a Bijing a las 7.10 (hora argentina) para cumplir una visita cuyo objetivo es fortalecer los v\u00ednculos bilaterales, rubricar importantes convenios y mantener una serie de encuentros, que incluyen al mandatario chino y empresarios. El avi\u00f3n que traslad\u00f3 a la jefa de Estado arrib\u00f3 al aeropuerto internacional de la\u2026","rel":"","context":"En \u00abPol\u00edtica\u00bb","block_context":{"text":"Pol\u00edtica","link":"http:\/\/www.24baires.com\/?cat=51"},"img":{"alt_text":"cristina avi\u00f3n","src":"https:\/\/i0.wp.com\/www.24baires.com\/wp-content\/uploads\/2012\/12\/cristina-avi%C3%B3n.jpg?resize=350%2C200","width":350,"height":200,"srcset":"https:\/\/i0.wp.com\/www.24baires.com\/wp-content\/uploads\/2012\/12\/cristina-avi%C3%B3n.jpg?resize=350%2C200 1x, https:\/\/i0.wp.com\/www.24baires.com\/wp-content\/uploads\/2012\/12\/cristina-avi%C3%B3n.jpg?resize=525%2C300 1.5x"},"classes":[]},{"id":23225,"url":"http:\/\/www.24baires.com\/?p=23225","url_meta":{"origin":61315,"position":2},"title":"Cristina y el Vicepresidente de China analizaron relaciones bilaterales","author":"AF","date":"10\/05\/2013","format":false,"excerpt":"La presidenta Cristina Fern\u00e1ndez de Kirchner analiz\u00f3 hoy con el vicepresidente de la Rep\u00fablica Popular China, Li Yaunchao, el avance de las relaciones bilaterales en los distintos campos del intercambio entre los dos pa\u00edses. La presidenta recibi\u00f3 hoy al vicepresidente de China, Li Yaunchao, con quien analiz\u00f3 el avance de\u2026","rel":"","context":"En \u00abPol\u00edtica\u00bb","block_context":{"text":"Pol\u00edtica","link":"http:\/\/www.24baires.com\/?cat=51"},"img":{"alt_text":"","src":"https:\/\/i0.wp.com\/www.24baires.com\/wp-content\/uploads\/2013\/05\/china-argentina.jpg?resize=350%2C200","width":350,"height":200},"classes":[]},{"id":118524,"url":"http:\/\/www.24baires.com\/?p=118524","url_meta":{"origin":61315,"position":3},"title":"Axel Kicillof firma un contrato con China para explotar la energ\u00eda nucleoel\u00e9ctrica","author":"GB","date":"01\/02\/2022","format":false,"excerpt":"El gobernador de la Provincia de Buenos Aires, Axel Kicillof, rubrica un documento con Nucleoel\u00e9ctrica Argentina SA y la Corporaci\u00f3n Nuclear Nacional de China. Antes de emprender la gira internacional por Rusia, China y Barbados junto al presidente de la Naci\u00f3n, Alberto Fern\u00e1ndez, el gobernador de la Provincia de Buenos\u2026","rel":"","context":"En \u00abProvincia\u00bb","block_context":{"text":"Provincia","link":"http:\/\/www.24baires.com\/?cat=40"},"img":{"alt_text":"","src":"https:\/\/i0.wp.com\/www.24baires.com\/wp-content\/uploads\/2022\/02\/axel-kicillof-firmajpg.jpg?resize=350%2C200","width":350,"height":200},"classes":[]},{"id":61069,"url":"http:\/\/www.24baires.com\/?p=61069","url_meta":{"origin":61315,"position":4},"title":"Cristina profundiza en China \u201cla alianza estrat\u00e9gica integral con la econom\u00eda m\u00e1s grande\u00bb","author":"AF","date":"31\/01\/2015","format":false,"excerpt":"La presidenta Cristina Fern\u00e1ndez de Kirchner defini\u00f3 su visita oficial a la Rep\u00fablica Popular de China como un viaje para profundizar \u201cla alianza estrat\u00e9gica integral con la econom\u00eda m\u00e1s grande del mundo\u201d, durante una escala de su viaje en Marruecos. La mandataria public\u00f3 una serie de mensajes en su cuenta\u2026","rel":"","context":"En \u00abInternacionales\u00bb","block_context":{"text":"Internacionales","link":"http:\/\/www.24baires.com\/?cat=73"},"img":{"alt_text":"","src":"https:\/\/i0.wp.com\/www.24baires.com\/wp-content\/uploads\/2015\/01\/cristina-china.jpg?resize=350%2C200","width":350,"height":200},"classes":[]},{"id":50234,"url":"http:\/\/www.24baires.com\/?p=50234","url_meta":{"origin":61315,"position":5},"title":"Cristina: \u00abCon los acuerdos, nuestro pa\u00eds tiene nuevas oportunidades\u201d","author":"Grupo Sierra","date":"20\/07\/2014","format":false,"excerpt":"Lo asegur\u00f3 la Presidenta al referirse a los encuentros bilaterales de Argentina con China y Rusia y a la cumbre Brics-Unasur que se desarroll\u00f3 en Brasilia. La jefa de Estado repas\u00f3 a trav\u00e9s de su cuenta en la red social Twitter los distintos encuentros internacionales de los que particip\u00f3 en\u2026","rel":"","context":"En \u00abPol\u00edtica\u00bb","block_context":{"text":"Pol\u00edtica","link":"http:\/\/www.24baires.com\/?cat=51"},"img":{"alt_text":"cristina brics","src":"https:\/\/i0.wp.com\/www.24baires.com\/wp-content\/uploads\/2014\/07\/cristina-brics.jpg?resize=350%2C200","width":350,"height":200,"srcset":"https:\/\/i0.wp.com\/www.24baires.com\/wp-content\/uploads\/2014\/07\/cristina-brics.jpg?resize=350%2C200 1x, https:\/\/i0.wp.com\/www.24baires.com\/wp-content\/uploads\/2014\/07\/cristina-brics.jpg?resize=525%2C300 1.5x"},"classes":[]}],"jetpack_sharing_enabled":true,"jetpack_likes_enabled":true,"jetpack_featured_media_url":"","_links":{"self":[{"href":"http:\/\/www.24baires.com\/index.php?rest_route=\/wp\/v2\/posts\/61315","targetHints":{"allow":["GET"]}}],"collection":[{"href":"http:\/\/www.24baires.com\/index.php?rest_route=\/wp\/v2\/posts"}],"about":[{"href":"http:\/\/www.24baires.com\/index.php?rest_route=\/wp\/v2\/types\/post"}],"author":[{"embeddable":true,"href":"http:\/\/www.24baires.com\/index.php?rest_route=\/wp\/v2\/users\/11"}],"replies":[{"embeddable":true,"href":"http:\/\/www.24baires.com\/index.php?rest_route=%2Fwp%2Fv2%2Fcomments&post=61315"}],"version-history":[{"count":2,"href":"http:\/\/www.24baires.com\/index.php?rest_route=\/wp\/v2\/posts\/61315\/revisions"}],"predecessor-version":[{"id":61318,"href":"http:\/\/www.24baires.com\/index.php?rest_route=\/wp\/v2\/posts\/61315\/revisions\/61318"}],"wp:attachment":[{"href":"http:\/\/www.24baires.com\/index.php?rest_route=%2Fwp%2Fv2%2Fmedia&parent=61315"}],"wp:term":[{"taxonomy":"category","embeddable":true,"href":"http:\/\/www.24baires.com\/index.php?rest_route=%2Fwp%2Fv2%2Fcategories&post=61315"},{"taxonomy":"post_tag","embeddable":true,"href":"http:\/\/www.24baires.com\/index.php?rest_route=%2Fwp%2Fv2%2Ftags&post=61315"}],"curies":[{"name":"wp","href":"https:\/\/api.w.org\/{rel}","templated":true}]}}