{"id":61312,"date":"2015-02-05T17:30:16","date_gmt":"2015-02-05T20:30:16","guid":{"rendered":"http:\/\/www.24baires.com\/?p=61312"},"modified":"2015-02-05T17:13:56","modified_gmt":"2015-02-05T20:13:56","slug":"de-vido-los-acuerdos-que-firmo-cristina-son-inversiones-genuinas-para-pais","status":"publish","type":"post","link":"http:\/\/www.24baires.com\/?p=61312","title":{"rendered":"De Vido: \u201cLos acuerdos que firm\u00f3 Cristina son inversiones genuinas para pa\u00eds\u201d"},"content":{"rendered":"<div id=\"attachment_57877\" style=\"width: 570px\" class=\"wp-caption aligncenter\"><img data-recalc-dims=\"1\" loading=\"lazy\" decoding=\"async\" aria-describedby=\"caption-attachment-57877\" class=\"size-full wp-image-57877\" src=\"https:\/\/i0.wp.com\/www.24baires.com\/wp-content\/uploads\/2014\/11\/de-vido.jpg?resize=560%2C336\" alt=\"De Vido neg\u00f3 que haya crisis energ\u00e9tica en Argentina.\" width=\"560\" height=\"336\" srcset=\"https:\/\/i0.wp.com\/www.24baires.com\/wp-content\/uploads\/2014\/11\/de-vido.jpg?w=560 560w, https:\/\/i0.wp.com\/www.24baires.com\/wp-content\/uploads\/2014\/11\/de-vido.jpg?resize=300%2C180 300w\" sizes=\"auto, (max-width: 560px) 100vw, 560px\" \/><p id=\"caption-attachment-57877\" class=\"wp-caption-text\">De Vido neg\u00f3 que haya crisis energ\u00e9tica en Argentina.<\/p><\/div>\n<p>El ministro de Planificaci\u00f3n Federal, Julio De Vido, desminti\u00f3 que los acuerdos firmados con la Rep\u00fablica Popular China brinden \u00abfacilidades\u00bb para \u00abtraer mano de obra de Pek\u00edn\u00bb, al salir al cruce de un art\u00edculo publicado en La Naci\u00f3n.<!--more--><\/p>\n<p>\u00abParece que el enviado del diario estuvo en Tokio o en Sydney porque brinda informaci\u00f3n falsa y malintencionada, en ning\u00fan caso los convenios firmados con China plantean facilidades o ventajas diferentes de las que nuestro pa\u00eds en forma soberana como Naci\u00f3n libre establece con otros pueblos del mundo con un esp\u00edritu amistoso, cooperativo y de beneficio mutuo\u00bb, dijo De Vido, seg\u00fan reproduce un comunicado de prensa oficial.<\/p>\n<p>\u00abNo son como la compra de empresas p\u00fablicas a precio vil durante la d\u00e9cada de 90, pagando el 23 por ciento del valor del patrimonio p\u00fablico que con tanto esfuerzo juntamos los argentinos, que para la para La Naci\u00f3n eran un ejemplo de inversiones\u00bb, se\u00f1al\u00f3 el ministro que integra la comitiva que acompa\u00f1\u00f3 a la Presidenta a China.<\/p>\n<p>Seg\u00fan el funcionario, \u00abestos acuerdos son muy beneficiosos para nuestro pa\u00eds al incluir el financiamiento del 100 por ciento de importantes obras de infraestructura con una fuerte participaci\u00f3n de empresas nacionales, como socias de los proyectos con al menos un 50 por ciento, como es el caso de las represas N\u00e9stor Kirchner-Jorge Cepernic, cuyo inicio de obra se firm\u00f3 anoche e implica una inversi\u00f3n de 4.714 millones de d\u00f3lares\u00bb.<\/p>\n<p>&nbsp;<\/p>\n<p>&nbsp;<\/p>\n<p>&nbsp;<\/p>\n<p>&nbsp;<\/p>\n<p>&nbsp;<\/p>\n<p>&nbsp;<\/p>\n<p>&nbsp;<\/p>\n<p>&nbsp;<\/p>\n<p>&nbsp;<\/p>\n<p>&nbsp;<\/p>\n<p>&nbsp;<\/p>\n","protected":false},"excerpt":{"rendered":"<p>El ministro de Planificaci\u00f3n Federal, Julio De Vido, desminti\u00f3 que los acuerdos firmados con la Rep\u00fablica Popular China brinden \u00abfacilidades\u00bb para \u00abtraer mano de obra de Pek\u00edn\u00bb, al salir al cruce de un art\u00edculo publicado en La Naci\u00f3n.<\/p>\n","protected":false},"author":8,"featured_media":0,"comment_status":"open","ping_status":"open","sticky":false,"template":"","format":"standard","meta":{"_jetpack_newsletter_access":"","_jetpack_dont_email_post_to_subs":false,"_jetpack_newsletter_tier_id":0,"_jetpack_memberships_contains_paywalled_content":false,"_jetpack_memberships_contains_paid_content":false,"footnotes":""},"categories":[51],"tags":[],"class_list":["post-61312","post","type-post","status-publish","format-standard","hentry","category-politica"],"jetpack_shortlink":"https:\/\/wp.me\/p2JWE0-fWU","jetpack-related-posts":[{"id":117737,"url":"http:\/\/www.24baires.com\/?p=117737","url_meta":{"origin":61312,"position":0},"title":"Argentina ya firm\u00f3 el contrato para la compra de la vacuna china-canadiense CanSino","author":"AF","date":"10\/06\/2021","format":false,"excerpt":"De esta manera ya son seis los laboratorios con los que el pa\u00eds alcanz\u00f3 acuerdo para la compra de vacunas. La ministra de Salud de la Naci\u00f3n, Carla Vizzotti, firm\u00f3 este jueves el contrato para la compra de una nueva vacuna contra el coronavirus Covid-19. Se trata de la vacuna\u2026","rel":"","context":"En \u00abSociedad\u00bb","block_context":{"text":"Sociedad","link":"http:\/\/www.24baires.com\/?cat=1"},"img":{"alt_text":"","src":"https:\/\/i0.wp.com\/www.24baires.com\/wp-content\/uploads\/2021\/06\/vacuna-cansino-300x225.jpg?resize=350%2C200","width":350,"height":200},"classes":[]},{"id":61107,"url":"http:\/\/www.24baires.com\/?p=61107","url_meta":{"origin":61312,"position":1},"title":"Cristina lleg\u00f3 a China para firmar acuerdos y reunirse con su par Xi Jinping","author":"AF","date":"02\/02\/2015","format":false,"excerpt":"Arrib\u00f3 a Bijing a las 7.10 (hora argentina) para cumplir una visita cuyo objetivo es fortalecer los v\u00ednculos bilaterales, rubricar importantes convenios y mantener una serie de encuentros, que incluyen al mandatario chino y empresarios. El avi\u00f3n que traslad\u00f3 a la jefa de Estado arrib\u00f3 al aeropuerto internacional de la\u2026","rel":"","context":"En \u00abPol\u00edtica\u00bb","block_context":{"text":"Pol\u00edtica","link":"http:\/\/www.24baires.com\/?cat=51"},"img":{"alt_text":"cristina avi\u00f3n","src":"https:\/\/i0.wp.com\/www.24baires.com\/wp-content\/uploads\/2012\/12\/cristina-avi%C3%B3n.jpg?resize=350%2C200","width":350,"height":200,"srcset":"https:\/\/i0.wp.com\/www.24baires.com\/wp-content\/uploads\/2012\/12\/cristina-avi%C3%B3n.jpg?resize=350%2C200 1x, https:\/\/i0.wp.com\/www.24baires.com\/wp-content\/uploads\/2012\/12\/cristina-avi%C3%B3n.jpg?resize=525%2C300 1.5x"},"classes":[]},{"id":61435,"url":"http:\/\/www.24baires.com\/?p=61435","url_meta":{"origin":61312,"position":2},"title":"Tomada resalt\u00f3 las 45 leyes para los trabajadores","author":"Grupo Sierra","date":"08\/02\/2015","format":false,"excerpt":"El ministro de Trabajo, Carlos Tomada, afirm\u00f3 que en los \u00faltimos 12 a\u00f1os \"se han sancionado en el pa\u00eds unas 45 leyes en favor de los derechos de los trabajadores\", al fundamentar su defensa de la pol\u00edtica del gobierno nacional contra las cr\u00edticas opositoras a los acuerdos en materia de\u2026","rel":"","context":"En \u00abSociedad\u00bb","block_context":{"text":"Sociedad","link":"http:\/\/www.24baires.com\/?cat=1"},"img":{"alt_text":"tomada2","src":"https:\/\/i0.wp.com\/www.24baires.com\/wp-content\/uploads\/2013\/07\/tomada2.jpg?resize=350%2C200","width":350,"height":200,"srcset":"https:\/\/i0.wp.com\/www.24baires.com\/wp-content\/uploads\/2013\/07\/tomada2.jpg?resize=350%2C200 1x, https:\/\/i0.wp.com\/www.24baires.com\/wp-content\/uploads\/2013\/07\/tomada2.jpg?resize=525%2C300 1.5x"},"classes":[]},{"id":52974,"url":"http:\/\/www.24baires.com\/?p=52974","url_meta":{"origin":61312,"position":3},"title":"China asegura que el litigio con los Fondos Buitre no afecta su relaci\u00f3n con Argentina","author":"AF","date":"03\/09\/2014","format":false,"excerpt":"El titular de la Comisi\u00f3n Nacional de Desarrollo y Reforma, Xu Shaoshi, que hoy se reuni\u00f3 encon los ministros de Econom\u00eda y de Planificaci\u00f3n, Axel Kicillof y Julio de Vido, tambi\u00e9n se mostr\u00f3 confiado en que Argentina lograr\u00e1 una soluci\u00f3n justa en este conflicto. El titular de la Comisi\u00f3n Nacional\u2026","rel":"","context":"En \u00abEconom\u00eda\u00bb","block_context":{"text":"Econom\u00eda","link":"http:\/\/www.24baires.com\/?cat=45"},"img":{"alt_text":"","src":"https:\/\/i0.wp.com\/www.24baires.com\/wp-content\/uploads\/2014\/09\/xu-shaoshi.jpg?resize=350%2C200","width":350,"height":200,"srcset":"https:\/\/i0.wp.com\/www.24baires.com\/wp-content\/uploads\/2014\/09\/xu-shaoshi.jpg?resize=350%2C200 1x, https:\/\/i0.wp.com\/www.24baires.com\/wp-content\/uploads\/2014\/09\/xu-shaoshi.jpg?resize=525%2C300 1.5x"},"classes":[]},{"id":114596,"url":"http:\/\/www.24baires.com\/?p=114596","url_meta":{"origin":61312,"position":4},"title":"Escuelas privadas congelar\u00e1n las cuotas hasta el final de la cuarentena","author":"GB","date":"03\/04\/2020","format":false,"excerpt":"El ministro de Educaci\u00f3n de la Naci\u00f3n, Nicol\u00e1s Trotta, firm\u00f3 un acuerdo con los titulares de la cartera de las 24 jurisdicciones y representantes de las escuelas privadas. Adem\u00e1s, se acord\u00f3 preservar toda fuente de trabajo, as\u00ed como seguir brindando educaci\u00f3n de forma virtual. El gobierno nacional logr\u00f3 que se\u2026","rel":"","context":"En \u00abPol\u00edtica\u00bb","block_context":{"text":"Pol\u00edtica","link":"http:\/\/www.24baires.com\/?cat=51"},"img":{"alt_text":"","src":"https:\/\/i0.wp.com\/www.24baires.com\/wp-content\/uploads\/2020\/04\/escuela-privada.jpg?resize=350%2C200","width":350,"height":200,"srcset":"https:\/\/i0.wp.com\/www.24baires.com\/wp-content\/uploads\/2020\/04\/escuela-privada.jpg?resize=350%2C200 1x, https:\/\/i0.wp.com\/www.24baires.com\/wp-content\/uploads\/2020\/04\/escuela-privada.jpg?resize=525%2C300 1.5x"},"classes":[]},{"id":54106,"url":"http:\/\/www.24baires.com\/?p=54106","url_meta":{"origin":61312,"position":5},"title":"\u00abNada de lo que pase va a condicionar los acuerdos con China\u00bb","author":"AF","date":"23\/09\/2014","format":false,"excerpt":"Lo asegur\u00f3 hoy el ministro de Planificaci\u00f3n Federal, en referencia al fallo del juez Thomas Griesa en el caso de la demanda de los holdouts. Fue durante la 58va. Conferencia General del OIEA en Viena. El ministro de Planificaci\u00f3n Federal, Julio De Vido, asegur\u00f3 hoy que \"nada de lo que\u2026","rel":"","context":"En \u00abEconom\u00eda\u00bb","block_context":{"text":"Econom\u00eda","link":"http:\/\/www.24baires.com\/?cat=45"},"img":{"alt_text":"de vido 2","src":"https:\/\/i0.wp.com\/www.24baires.com\/wp-content\/uploads\/2014\/07\/de-vido-2.jpg?resize=350%2C200","width":350,"height":200,"srcset":"https:\/\/i0.wp.com\/www.24baires.com\/wp-content\/uploads\/2014\/07\/de-vido-2.jpg?resize=350%2C200 1x, https:\/\/i0.wp.com\/www.24baires.com\/wp-content\/uploads\/2014\/07\/de-vido-2.jpg?resize=525%2C300 1.5x"},"classes":[]}],"jetpack_sharing_enabled":true,"jetpack_likes_enabled":true,"jetpack_featured_media_url":"","_links":{"self":[{"href":"http:\/\/www.24baires.com\/index.php?rest_route=\/wp\/v2\/posts\/61312","targetHints":{"allow":["GET"]}}],"collection":[{"href":"http:\/\/www.24baires.com\/index.php?rest_route=\/wp\/v2\/posts"}],"about":[{"href":"http:\/\/www.24baires.com\/index.php?rest_route=\/wp\/v2\/types\/post"}],"author":[{"embeddable":true,"href":"http:\/\/www.24baires.com\/index.php?rest_route=\/wp\/v2\/users\/8"}],"replies":[{"embeddable":true,"href":"http:\/\/www.24baires.com\/index.php?rest_route=%2Fwp%2Fv2%2Fcomments&post=61312"}],"version-history":[{"count":1,"href":"http:\/\/www.24baires.com\/index.php?rest_route=\/wp\/v2\/posts\/61312\/revisions"}],"predecessor-version":[{"id":61313,"href":"http:\/\/www.24baires.com\/index.php?rest_route=\/wp\/v2\/posts\/61312\/revisions\/61313"}],"wp:attachment":[{"href":"http:\/\/www.24baires.com\/index.php?rest_route=%2Fwp%2Fv2%2Fmedia&parent=61312"}],"wp:term":[{"taxonomy":"category","embeddable":true,"href":"http:\/\/www.24baires.com\/index.php?rest_route=%2Fwp%2Fv2%2Fcategories&post=61312"},{"taxonomy":"post_tag","embeddable":true,"href":"http:\/\/www.24baires.com\/index.php?rest_route=%2Fwp%2Fv2%2Ftags&post=61312"}],"curies":[{"name":"wp","href":"https:\/\/api.w.org\/{rel}","templated":true}]}}