{"id":61303,"date":"2015-02-05T15:36:12","date_gmt":"2015-02-05T18:36:12","guid":{"rendered":"http:\/\/www.24baires.com\/?p=61303"},"modified":"2015-02-05T15:36:12","modified_gmt":"2015-02-05T18:36:12","slug":"intervendran-el-municipio-del-intendente-de-las-fotos-con-menores","status":"publish","type":"post","link":"http:\/\/www.24baires.com\/?p=61303","title":{"rendered":"Intervendr\u00e1n el municipio del intendente de las fotos con menores"},"content":{"rendered":"<p><img data-recalc-dims=\"1\" loading=\"lazy\" decoding=\"async\" class=\"aligncenter size-full wp-image-60577\" src=\"https:\/\/i0.wp.com\/www.24baires.com\/wp-content\/uploads\/2015\/01\/el-bordo-salta-mazzone-intendente.jpg?resize=560%2C344\" alt=\"el bordo salta mazzone intendente\" width=\"560\" height=\"344\" srcset=\"https:\/\/i0.wp.com\/www.24baires.com\/wp-content\/uploads\/2015\/01\/el-bordo-salta-mazzone-intendente.jpg?w=560 560w, https:\/\/i0.wp.com\/www.24baires.com\/wp-content\/uploads\/2015\/01\/el-bordo-salta-mazzone-intendente.jpg?resize=300%2C184 300w\" sizes=\"auto, (max-width: 560px) 100vw, 560px\" \/>La C\u00e1mara de Senadores de Salta aprob\u00f3 este jueves por unanimidad que el municipio de El Bordo sea intervenido por el Poder Ejecutivo provincial luego del esc\u00e1ndalo desatado al conocerse fotos del intendente municipal, Juan \u00abChicho\u00bb Mazzone, con j\u00f3venes menores de edad en ropa interior.<!--more--><\/p>\n<p>La decisi\u00f3n fue votada durante una sesi\u00f3n extraordinaria desarrollada este jueves, luego de que los diputados dieran ayer la media sanci\u00f3n al proyecto para intervenir el municipio de El Bordo ante un pedido del gobierno por la \u00abconmoci\u00f3n social\u00bb del hecho que involucr\u00f3 al jefe comunal.<\/p>\n<p>El gobernador provincial, Juan Manuel Urtubey, propuso la intervenci\u00f3n hasta el 10 de diciembre, cuando se realizar\u00edan nuevas elecciones, ante la \u00abgrave crisis institucional\u00bb en la que incluy\u00f3 tambi\u00e9n al Concejo Deliberante, que no pudo concretar un juicio pol\u00edtico contra el peronista Mazzone para \u00abregular el funcionamiento de las instituciones\u00bb del municipio.<\/p>\n<p>El intendente de El Bordo fue imputado a mediados de enero pasado como presunto autor del delito de \u00abcorrupci\u00f3n de menores\u00bb a ra\u00edz de la publicaci\u00f3n de fotograf\u00edas en las que aparece junto a j\u00f3venes en ropa interior.<\/p>\n<p>La imputaci\u00f3n contra el jefe comunal oficialista y otros dos hombres que estuvieron en la sesi\u00f3n de fotos fue dispuesta por el fiscal Ramiro Ramos Ossorio, quien lleva adelante la investigaci\u00f3n y determin\u00f3 que una de las j\u00f3venes que aparece en las fotos tiene 15 a\u00f1os y otra 17.<\/p>\n<p>&nbsp;<\/p>\n<p>&nbsp;<\/p>\n<p>&nbsp;<\/p>\n<p>&nbsp;<\/p>\n<p>&nbsp;<\/p>\n<p>&nbsp;<\/p>\n<p>&nbsp;<\/p>\n<p>&nbsp;<\/p>\n<p>&nbsp;<\/p>\n<p>&nbsp;<\/p>\n","protected":false},"excerpt":{"rendered":"<p>La C\u00e1mara de Senadores de Salta aprob\u00f3 este jueves por unanimidad que el municipio de El Bordo sea intervenido por el Poder Ejecutivo provincial luego del esc\u00e1ndalo desatado al conocerse fotos del intendente municipal, Juan \u00abChicho\u00bb Mazzone, con j\u00f3venes menores de edad en ropa interior.<\/p>\n","protected":false},"author":8,"featured_media":0,"comment_status":"open","ping_status":"open","sticky":false,"template":"","format":"standard","meta":{"_jetpack_newsletter_access":"","_jetpack_dont_email_post_to_subs":false,"_jetpack_newsletter_tier_id":0,"_jetpack_memberships_contains_paywalled_content":false,"_jetpack_memberships_contains_paid_content":false,"footnotes":""},"categories":[51],"tags":[],"class_list":["post-61303","post","type-post","status-publish","format-standard","hentry","category-politica"],"jetpack_shortlink":"https:\/\/wp.me\/p2JWE0-fWL","jetpack-related-posts":[{"id":61019,"url":"http:\/\/www.24baires.com\/?p=61019","url_meta":{"origin":61303,"position":0},"title":"El intendente fotografiado con menores busca la reelecci\u00f3n","author":"Grupo Sierra","date":"30\/01\/2015","format":false,"excerpt":"Juan Rosario Mazzone, de la localidad salte\u00f1a de El Bordo e imputado por presunta corrupci\u00f3n de menores, asegur\u00f3 que se volver\u00e1 a postular. El municipio ser\u00eda intervenido el pr\u00f3ximo martes. Juan Rosario Mazzone, imputado por presunta corrupci\u00f3n de menores, particip\u00f3en un programa televisivo acompa\u00f1ado por su abogado, Ren\u00e9 G\u00f3mez, en\u2026","rel":"","context":"En \u00abSociedad\u00bb","block_context":{"text":"Sociedad","link":"http:\/\/www.24baires.com\/?cat=1"},"img":{"alt_text":"el bordo salta mazzone intendente","src":"https:\/\/i0.wp.com\/www.24baires.com\/wp-content\/uploads\/2015\/01\/el-bordo-salta-mazzone-intendente.jpg?resize=350%2C200","width":350,"height":200,"srcset":"https:\/\/i0.wp.com\/www.24baires.com\/wp-content\/uploads\/2015\/01\/el-bordo-salta-mazzone-intendente.jpg?resize=350%2C200 1x, https:\/\/i0.wp.com\/www.24baires.com\/wp-content\/uploads\/2015\/01\/el-bordo-salta-mazzone-intendente.jpg?resize=525%2C300 1.5x"},"classes":[]},{"id":60576,"url":"http:\/\/www.24baires.com\/?p=60576","url_meta":{"origin":61303,"position":1},"title":"Intendente hizo una fiesta con menores desnudas y sigue en el cargo","author":"Grupo Sierra","date":"22\/01\/2015","format":false,"excerpt":"Juan Rosario Mazzone fue imputado por la justicia de Salta, pero contin\u00faa al frente del municipio de El Bordo por falta de definiciones pol\u00edticas. El intendente de la localidad salte\u00f1a El Bordo, Juan Rosario Mazzone, que ha sido imputado por la justicia de Salta de la presunta comisi\u00f3n del delito\u2026","rel":"","context":"En \u00abPol\u00edtica\u00bb","block_context":{"text":"Pol\u00edtica","link":"http:\/\/www.24baires.com\/?cat=51"},"img":{"alt_text":"","src":"https:\/\/i0.wp.com\/www.24baires.com\/wp-content\/uploads\/2015\/01\/el-bordo-salta-mazzone-intendente.jpg?resize=350%2C200","width":350,"height":200,"srcset":"https:\/\/i0.wp.com\/www.24baires.com\/wp-content\/uploads\/2015\/01\/el-bordo-salta-mazzone-intendente.jpg?resize=350%2C200 1x, https:\/\/i0.wp.com\/www.24baires.com\/wp-content\/uploads\/2015\/01\/el-bordo-salta-mazzone-intendente.jpg?resize=525%2C300 1.5x"},"classes":[]},{"id":61512,"url":"http:\/\/www.24baires.com\/?p=61512","url_meta":{"origin":61303,"position":2},"title":"Intendente denunciado, destituido y ahora enjuiciado","author":"Grupo Sierra","date":"09\/02\/2015","format":false,"excerpt":"El juez interino de Garant\u00edas de Octava Nominaci\u00f3n de Salta, Antonio Pastrana, avis\u00f3 a las partes sobre la elevaci\u00f3n a juicio de la causa iniciada en contra de Juan Rosario Mazzone por \"corrupci\u00f3n de menores\". Se trata de la causa \"Mazzone, Juan Rosario, Amador, Manuel Santiago y Valdez, Eliseo El\u00edas\u2026","rel":"","context":"En \u00abJUDICIALES\u00bb","block_context":{"text":"JUDICIALES","link":"http:\/\/www.24baires.com\/?cat=68"},"img":{"alt_text":"el bordo salta mazzone intendente","src":"https:\/\/i0.wp.com\/www.24baires.com\/wp-content\/uploads\/2015\/01\/el-bordo-salta-mazzone-intendente.jpg?resize=350%2C200","width":350,"height":200,"srcset":"https:\/\/i0.wp.com\/www.24baires.com\/wp-content\/uploads\/2015\/01\/el-bordo-salta-mazzone-intendente.jpg?resize=350%2C200 1x, https:\/\/i0.wp.com\/www.24baires.com\/wp-content\/uploads\/2015\/01\/el-bordo-salta-mazzone-intendente.jpg?resize=525%2C300 1.5x"},"classes":[]},{"id":115879,"url":"http:\/\/www.24baires.com\/?p=115879","url_meta":{"origin":61303,"position":3},"title":"Kicillof logr\u00f3 un acuerdo en la Legislatura y la Provincia podr\u00e1 endeudarse","author":"AF","date":"06\/08\/2020","format":false,"excerpt":"Luego de una reuni\u00f3n del ministro de Econom\u00eda de la Provincia con intendentes de Juntos por el Cambio, la iniciativa ser\u00e1 llevada al recinto. Luego de cuatro meses de tires y aflojes respecto al proyecto de Ley de endeudamiento que present\u00f3 el gobierno de Axel Kicillof, el oficialismo y la\u2026","rel":"","context":"En \u00abProvincia\u00bb","block_context":{"text":"Provincia","link":"http:\/\/www.24baires.com\/?cat=40"},"img":{"alt_text":"","src":"https:\/\/i0.wp.com\/www.24baires.com\/wp-content\/uploads\/2020\/07\/gollan-kicillof.jpg?resize=350%2C200","width":350,"height":200,"srcset":"https:\/\/i0.wp.com\/www.24baires.com\/wp-content\/uploads\/2020\/07\/gollan-kicillof.jpg?resize=350%2C200 1x, https:\/\/i0.wp.com\/www.24baires.com\/wp-content\/uploads\/2020\/07\/gollan-kicillof.jpg?resize=525%2C300 1.5x"},"classes":[]},{"id":62155,"url":"http:\/\/www.24baires.com\/?p=62155","url_meta":{"origin":61303,"position":4},"title":"Finalmente el intendente de El Bordo no ir\u00e1 por la reelecci\u00f3n","author":"GB","date":"23\/02\/2015","format":false,"excerpt":"El intervenido intendente de El Bordo, Juan Rosario Mazzone, finalmente no ir\u00e1 por la reelecci\u00f3n, ya que el s\u00e1bado cerr\u00f3 el plazo para la presentaci\u00f3n de las listas de candidatos y se corrobor\u00f3 que el pol\u00e9mico funcionario, que est\u00e1 imputado por presunta corrupci\u00f3n de menor, no se presentar\u00e1 en la\u2026","rel":"","context":"En \u00abPol\u00edtica\u00bb","block_context":{"text":"Pol\u00edtica","link":"http:\/\/www.24baires.com\/?cat=51"},"img":{"alt_text":"el bordo salta mazzone intendente","src":"https:\/\/i0.wp.com\/www.24baires.com\/wp-content\/uploads\/2015\/01\/el-bordo-salta-mazzone-intendente.jpg?resize=350%2C200","width":350,"height":200,"srcset":"https:\/\/i0.wp.com\/www.24baires.com\/wp-content\/uploads\/2015\/01\/el-bordo-salta-mazzone-intendente.jpg?resize=350%2C200 1x, https:\/\/i0.wp.com\/www.24baires.com\/wp-content\/uploads\/2015\/01\/el-bordo-salta-mazzone-intendente.jpg?resize=525%2C300 1.5x"},"classes":[]},{"id":114802,"url":"http:\/\/www.24baires.com\/?p=114802","url_meta":{"origin":61303,"position":5},"title":"Provincia oficializ\u00f3 el auxilio a intendentes y cre\u00f3 el fondo de emergencia para pagar sueldos","author":"GB","date":"23\/04\/2020","format":false,"excerpt":"Luego del reclamo de los jefes comunales en medio de la crisis por la pandemia, Axel Kicillof firm\u00f3 el decreto que crea un fondo que podr\u00e1 cubrir hasta 12.000 millones de pesos con el principal objetivo de contribuir con el pago de sueldos de los empleados municipales. Tal como inform\u00f3\u2026","rel":"","context":"En \u00abLocales\u00bb","block_context":{"text":"Locales","link":"http:\/\/www.24baires.com\/?cat=38"},"img":{"alt_text":"","src":"https:\/\/i0.wp.com\/www.24baires.com\/wp-content\/uploads\/2020\/04\/axel-k.jpeg?resize=350%2C200","width":350,"height":200,"srcset":"https:\/\/i0.wp.com\/www.24baires.com\/wp-content\/uploads\/2020\/04\/axel-k.jpeg?resize=350%2C200 1x, https:\/\/i0.wp.com\/www.24baires.com\/wp-content\/uploads\/2020\/04\/axel-k.jpeg?resize=525%2C300 1.5x"},"classes":[]}],"jetpack_sharing_enabled":true,"jetpack_likes_enabled":true,"jetpack_featured_media_url":"","_links":{"self":[{"href":"http:\/\/www.24baires.com\/index.php?rest_route=\/wp\/v2\/posts\/61303","targetHints":{"allow":["GET"]}}],"collection":[{"href":"http:\/\/www.24baires.com\/index.php?rest_route=\/wp\/v2\/posts"}],"about":[{"href":"http:\/\/www.24baires.com\/index.php?rest_route=\/wp\/v2\/types\/post"}],"author":[{"embeddable":true,"href":"http:\/\/www.24baires.com\/index.php?rest_route=\/wp\/v2\/users\/8"}],"replies":[{"embeddable":true,"href":"http:\/\/www.24baires.com\/index.php?rest_route=%2Fwp%2Fv2%2Fcomments&post=61303"}],"version-history":[{"count":1,"href":"http:\/\/www.24baires.com\/index.php?rest_route=\/wp\/v2\/posts\/61303\/revisions"}],"predecessor-version":[{"id":61304,"href":"http:\/\/www.24baires.com\/index.php?rest_route=\/wp\/v2\/posts\/61303\/revisions\/61304"}],"wp:attachment":[{"href":"http:\/\/www.24baires.com\/index.php?rest_route=%2Fwp%2Fv2%2Fmedia&parent=61303"}],"wp:term":[{"taxonomy":"category","embeddable":true,"href":"http:\/\/www.24baires.com\/index.php?rest_route=%2Fwp%2Fv2%2Fcategories&post=61303"},{"taxonomy":"post_tag","embeddable":true,"href":"http:\/\/www.24baires.com\/index.php?rest_route=%2Fwp%2Fv2%2Ftags&post=61303"}],"curies":[{"name":"wp","href":"https:\/\/api.w.org\/{rel}","templated":true}]}}