{"id":61301,"date":"2015-02-05T15:00:24","date_gmt":"2015-02-05T18:00:24","guid":{"rendered":"http:\/\/www.24baires.com\/?p=61301"},"modified":"2015-02-06T10:37:35","modified_gmt":"2015-02-06T13:37:35","slug":"relevan-a-stiusso-de-guardar-datos-sobre-sus-actividades","status":"publish","type":"post","link":"http:\/\/www.24baires.com\/?p=61301","title":{"rendered":"Relevan a Stiusso de guardar datos sobre sus actividades"},"content":{"rendered":"<p><img data-recalc-dims=\"1\" loading=\"lazy\" decoding=\"async\" class=\"aligncenter wp-image-30723\" src=\"https:\/\/i0.wp.com\/www.24baires.com\/wp-content\/uploads\/2013\/08\/parrilli.jpg?resize=560%2C375\" alt=\"parrilli\" width=\"560\" height=\"375\" srcset=\"https:\/\/i0.wp.com\/www.24baires.com\/wp-content\/uploads\/2013\/08\/parrilli.jpg?w=320 320w, https:\/\/i0.wp.com\/www.24baires.com\/wp-content\/uploads\/2013\/08\/parrilli.jpg?resize=300%2C200 300w\" sizes=\"auto, (max-width: 560px) 100vw, 560px\" \/>El director de la SI ratific\u00f3 que el agente \u00abya no forma parte del organismo\u00bb y declar\u00f3 que se lo relev\u00f3 de la obligaci\u00f3n de guardar secreto sobre sus actividades desde 1972 hasta el 5 de enero de 2015.<!--more--><\/p>\n<p>El director de la Secretar\u00eda de Inteligencia, Oscar Parrilli, declar\u00f3 que el gobierno nacional relev\u00f3 a Antonio \u00abJaime\u00bb Stiusso de la obligaci\u00f3n de guardar secreto sobre sus actividades en la ex SIDE desde 1972 hasta el 5 de enero de 2015 y ratific\u00f3 que el agente \u00abya no forma parte del organismo\u00bb.<\/p>\n<p>Al t\u00e9rmino de la reuni\u00f3n de la comisi\u00f3n bicameral de fiscalizaci\u00f3n de los organismos de inteligencia en el Senado, Parrilli rechaz\u00f3 adem\u00e1s las cr\u00edticas de la oposici\u00f3n sobre por qu\u00e9 se efect\u00faa una reforma de inteligencia casi al final del mandato kirchnerista y asegur\u00f3 en ese sentido que \u00abeste modelo no termina ac\u00e1, quedan nueve meses y cuatro a\u00f1os m\u00e1s\u00bb.<\/p>\n<p>El funcionario inform\u00f3 sobre la decisi\u00f3n del Gobierno de relevar a Stiusso de su obligaci\u00f3n de guardar secreto sobre sus actividades, dijo que la presidenta Cristina Fern\u00e1ndez de Kirchner \u00abquiere que se sepa toda la verdad\u00bb y que esto fue notificado a la fiscal Viviana Fein, quien lo cit\u00f3 a declarar.<\/p>\n<p>Parrilli tambi\u00e9n precis\u00f3 que se intent\u00f3 notificar a Stiusso en tres domicilios diferentes y que en ninguno de ellos pudo ser encontrado.<br \/>\n\u00abLa Presidenta nos dio la directiva de preparar oficio para que se releve a Stiusso \u00abde la obligaci\u00f3n de guardar secreto por su gesti\u00f3n en la SIDE desde 1972 hasta 5 de enero de 2015 cuando obtuvo su jubilaci\u00f3n ordinaria\u00bb, relat\u00f3.<\/p>\n<p>\u00abPretendemos colaborar en todo y que se investigue lo que lamentablemente pas\u00f3 en el mes de enero\u00bb, dijo en alusi\u00f3n a la muerte del fiscal federal Alberto Nisman.<\/p>\n<p>&nbsp;<\/p>\n<p>&nbsp;<\/p>\n<p>&nbsp;<\/p>\n<p>&nbsp;<\/p>\n<p>&nbsp;<\/p>\n<p>&nbsp;<\/p>\n<p>&nbsp;<\/p>\n<p>&nbsp;<\/p>\n<p>&nbsp;<\/p>\n<p>&nbsp;<\/p>\n<p>&nbsp;<\/p>\n<p>&nbsp;<\/p>\n<p>&nbsp;<\/p>\n","protected":false},"excerpt":{"rendered":"<p>El director de la SI ratific\u00f3 que el agente \u00abya no forma parte del organismo\u00bb y declar\u00f3 que se lo relev\u00f3 de la obligaci\u00f3n de guardar secreto sobre sus actividades desde 1972 hasta el 5 de enero de 2015.<\/p>\n","protected":false},"author":8,"featured_media":0,"comment_status":"open","ping_status":"open","sticky":false,"template":"","format":"standard","meta":{"_jetpack_newsletter_access":"","_jetpack_dont_email_post_to_subs":false,"_jetpack_newsletter_tier_id":0,"_jetpack_memberships_contains_paywalled_content":false,"_jetpack_memberships_contains_paid_content":false,"footnotes":""},"categories":[51],"tags":[],"class_list":["post-61301","post","type-post","status-publish","format-standard","hentry","category-politica"],"jetpack_shortlink":"https:\/\/wp.me\/p2JWE0-fWJ","jetpack-related-posts":[{"id":61569,"url":"http:\/\/www.24baires.com\/?p=61569","url_meta":{"origin":61301,"position":0},"title":"Seg\u00fan facturas, Stiusso ten\u00eda 277 tel\u00e9fonos a nombre de la Secretar\u00eda de Inteligencia","author":"Grupo Sierra","date":"10\/02\/2015","format":false,"excerpt":"Se difundieron facturas de algunas l\u00edneas de celulares del exesp\u00eda de la SIDE y uno de los involucrados en la causa Nisman, y los n\u00fameros lo complcian cada vez m\u00e1s. Esa flota se conformaba por 231 l\u00edneas de la empresa Movistar y 46 de Nextel, y las facturas llegaban a\u2026","rel":"","context":"En \u00abJUDICIALES\u00bb","block_context":{"text":"JUDICIALES","link":"http:\/\/www.24baires.com\/?cat=68"},"img":{"alt_text":"","src":"https:\/\/i0.wp.com\/www.24baires.com\/wp-content\/uploads\/2015\/02\/factura-stiusso-side.jpg?resize=350%2C200","width":350,"height":200,"srcset":"https:\/\/i0.wp.com\/www.24baires.com\/wp-content\/uploads\/2015\/02\/factura-stiusso-side.jpg?resize=350%2C200 1x, https:\/\/i0.wp.com\/www.24baires.com\/wp-content\/uploads\/2015\/02\/factura-stiusso-side.jpg?resize=525%2C300 1.5x"},"classes":[]},{"id":62339,"url":"http:\/\/www.24baires.com\/?p=62339","url_meta":{"origin":61301,"position":1},"title":"Impulsar\u00e1n la denuncia contra Stiusso","author":"Grupo Sierra","date":"26\/02\/2015","format":false,"excerpt":"La fiscal en lo Penal Econ\u00f3mico 6, Gabriela Ruiz Morales, impuls\u00f3 la investigaci\u00f3n contra el exdirector de Operaciones de la SIDE, a ra\u00edz de la denuncia realizada por el Poder Ejecutivo. En un dictamen entregado al juez del fuero Rafael Caputo, la fiscal imput\u00f3 adem\u00e1s a los exagentes Nicol\u00e1s Mercado\u2026","rel":"","context":"En \u00abJUDICIALES\u00bb","block_context":{"text":"JUDICIALES","link":"http:\/\/www.24baires.com\/?cat=68"},"img":{"alt_text":"stiusso","src":"https:\/\/i0.wp.com\/www.24baires.com\/wp-content\/uploads\/2015\/02\/stiusso.jpg?resize=350%2C200","width":350,"height":200,"srcset":"https:\/\/i0.wp.com\/www.24baires.com\/wp-content\/uploads\/2015\/02\/stiusso.jpg?resize=350%2C200 1x, https:\/\/i0.wp.com\/www.24baires.com\/wp-content\/uploads\/2015\/02\/stiusso.jpg?resize=525%2C300 1.5x"},"classes":[]},{"id":79923,"url":"http:\/\/www.24baires.com\/?p=79923","url_meta":{"origin":61301,"position":2},"title":"Stiuso no declar\u00f3 y present\u00f3 un escrito en la causa por el atentado a la AMIA","author":"AF","date":"09\/03\/2016","format":false,"excerpt":"El ex director de operaciones de la SIDE dijo que evitaba declarar bajo juramento de verdad porque est\u00e1 imputado en una causa por supuesto \"encubrimiento\" del ataque y podr\u00eda quedar incriminado con sus dichos. El ex director de Operaciones de la SIDE, Antonio Stiuso, se present\u00f3 a declarar como testigo\u2026","rel":"","context":"En \u00abJUDICIALES\u00bb","block_context":{"text":"JUDICIALES","link":"http:\/\/www.24baires.com\/?cat=68"},"img":{"alt_text":"stiuso","src":"https:\/\/i0.wp.com\/www.24baires.com\/wp-content\/uploads\/2015\/10\/stiuso.jpg?resize=350%2C200","width":350,"height":200,"srcset":"https:\/\/i0.wp.com\/www.24baires.com\/wp-content\/uploads\/2015\/10\/stiuso.jpg?resize=350%2C200 1x, https:\/\/i0.wp.com\/www.24baires.com\/wp-content\/uploads\/2015\/10\/stiuso.jpg?resize=525%2C300 1.5x"},"classes":[]},{"id":61615,"url":"http:\/\/www.24baires.com\/?p=61615","url_meta":{"origin":61301,"position":3},"title":"Se vienen nuevos cambios al proyecto de Inteligencia","author":"Grupo Sierra","date":"11\/02\/2015","format":false,"excerpt":"El director de la Secretar\u00eda de Inteligencia, Oscar Parrilli, lo anunci\u00f3 esta tarde en referencia al proyecto que ser\u00e1 debatido ma\u00f1ana en el Senado. El director de la Secretar\u00eda de Inteligencia, Oscar Parrilli, y el jefe del bloque de senadores del oficialismo, Miguel Pichetto, anunciaron esta tarde que se har\u00e1n\u2026","rel":"","context":"En \u00abPol\u00edtica\u00bb","block_context":{"text":"Pol\u00edtica","link":"http:\/\/www.24baires.com\/?cat=51"},"img":{"alt_text":"oscar parrilli","src":"https:\/\/i0.wp.com\/www.24baires.com\/wp-content\/uploads\/2014\/04\/oscar-parrilli.jpg?resize=350%2C200","width":350,"height":200,"srcset":"https:\/\/i0.wp.com\/www.24baires.com\/wp-content\/uploads\/2014\/04\/oscar-parrilli.jpg?resize=350%2C200 1x, https:\/\/i0.wp.com\/www.24baires.com\/wp-content\/uploads\/2014\/04\/oscar-parrilli.jpg?resize=525%2C300 1.5x"},"classes":[]},{"id":61120,"url":"http:\/\/www.24baires.com\/?p=61120","url_meta":{"origin":61301,"position":4},"title":"\u201cStiusso es un personaje siniestro que intent\u00f3 perjudicar al Gobierno\u201d","author":"GB","date":"02\/02\/2015","format":false,"excerpt":"El secretario General de la Presidencia, An\u00edbal Fern\u00e1ndez, asegur\u00f3 hoy que el ex Jefe de Operaciones de la SIDE, Antonio Stiusso, \"es un personaje siniestro, que lo que ha intentado por todos los medios fue poner palos en la rueda al Gobierno\" A su vez que consider\u00f3 como una \"mentira\u2026","rel":"","context":"En \u00abPol\u00edtica\u00bb","block_context":{"text":"Pol\u00edtica","link":"http:\/\/www.24baires.com\/?cat=51"},"img":{"alt_text":"an\u00edbal fern\u00e1ndez","src":"https:\/\/i0.wp.com\/www.24baires.com\/wp-content\/uploads\/2013\/01\/an%C3%ADbal-fern%C3%A1ndez.jpg?resize=350%2C200","width":350,"height":200},"classes":[]},{"id":64099,"url":"http:\/\/www.24baires.com\/?p=64099","url_meta":{"origin":61301,"position":5},"title":"Parrilli le pidi\u00f3 al juez Canicoba que garantice la declaraci\u00f3n de Stiuso","author":"GB","date":"10\/04\/2015","format":false,"excerpt":"El titular de la Secretar\u00eda,, present\u00f3 un escrito ante el juzgado de Canicoba Corral en el que pidieron que, de ser necesario, se disponga el \u201cauxilio de la fuerza p\u00fablica\u201d para que el ex agente declare. Las autoridades de la Secretaria de Inteligencia (SI) solicitaron hoy al juez federal Rodolfo\u2026","rel":"","context":"En \u00abPol\u00edtica\u00bb","block_context":{"text":"Pol\u00edtica","link":"http:\/\/www.24baires.com\/?cat=51"},"img":{"alt_text":"parrili1","src":"https:\/\/i0.wp.com\/www.24baires.com\/wp-content\/uploads\/2015\/04\/parrili1.jpg?resize=350%2C200","width":350,"height":200,"srcset":"https:\/\/i0.wp.com\/www.24baires.com\/wp-content\/uploads\/2015\/04\/parrili1.jpg?resize=350%2C200 1x, https:\/\/i0.wp.com\/www.24baires.com\/wp-content\/uploads\/2015\/04\/parrili1.jpg?resize=525%2C300 1.5x"},"classes":[]}],"jetpack_sharing_enabled":true,"jetpack_likes_enabled":true,"jetpack_featured_media_url":"","_links":{"self":[{"href":"http:\/\/www.24baires.com\/index.php?rest_route=\/wp\/v2\/posts\/61301","targetHints":{"allow":["GET"]}}],"collection":[{"href":"http:\/\/www.24baires.com\/index.php?rest_route=\/wp\/v2\/posts"}],"about":[{"href":"http:\/\/www.24baires.com\/index.php?rest_route=\/wp\/v2\/types\/post"}],"author":[{"embeddable":true,"href":"http:\/\/www.24baires.com\/index.php?rest_route=\/wp\/v2\/users\/8"}],"replies":[{"embeddable":true,"href":"http:\/\/www.24baires.com\/index.php?rest_route=%2Fwp%2Fv2%2Fcomments&post=61301"}],"version-history":[{"count":1,"href":"http:\/\/www.24baires.com\/index.php?rest_route=\/wp\/v2\/posts\/61301\/revisions"}],"predecessor-version":[{"id":61302,"href":"http:\/\/www.24baires.com\/index.php?rest_route=\/wp\/v2\/posts\/61301\/revisions\/61302"}],"wp:attachment":[{"href":"http:\/\/www.24baires.com\/index.php?rest_route=%2Fwp%2Fv2%2Fmedia&parent=61301"}],"wp:term":[{"taxonomy":"category","embeddable":true,"href":"http:\/\/www.24baires.com\/index.php?rest_route=%2Fwp%2Fv2%2Fcategories&post=61301"},{"taxonomy":"post_tag","embeddable":true,"href":"http:\/\/www.24baires.com\/index.php?rest_route=%2Fwp%2Fv2%2Ftags&post=61301"}],"curies":[{"name":"wp","href":"https:\/\/api.w.org\/{rel}","templated":true}]}}