{"id":61268,"date":"2015-02-04T19:38:23","date_gmt":"2015-02-04T22:38:23","guid":{"rendered":"http:\/\/www.24baires.com\/?p=61268"},"modified":"2015-02-04T19:38:23","modified_gmt":"2015-02-04T22:38:23","slug":"lorenzino-critico-las-alianzas-en-contra-de-algo-porque-defraudan-a-la-gente","status":"publish","type":"post","link":"http:\/\/www.24baires.com\/?p=61268","title":{"rendered":"Lorenzino critic\u00f3 las alianzas \u00aben contra de algo porque defraudan a la gente\u00bb"},"content":{"rendered":"<p><img data-recalc-dims=\"1\" loading=\"lazy\" decoding=\"async\" class=\"aligncenter size-full wp-image-42281\" src=\"https:\/\/i0.wp.com\/www.24baires.com\/wp-content\/uploads\/2014\/03\/Guido-Lorenzino-Matta.jpg?resize=560%2C383\" alt=\"Guido-Lorenzino-Matta\" width=\"560\" height=\"383\" srcset=\"https:\/\/i0.wp.com\/www.24baires.com\/wp-content\/uploads\/2014\/03\/Guido-Lorenzino-Matta.jpg?w=560 560w, https:\/\/i0.wp.com\/www.24baires.com\/wp-content\/uploads\/2014\/03\/Guido-Lorenzino-Matta.jpg?resize=300%2C205 300w\" sizes=\"auto, (max-width: 560px) 100vw, 560px\" \/>El diputado provincial del sciolismo, Guido Lorenzino, cuestion\u00f3 las distintas uniones electorales que se est\u00e1n registrando en la oposici\u00f3n de cara a las PASO, y asegur\u00f3 que desde el espacio que lidera Daniel Scioli \u00abestamos trabajando sobre las nuevas demandas que plantea la sociedad\u00bb.<!--more--><\/p>\n<p>\u00abEs fundamental que cada uno de los candidatos que surjan de las PASO, representen algo en com\u00fan, tengan coherencia entre s\u00ed\u00bb, expres\u00f3 Lorenzino, y remarc\u00f3 que desde el Frente para la Victoria \u00abllevamos adelante transformaciones en los \u00faltimos 11 a\u00f1os\u00bb.<\/p>\n<p>\u00abUnirse por la idea de estar en contra de algo, es defraudar a la gente\u00bb, sentenci\u00f3 el legislador en momentos que Mauricio Macri y Elisa Carri\u00f3 firmaron un acuerdo pol\u00edtico, y en ese sentido, afirm\u00f3 que \u00abcada uno construye su propia estrategia y el FpV seguir\u00e1 siendo el espacio que trabajar\u00e1 sobre los problemas que la gente tiene\u00bb.<\/p>\n<p>En cuanto a los objetivos legislativos de 2015, Lorenzino dijo que \u00abse abre una agenda nueva que nos permite pensar en el desarrollo y los nuevos desaf\u00edos, cuidando todo lo que hicimos en los \u00faltimos a\u00f1os a nivel nacional y provincial\u00bb.<\/p>\n<p>&nbsp;<\/p>\n<p>&nbsp;<\/p>\n<p>&nbsp;<\/p>\n<p>&nbsp;<\/p>\n","protected":false},"excerpt":{"rendered":"<p>El diputado provincial del sciolismo, Guido Lorenzino, cuestion\u00f3 las distintas uniones electorales que se est\u00e1n registrando en la oposici\u00f3n de cara a las PASO, y asegur\u00f3 que desde el espacio que lidera Daniel Scioli \u00abestamos trabajando sobre las nuevas demandas que plantea la sociedad\u00bb.<\/p>\n","protected":false},"author":11,"featured_media":0,"comment_status":"open","ping_status":"open","sticky":false,"template":"","format":"standard","meta":{"_jetpack_newsletter_access":"","_jetpack_dont_email_post_to_subs":false,"_jetpack_newsletter_tier_id":0,"_jetpack_memberships_contains_paywalled_content":false,"_jetpack_memberships_contains_paid_content":false,"footnotes":""},"categories":[51],"tags":[],"class_list":["post-61268","post","type-post","status-publish","format-standard","hentry","category-politica"],"jetpack_shortlink":"https:\/\/wp.me\/p2JWE0-fWc","jetpack-related-posts":[{"id":17336,"url":"http:\/\/www.24baires.com\/?p=17336","url_meta":{"origin":61268,"position":0},"title":"Cristina reafirm\u00f3 que se pagar\u00e1 a los &#8216;Fondos Buitre&#8217; \u00abpero no en mejores condiciones\u00bb","author":"Grupo Sierra","date":"03\/03\/2013","format":false,"excerpt":"La presidenta Cristina Fern\u00e1ndez de Kirchner reafirm\u00f3 este domingo desde su cuenta de Twitter que Argentina est\u00e1 dispuesta a pagar a fondos buitre \"pero no en mejores condiciones que el 93% que entr\u00f3 al canje\". En esa l\u00ednea, tambi\u00e9n se manifestaron el vicepresidente, Amado Boudou y el ministro de Econom\u00eda,\u2026","rel":"","context":"En \u00abPol\u00edtica\u00bb","block_context":{"text":"Pol\u00edtica","link":"http:\/\/www.24baires.com\/?cat=51"},"img":{"alt_text":"","src":"","width":0,"height":0},"classes":[]},{"id":102235,"url":"http:\/\/www.24baires.com\/?p=102235","url_meta":{"origin":61268,"position":1},"title":"Defensor del Pueblo bonaerense plante\u00f3 la \u00abnulidad\u00bb del cuadro tarifario de luz y gas","author":"GB","date":"19\/05\/2018","format":false,"excerpt":"Guido Lorenzino sostuvo que resulta \"confiscatorio\". \"Esperamos que la Justicia ordene este descalabro\", dijo. El defensor del Pueblo de la provincia de Buenos Aires, Guido Lorenzino, confirm\u00f3 que present\u00f3 un planteo de \"nulidad e inconstitucionalidad del cuadro tarifario de luz y de gas que se ejecuta en la provincia\", al\u2026","rel":"","context":"En \u00abConsumidores\u00bb","block_context":{"text":"Consumidores","link":"http:\/\/www.24baires.com\/?cat=78"},"img":{"alt_text":"","src":"https:\/\/i0.wp.com\/www.24baires.com\/wp-content\/uploads\/2016\/08\/gas.jpg?resize=350%2C200","width":350,"height":200,"srcset":"https:\/\/i0.wp.com\/www.24baires.com\/wp-content\/uploads\/2016\/08\/gas.jpg?resize=350%2C200 1x, https:\/\/i0.wp.com\/www.24baires.com\/wp-content\/uploads\/2016\/08\/gas.jpg?resize=525%2C300 1.5x"},"classes":[]},{"id":30095,"url":"http:\/\/www.24baires.com\/?p=30095","url_meta":{"origin":61268,"position":2},"title":"Lorenzino asegura que siguen firmes las expectativas presidenciales de Scioli","author":"AF","date":"13\/08\/2013","format":false,"excerpt":"El diputado provincial Guido Lorenzino dijo no tener \"ninguna duda\" de que el gobernador bonaerense mantiene sus aspiraciones presidenciales. El diputado provincial Guido Lorenzino dijo hoy no tener \"ninguna duda\" de que el gobernador Daniel Scioli mantiene sus aspiraciones presidenciales y lo consider\u00f3 como el dirigente del Frente para la\u2026","rel":"","context":"En \u00abPol\u00edtica\u00bb","block_context":{"text":"Pol\u00edtica","link":"http:\/\/www.24baires.com\/?cat=51"},"img":{"alt_text":"scioli ok","src":"https:\/\/i0.wp.com\/www.24baires.com\/wp-content\/uploads\/2012\/12\/scioli-ok.jpg?resize=350%2C200","width":350,"height":200,"srcset":"https:\/\/i0.wp.com\/www.24baires.com\/wp-content\/uploads\/2012\/12\/scioli-ok.jpg?resize=350%2C200 1x, https:\/\/i0.wp.com\/www.24baires.com\/wp-content\/uploads\/2012\/12\/scioli-ok.jpg?resize=525%2C300 1.5x"},"classes":[]},{"id":106366,"url":"http:\/\/www.24baires.com\/?p=106366","url_meta":{"origin":61268,"position":3},"title":"Insaurralde y Lorenzino demandar\u00e1n legalmente a Edesur","author":"AF","date":"15\/01\/2019","format":false,"excerpt":"El Defensor del Pueblo bonaerense, Guido Lorenzino, y el intendente de Lomas de Zamora, Mart\u00edn Insaurralde, anunciaron hoy que iniciar\u00e1n acciones legales con Edesur. El anuncio lo formul\u00f3 Lorenzino en las redes sociales, donde indic\u00f3 que junto a Insaurralde \"coincidimos en que la empresa no realiz\u00f3 las inversiones necesarias para\u2026","rel":"","context":"En \u00abLocales\u00bb","block_context":{"text":"Locales","link":"http:\/\/www.24baires.com\/?cat=38"},"img":{"alt_text":"","src":"https:\/\/i0.wp.com\/www.24baires.com\/wp-content\/uploads\/2014\/12\/edesur.jpg?resize=350%2C200","width":350,"height":200,"srcset":"https:\/\/i0.wp.com\/www.24baires.com\/wp-content\/uploads\/2014\/12\/edesur.jpg?resize=350%2C200 1x, https:\/\/i0.wp.com\/www.24baires.com\/wp-content\/uploads\/2014\/12\/edesur.jpg?resize=525%2C300 1.5x"},"classes":[]},{"id":101137,"url":"http:\/\/www.24baires.com\/?p=101137","url_meta":{"origin":61268,"position":4},"title":"Defensor\u00eda del Pueblo impulsa la modificaci\u00f3n del sistema electoral","author":"GB","date":"19\/03\/2018","format":false,"excerpt":"El defensor del Pueblo bonaerense, Guido Lorenzino, destac\u00f3 la necesidad de que se modifique el sistema electoral en la provincia de Buenos Aires para eliminar el \"ej\u00e9rcito de fiscales\" utilizado por los partidos en cada comicio y ahorrar grandes sumas de dinero en boletas tradicionales. \"Se puede construir una mejor\u2026","rel":"","context":"En \u00abProvincia\u00bb","block_context":{"text":"Provincia","link":"http:\/\/www.24baires.com\/?cat=40"},"img":{"alt_text":"","src":"https:\/\/i0.wp.com\/www.24baires.com\/wp-content\/uploads\/2013\/06\/URNAS-VOTOS-300x200.jpg?resize=350%2C200","width":350,"height":200},"classes":[]},{"id":56328,"url":"http:\/\/www.24baires.com\/?p=56328","url_meta":{"origin":61268,"position":5},"title":"El sciolismo y la urgencia por aprobar el Presupuesto 2015","author":"Grupo Sierra","date":"30\/10\/2014","format":false,"excerpt":"El diputado provincial Guido Lorenzino pidi\u00f3 hoy \u201cresponsabilidad\u201d a la oposici\u00f3n para aprobar el Presupuesto enviado por el Ejecutivo para el pr\u00f3ximo a\u00f1o y \"apur\u00f3\" al Frente Renovador. \u201cPresentamos el Presupuesto, lo hemos explicado y el Jefe de Gabinete provincial dar\u00e1 la explicaci\u00f3n general\u201d, explic\u00f3 Lorenzino, y agreg\u00f3 que cada\u2026","rel":"","context":"En \u00abPol\u00edtica\u00bb","block_context":{"text":"Pol\u00edtica","link":"http:\/\/www.24baires.com\/?cat=51"},"img":{"alt_text":"Guido-Lorenzino-Matta","src":"https:\/\/i0.wp.com\/www.24baires.com\/wp-content\/uploads\/2014\/03\/Guido-Lorenzino-Matta.jpg?resize=350%2C200","width":350,"height":200,"srcset":"https:\/\/i0.wp.com\/www.24baires.com\/wp-content\/uploads\/2014\/03\/Guido-Lorenzino-Matta.jpg?resize=350%2C200 1x, https:\/\/i0.wp.com\/www.24baires.com\/wp-content\/uploads\/2014\/03\/Guido-Lorenzino-Matta.jpg?resize=525%2C300 1.5x"},"classes":[]}],"jetpack_sharing_enabled":true,"jetpack_likes_enabled":true,"jetpack_featured_media_url":"","_links":{"self":[{"href":"http:\/\/www.24baires.com\/index.php?rest_route=\/wp\/v2\/posts\/61268","targetHints":{"allow":["GET"]}}],"collection":[{"href":"http:\/\/www.24baires.com\/index.php?rest_route=\/wp\/v2\/posts"}],"about":[{"href":"http:\/\/www.24baires.com\/index.php?rest_route=\/wp\/v2\/types\/post"}],"author":[{"embeddable":true,"href":"http:\/\/www.24baires.com\/index.php?rest_route=\/wp\/v2\/users\/11"}],"replies":[{"embeddable":true,"href":"http:\/\/www.24baires.com\/index.php?rest_route=%2Fwp%2Fv2%2Fcomments&post=61268"}],"version-history":[{"count":1,"href":"http:\/\/www.24baires.com\/index.php?rest_route=\/wp\/v2\/posts\/61268\/revisions"}],"predecessor-version":[{"id":61269,"href":"http:\/\/www.24baires.com\/index.php?rest_route=\/wp\/v2\/posts\/61268\/revisions\/61269"}],"wp:attachment":[{"href":"http:\/\/www.24baires.com\/index.php?rest_route=%2Fwp%2Fv2%2Fmedia&parent=61268"}],"wp:term":[{"taxonomy":"category","embeddable":true,"href":"http:\/\/www.24baires.com\/index.php?rest_route=%2Fwp%2Fv2%2Fcategories&post=61268"},{"taxonomy":"post_tag","embeddable":true,"href":"http:\/\/www.24baires.com\/index.php?rest_route=%2Fwp%2Fv2%2Ftags&post=61268"}],"curies":[{"name":"wp","href":"https:\/\/api.w.org\/{rel}","templated":true}]}}