{"id":61253,"date":"2015-02-04T16:00:14","date_gmt":"2015-02-04T19:00:14","guid":{"rendered":"http:\/\/www.24baires.com\/?p=61253"},"modified":"2015-02-04T16:20:51","modified_gmt":"2015-02-04T19:20:51","slug":"massa-perdio-un-diputado-que-se-fue-con-randazzo","status":"publish","type":"post","link":"http:\/\/www.24baires.com\/?p=61253","title":{"rendered":"Massa perdi\u00f3 un diputado que se fue con Randazzo"},"content":{"rendered":"<p><img data-recalc-dims=\"1\" loading=\"lazy\" decoding=\"async\" class=\"aligncenter size-full wp-image-26900\" src=\"https:\/\/i0.wp.com\/www.24baires.com\/wp-content\/uploads\/2013\/06\/massa-otra.jpg?resize=560%2C320\" alt=\"massa otra\" width=\"560\" height=\"320\" srcset=\"https:\/\/i0.wp.com\/www.24baires.com\/wp-content\/uploads\/2013\/06\/massa-otra.jpg?w=560 560w, https:\/\/i0.wp.com\/www.24baires.com\/wp-content\/uploads\/2013\/06\/massa-otra.jpg?resize=300%2C171 300w\" sizes=\"auto, (max-width: 560px) 100vw, 560px\" \/>El diputado provincial Mariano San Pedro anunci\u00f3 que dejar\u00e1 la bancada del Frente Renovador y se sumar\u00e1 al Frente para la Victoria cuando comience la actividad legislativa. Adem\u00e1s anticip\u00f3 que va a trabajar para Florencio Randazzo en las internas del sector.<!--more--><\/p>\n<p>El legislador es hijo del intendente de Bragado Aldo San Pedro e ingres\u00f3 a la C\u00e1mara baja en 2013 de la mano del ex intendente de Almirante Brown Dar\u00edo Giustossi como parte del massismo.<\/p>\n<p>En una extensa carta da cuenta de las diferencias que lo hicieron alejarse del FR y concluye: \u201cno me moviliza el da\u00f1o o el perjuicio a nadie en particular, solo la convicci\u00f3n de respetar mis ideas, mi formaci\u00f3n pol\u00edtica, y una historia en com\u00fan con mucha gente\u201d.<\/p>\n<p>En declaraciones radiales Mariano San Pedro afirm\u00f3 que con el massismo \u00abrealmente no compartimos la visi\u00f3n sobre lo que hay que hacer en la Argentina\u00bb y dej\u00f3 en claro que \u00abvamos a desarrollarnos pol\u00edticamente con todo el Frente Para la Victoria pero en este a\u00f1o electoral espec\u00edficamente con (el ministro Florencio) Randazzo\u00bb.<\/p>\n<p>Tambi\u00e9n aclar\u00f3 que \u201chace algunas semanas termin\u00e9 de redactar un documento pol\u00edtico para comunicar mi decisi\u00f3n de alejarme del Frente Renovador\u201d pero que posterg\u00f3 su publicaci\u00f3n debido a que \u201cfui sorprendido por la noticia de la muerte del Fiscal Nisman\u201d.<\/p>\n<p>&nbsp;<\/p>\n<p>&nbsp;<\/p>\n<p>&nbsp;<\/p>\n<p>&nbsp;<\/p>\n<p>&nbsp;<\/p>\n<p>&nbsp;<\/p>\n<p>&nbsp;<\/p>\n<p>&nbsp;<\/p>\n<p>&nbsp;<\/p>\n<p>&nbsp;<\/p>\n","protected":false},"excerpt":{"rendered":"<p>El diputado provincial Mariano San Pedro anunci\u00f3 que dejar\u00e1 la bancada del Frente Renovador y se sumar\u00e1 al Frente para la Victoria cuando comience la actividad legislativa. Adem\u00e1s anticip\u00f3 que va a trabajar para Florencio Randazzo en las internas del sector.<\/p>\n","protected":false},"author":8,"featured_media":0,"comment_status":"open","ping_status":"open","sticky":false,"template":"","format":"standard","meta":{"_jetpack_newsletter_access":"","_jetpack_dont_email_post_to_subs":false,"_jetpack_newsletter_tier_id":0,"_jetpack_memberships_contains_paywalled_content":false,"_jetpack_memberships_contains_paid_content":false,"footnotes":""},"categories":[51],"tags":[],"class_list":["post-61253","post","type-post","status-publish","format-standard","hentry","category-politica"],"jetpack_shortlink":"https:\/\/wp.me\/p2JWE0-fVX","jetpack-related-posts":[{"id":61803,"url":"http:\/\/www.24baires.com\/?p=61803","url_meta":{"origin":61253,"position":0},"title":"Otros dos concejales pasan del FR al FPV en Brown","author":"Grupo Sierra","date":"15\/02\/2015","format":false,"excerpt":"Tras la salida de Mariano San Pedro del massismo, esta semana anunciaron su regreso Carvajal y Russo. Luego de que el diputado provincial y dirigente de Almirante Brown Mariano San Pedro anunciara su salida del Frente Renovador, esta semana dos concejales del distrito optaron por seguir sus pasos: primero notific\u00f3\u2026","rel":"","context":"En \u00abPol\u00edtica\u00bb","block_context":{"text":"Pol\u00edtica","link":"http:\/\/www.24baires.com\/?cat=51"},"img":{"alt_text":"municipalidad almirante brown","src":"https:\/\/i0.wp.com\/www.24baires.com\/wp-content\/uploads\/2014\/10\/municipalidad-almirante-brown.jpg?resize=350%2C200","width":350,"height":200,"srcset":"https:\/\/i0.wp.com\/www.24baires.com\/wp-content\/uploads\/2014\/10\/municipalidad-almirante-brown.jpg?resize=350%2C200 1x, https:\/\/i0.wp.com\/www.24baires.com\/wp-content\/uploads\/2014\/10\/municipalidad-almirante-brown.jpg?resize=525%2C300 1.5x"},"classes":[]},{"id":66944,"url":"http:\/\/www.24baires.com\/?p=66944","url_meta":{"origin":61253,"position":1},"title":"\u00abMe siento representado por este proyecto\u201d, dijo Eseverri tras su vuelta al FpV","author":"GB","date":"02\/06\/2015","format":false,"excerpt":"El intendente del partido bonaerense de Olavarr\u00eda, Jos\u00e9 Eseverri, se sum\u00f3 hoy a la larga lista de dirigentes del Frente Renovador que regresan a las filas del Frente para la Victoria, durante una reuni\u00f3n en Casa Rosada en la que oficializ\u00f3 el acuerdo con el secretario general de la Presidencia,\u2026","rel":"","context":"En \u00abElecciones 2015\u00bb","block_context":{"text":"Elecciones 2015","link":"http:\/\/www.24baires.com\/?cat=74"},"img":{"alt_text":"","src":"https:\/\/i0.wp.com\/www.24baires.com\/wp-content\/uploads\/2015\/06\/eseverri-fpv.jpg?resize=350%2C200","width":350,"height":200},"classes":[]},{"id":100697,"url":"http:\/\/www.24baires.com\/?p=100697","url_meta":{"origin":61253,"position":2},"title":"Sol\u00e1: \u00abMassa va a tener que sumarse a la unidad del peronismo\u00bb","author":"GB","date":"23\/02\/2018","format":false,"excerpt":"El diputado nacional del FR sostuvo que \"lo importante es la unidad para enfrentar al neoliberalismo\". En medio de la discusi\u00f3n por la unidad del PJ de cara al 2019, el diputado nacional Felipe Sol\u00e1 presion\u00f3 a su actual jefe pol\u00edtico Sergio Massa para que haga a un lado sus\u2026","rel":"","context":"En \u00abPol\u00edtica\u00bb","block_context":{"text":"Pol\u00edtica","link":"http:\/\/www.24baires.com\/?cat=51"},"img":{"alt_text":"","src":"https:\/\/i0.wp.com\/www.24baires.com\/wp-content\/uploads\/2014\/07\/felipe-sol%C3%A1.jpg?resize=350%2C200","width":350,"height":200,"srcset":"https:\/\/i0.wp.com\/www.24baires.com\/wp-content\/uploads\/2014\/07\/felipe-sol%C3%A1.jpg?resize=350%2C200 1x, https:\/\/i0.wp.com\/www.24baires.com\/wp-content\/uploads\/2014\/07\/felipe-sol%C3%A1.jpg?resize=525%2C300 1.5x"},"classes":[]},{"id":65778,"url":"http:\/\/www.24baires.com\/?p=65778","url_meta":{"origin":61253,"position":3},"title":"Cambios en la Legislatura tras el abandono de Giustozzi","author":"AF","date":"12\/05\/2015","format":false,"excerpt":"La salida de Dar\u00edo Giustozzi del Frente Renovador gener\u00f3 una nueva p\u00e9rdida para el massismo en la Legislatura bonaerense, que ver\u00e1 nuevamente reducidas sus bancadas de Diputados y Senadores con la salida de Mario Giacobbe y Patricia Segovia, aunque la sangr\u00eda podr\u00eda ser mayor. Fuentes legislativas confirmaron que ambos legisladores,\u2026","rel":"","context":"En \u00abPol\u00edtica\u00bb","block_context":{"text":"Pol\u00edtica","link":"http:\/\/www.24baires.com\/?cat=51"},"img":{"alt_text":"giustozzi","src":"https:\/\/i0.wp.com\/www.24baires.com\/wp-content\/uploads\/2015\/05\/giustozzi.jpg?resize=350%2C200","width":350,"height":200,"srcset":"https:\/\/i0.wp.com\/www.24baires.com\/wp-content\/uploads\/2015\/05\/giustozzi.jpg?resize=350%2C200 1x, https:\/\/i0.wp.com\/www.24baires.com\/wp-content\/uploads\/2015\/05\/giustozzi.jpg?resize=525%2C300 1.5x"},"classes":[]},{"id":62753,"url":"http:\/\/www.24baires.com\/?p=62753","url_meta":{"origin":61253,"position":4},"title":"Massa sigue perdiendo aliados, esta vez un senador bonaerense","author":"GB","date":"06\/03\/2015","format":false,"excerpt":"El senador bonaerense Alfonso Coll Areco renunci\u00f3 a la bancada del Frente Renovador (FR) y anunci\u00f3 la creaci\u00f3n de un monobloque, convirti\u00e9ndose as\u00ed en el segundo legislador en enfrentarse a su referente pol\u00edtico y abandonar las filas del espacio que lidera Sergio Massa. Coll Areco, quien lleg\u00f3 al Senado bonaerense\u2026","rel":"","context":"En \u00abPol\u00edtica\u00bb","block_context":{"text":"Pol\u00edtica","link":"http:\/\/www.24baires.com\/?cat=51"},"img":{"alt_text":"massa mate","src":"https:\/\/i0.wp.com\/www.24baires.com\/wp-content\/uploads\/2015\/01\/massa-mate.jpg?resize=350%2C200","width":350,"height":200,"srcset":"https:\/\/i0.wp.com\/www.24baires.com\/wp-content\/uploads\/2015\/01\/massa-mate.jpg?resize=350%2C200 1x, https:\/\/i0.wp.com\/www.24baires.com\/wp-content\/uploads\/2015\/01\/massa-mate.jpg?resize=525%2C300 1.5x"},"classes":[]},{"id":26679,"url":"http:\/\/www.24baires.com\/?p=26679","url_meta":{"origin":61253,"position":5},"title":"Los candidatos a la Legislatura bonaerense secci\u00f3n por secci\u00f3n","author":"Grupo Sierra","date":"23\/06\/2013","format":false,"excerpt":"Las diferentes agrupaciones pol\u00edticas presentaron anoche las listas de candidatos para la Legislatura provincial con vistas a las elecciones de octubre en la que se renuevan 46 diputados y 23 senadores bonaerenses. El ex diputado cobista e intendente de Mar del Plata, Daniel Katz alineado ahora con Massa, igual que\u2026","rel":"","context":"En \u00abPol\u00edtica\u00bb","block_context":{"text":"Pol\u00edtica","link":"http:\/\/www.24baires.com\/?cat=51"},"img":{"alt_text":"","src":"","width":0,"height":0},"classes":[]}],"jetpack_sharing_enabled":true,"jetpack_likes_enabled":true,"jetpack_featured_media_url":"","_links":{"self":[{"href":"http:\/\/www.24baires.com\/index.php?rest_route=\/wp\/v2\/posts\/61253","targetHints":{"allow":["GET"]}}],"collection":[{"href":"http:\/\/www.24baires.com\/index.php?rest_route=\/wp\/v2\/posts"}],"about":[{"href":"http:\/\/www.24baires.com\/index.php?rest_route=\/wp\/v2\/types\/post"}],"author":[{"embeddable":true,"href":"http:\/\/www.24baires.com\/index.php?rest_route=\/wp\/v2\/users\/8"}],"replies":[{"embeddable":true,"href":"http:\/\/www.24baires.com\/index.php?rest_route=%2Fwp%2Fv2%2Fcomments&post=61253"}],"version-history":[{"count":1,"href":"http:\/\/www.24baires.com\/index.php?rest_route=\/wp\/v2\/posts\/61253\/revisions"}],"predecessor-version":[{"id":61254,"href":"http:\/\/www.24baires.com\/index.php?rest_route=\/wp\/v2\/posts\/61253\/revisions\/61254"}],"wp:attachment":[{"href":"http:\/\/www.24baires.com\/index.php?rest_route=%2Fwp%2Fv2%2Fmedia&parent=61253"}],"wp:term":[{"taxonomy":"category","embeddable":true,"href":"http:\/\/www.24baires.com\/index.php?rest_route=%2Fwp%2Fv2%2Fcategories&post=61253"},{"taxonomy":"post_tag","embeddable":true,"href":"http:\/\/www.24baires.com\/index.php?rest_route=%2Fwp%2Fv2%2Ftags&post=61253"}],"curies":[{"name":"wp","href":"https:\/\/api.w.org\/{rel}","templated":true}]}}