{"id":61239,"date":"2015-02-04T18:42:26","date_gmt":"2015-02-04T21:42:26","guid":{"rendered":"http:\/\/www.24baires.com\/?p=61239"},"modified":"2015-02-05T10:09:35","modified_gmt":"2015-02-05T13:09:35","slug":"cristina-se-reunio-con-xi-jinping-y-firmo-15-nuevos-convenios-bilaterales","status":"publish","type":"post","link":"http:\/\/www.24baires.com\/?p=61239","title":{"rendered":"Cristina se reuni\u00f3 con Xi Jinping y firm\u00f3 15 nuevos convenios bilaterales"},"content":{"rendered":"<p><img data-recalc-dims=\"1\" loading=\"lazy\" decoding=\"async\" class=\"aligncenter size-full wp-image-61240\" src=\"https:\/\/i0.wp.com\/www.24baires.com\/wp-content\/uploads\/2015\/02\/c5ristina-china-.jpg?resize=560%2C373\" alt=\"c5ristina china+\" width=\"560\" height=\"373\" srcset=\"https:\/\/i0.wp.com\/www.24baires.com\/wp-content\/uploads\/2015\/02\/c5ristina-china-.jpg?w=560 560w, https:\/\/i0.wp.com\/www.24baires.com\/wp-content\/uploads\/2015\/02\/c5ristina-china-.jpg?resize=300%2C200 300w\" sizes=\"auto, (max-width: 560px) 100vw, 560px\" \/>La Presidenta y su par chino encabezaron hoy la firma de acuerdos de cooperaci\u00f3n e intercambio. Fue tras el encuentro privado que mantuvieron ambos jefes de Estado durante una hora y media en el Gran Palacio del Pueblo.<!--more--><\/p>\n<p>Los acuerdos de cooperaci\u00f3n e intercambio se rubricaron luego de la reuni\u00f3n privada que mantuvieron ambos jefes de Estado durante casi una hora y media en el Gran Palacio del Pueblo.<\/p>\n<p>Ahora, Cristina participa en el lugar de una cena en su honor y luego se trasladar\u00e1 al hotel donde se hospeda en Beijing para m\u00e1s tarde encabezar desde all\u00ed una videconferencia con la provincia de Santa Cruz en el marco de la firma de la orden de inicio de obras para la construcci\u00f3n de las represas hidroel\u00e9ctricas Presidente N\u00e9stor Kirchner y Gobernador Jorge Cepernick.+<\/p>\n<p>&nbsp;<\/p>\n<p>&nbsp;<\/p>\n<p>&nbsp;<\/p>\n<p>&nbsp;<\/p>\n<p>&nbsp;<\/p>\n<p>&nbsp;<\/p>\n<p>&nbsp;<\/p>\n<p>&nbsp;<\/p>\n<p>&nbsp;<\/p>\n<p>&nbsp;<\/p>\n","protected":false},"excerpt":{"rendered":"<p>La Presidenta y su par chino encabezaron hoy la firma de acuerdos de cooperaci\u00f3n e intercambio. Fue tras el encuentro privado que mantuvieron ambos jefes de Estado durante una hora y media en el Gran Palacio del Pueblo.<\/p>\n","protected":false},"author":8,"featured_media":0,"comment_status":"open","ping_status":"open","sticky":false,"template":"","format":"standard","meta":{"_jetpack_newsletter_access":"","_jetpack_dont_email_post_to_subs":false,"_jetpack_newsletter_tier_id":0,"_jetpack_memberships_contains_paywalled_content":false,"_jetpack_memberships_contains_paid_content":false,"footnotes":""},"categories":[51],"tags":[],"class_list":["post-61239","post","type-post","status-publish","format-standard","hentry","category-politica"],"jetpack_shortlink":"https:\/\/wp.me\/p2JWE0-fVJ","jetpack-related-posts":[{"id":12115,"url":"http:\/\/www.24baires.com\/?p=12115","url_meta":{"origin":61239,"position":0},"title":"Cristina en Emiratos \u00c1rabes anunci\u00f3 la apertura de una oficina comercial","author":"AF","date":"14\/01\/2013","format":false,"excerpt":"La Presidenta mantuvo un encuentro bilateral con su par emirat\u00ed, Khalifa bin Al Nahayan, en el que se avanz\u00f3 en acuerdos en materia de seguridad alimentaria y energ\u00eda nuclear con fines pac\u00edficos. La reuni\u00f3n, que marc\u00f3 el inicio formal de la visita de la Presidenta a este pa\u00eds, se inici\u00f3\u2026","rel":"","context":"En \u00abPol\u00edtica\u00bb","block_context":{"text":"Pol\u00edtica","link":"http:\/\/www.24baires.com\/?cat=51"},"img":{"alt_text":"","src":"https:\/\/i0.wp.com\/www.24baires.com\/wp-content\/uploads\/2013\/01\/cristina-emiratos.jpg?resize=350%2C200","width":350,"height":200},"classes":[]},{"id":99208,"url":"http:\/\/www.24baires.com\/?p=99208","url_meta":{"origin":61239,"position":1},"title":"Vidal firm\u00f3 convenios en materia educativa y deportiva con China","author":"GB","date":"05\/12\/2017","format":false,"excerpt":"Durante su gira por el pa\u00eds asi\u00e1tico, la Gobernadora suscribi\u00f3 acuerdos para difundir el idioma chino en la Provincia e impulsar proyectos conjuntos para diferentes deportes. En el marco de su gira por China, la gobernadora Mar\u00eda Eugenia Vidal se reuni\u00f3 ayer con funcionarios de ese pa\u00eds y firm\u00f3 un\u2026","rel":"","context":"En \u00abProvincia\u00bb","block_context":{"text":"Provincia","link":"http:\/\/www.24baires.com\/?cat=40"},"img":{"alt_text":"","src":"https:\/\/i0.wp.com\/www.24baires.com\/wp-content\/uploads\/2017\/12\/vidal-china.jpg?resize=350%2C200","width":350,"height":200,"srcset":"https:\/\/i0.wp.com\/www.24baires.com\/wp-content\/uploads\/2017\/12\/vidal-china.jpg?resize=350%2C200 1x, https:\/\/i0.wp.com\/www.24baires.com\/wp-content\/uploads\/2017\/12\/vidal-china.jpg?resize=525%2C300 1.5x"},"classes":[]},{"id":23225,"url":"http:\/\/www.24baires.com\/?p=23225","url_meta":{"origin":61239,"position":2},"title":"Cristina y el Vicepresidente de China analizaron relaciones bilaterales","author":"AF","date":"10\/05\/2013","format":false,"excerpt":"La presidenta Cristina Fern\u00e1ndez de Kirchner analiz\u00f3 hoy con el vicepresidente de la Rep\u00fablica Popular China, Li Yaunchao, el avance de las relaciones bilaterales en los distintos campos del intercambio entre los dos pa\u00edses. La presidenta recibi\u00f3 hoy al vicepresidente de China, Li Yaunchao, con quien analiz\u00f3 el avance de\u2026","rel":"","context":"En \u00abPol\u00edtica\u00bb","block_context":{"text":"Pol\u00edtica","link":"http:\/\/www.24baires.com\/?cat=51"},"img":{"alt_text":"","src":"https:\/\/i0.wp.com\/www.24baires.com\/wp-content\/uploads\/2013\/05\/china-argentina.jpg?resize=350%2C200","width":350,"height":200},"classes":[]},{"id":12682,"url":"http:\/\/www.24baires.com\/?p=12682","url_meta":{"origin":61239,"position":3},"title":"Cristina ya est\u00e1 en Vietnam y el s\u00e1bado comenzar\u00e1 su actividad oficial","author":"AF","date":"18\/01\/2013","format":false,"excerpt":"La Presidenta iniciar\u00e1 este pr\u00f3ximo s\u00e1bado su actividad visitando los m\u00edticos t\u00faneles de Cu Chi, para luego mantener un encuentro con el presidente del Comit\u00e9 Popular, Le Hoang Quan, en el Palacio de la Reunificaci\u00f3n. La Presidenta arrib\u00f3 poco antes de las 17 (7 hora en Argentina) al aeropuerto internacional\u2026","rel":"","context":"En \u00abPol\u00edtica\u00bb","block_context":{"text":"Pol\u00edtica","link":"http:\/\/www.24baires.com\/?cat=51"},"img":{"alt_text":"","src":"https:\/\/i0.wp.com\/www.24baires.com\/wp-content\/uploads\/2013\/01\/cristina-en-vietnam.jpg?resize=350%2C200","width":350,"height":200,"srcset":"https:\/\/i0.wp.com\/www.24baires.com\/wp-content\/uploads\/2013\/01\/cristina-en-vietnam.jpg?resize=350%2C200 1x, https:\/\/i0.wp.com\/www.24baires.com\/wp-content\/uploads\/2013\/01\/cristina-en-vietnam.jpg?resize=525%2C300 1.5x"},"classes":[]},{"id":18923,"url":"http:\/\/www.24baires.com\/?p=18923","url_meta":{"origin":61239,"position":4},"title":"\u00abSi el Papa es argentino, Dios es brasile\u00f1o\u00bb, brome\u00f3 Dilma Rousseff","author":"AF","date":"20\/03\/2013","format":false,"excerpt":"La presidenta de Brasil se reuni\u00f3 con el papa Francisco en Roma y, al concluir, brome\u00f3 ante la prensa. Luego, en tono serio, dijo que el pont\u00edfice est\u00e1 \"entusiasmado\" con su visita en julio a Brasil y destac\u00f3 adem\u00e1s \"su gran compromiso con los pobres\". El papa Francisco mantuvo hoy\u2026","rel":"","context":"En \u00abSociedad\u00bb","block_context":{"text":"Sociedad","link":"http:\/\/www.24baires.com\/?cat=1"},"img":{"alt_text":"","src":"https:\/\/i0.wp.com\/www.24baires.com\/wp-content\/uploads\/2013\/03\/bergoglio-rousseff.jpg?resize=350%2C200","width":350,"height":200,"srcset":"https:\/\/i0.wp.com\/www.24baires.com\/wp-content\/uploads\/2013\/03\/bergoglio-rousseff.jpg?resize=350%2C200 1x, https:\/\/i0.wp.com\/www.24baires.com\/wp-content\/uploads\/2013\/03\/bergoglio-rousseff.jpg?resize=525%2C300 1.5x"},"classes":[]},{"id":64757,"url":"http:\/\/www.24baires.com\/?p=64757","url_meta":{"origin":61239,"position":5},"title":"Cristina destac\u00f3 la relaci\u00f3n bilateral con Rusia en materia energ\u00e9tica","author":"AF","date":"23\/04\/2015","format":false,"excerpt":"Tras el encuentro que mantuvo con su par ruso, Vladimir Putin, la Presidenta sostuvo que se dio \u201cun paso m\u00e1s adelante, un paso m\u00e1s profundo\u201d en la relaci\u00f3n bilateral al ser firmados acuerdos para la construcci\u00f3n de \u201cla sexta central nuclear\u201d la Argentina. La presidenta Cristina Fern\u00e1ndez de Kirchner destac\u00f3\u2026","rel":"","context":"En \u00abInternacionales\u00bb","block_context":{"text":"Internacionales","link":"http:\/\/www.24baires.com\/?cat=73"},"img":{"alt_text":"putin cristina","src":"https:\/\/i0.wp.com\/www.24baires.com\/wp-content\/uploads\/2014\/07\/putin-cristina.jpg?resize=350%2C200","width":350,"height":200,"srcset":"https:\/\/i0.wp.com\/www.24baires.com\/wp-content\/uploads\/2014\/07\/putin-cristina.jpg?resize=350%2C200 1x, https:\/\/i0.wp.com\/www.24baires.com\/wp-content\/uploads\/2014\/07\/putin-cristina.jpg?resize=525%2C300 1.5x"},"classes":[]}],"jetpack_sharing_enabled":true,"jetpack_likes_enabled":true,"jetpack_featured_media_url":"","_links":{"self":[{"href":"http:\/\/www.24baires.com\/index.php?rest_route=\/wp\/v2\/posts\/61239","targetHints":{"allow":["GET"]}}],"collection":[{"href":"http:\/\/www.24baires.com\/index.php?rest_route=\/wp\/v2\/posts"}],"about":[{"href":"http:\/\/www.24baires.com\/index.php?rest_route=\/wp\/v2\/types\/post"}],"author":[{"embeddable":true,"href":"http:\/\/www.24baires.com\/index.php?rest_route=\/wp\/v2\/users\/8"}],"replies":[{"embeddable":true,"href":"http:\/\/www.24baires.com\/index.php?rest_route=%2Fwp%2Fv2%2Fcomments&post=61239"}],"version-history":[{"count":1,"href":"http:\/\/www.24baires.com\/index.php?rest_route=\/wp\/v2\/posts\/61239\/revisions"}],"predecessor-version":[{"id":61241,"href":"http:\/\/www.24baires.com\/index.php?rest_route=\/wp\/v2\/posts\/61239\/revisions\/61241"}],"wp:attachment":[{"href":"http:\/\/www.24baires.com\/index.php?rest_route=%2Fwp%2Fv2%2Fmedia&parent=61239"}],"wp:term":[{"taxonomy":"category","embeddable":true,"href":"http:\/\/www.24baires.com\/index.php?rest_route=%2Fwp%2Fv2%2Fcategories&post=61239"},{"taxonomy":"post_tag","embeddable":true,"href":"http:\/\/www.24baires.com\/index.php?rest_route=%2Fwp%2Fv2%2Ftags&post=61239"}],"curies":[{"name":"wp","href":"https:\/\/api.w.org\/{rel}","templated":true}]}}