{"id":61223,"date":"2015-02-04T10:00:51","date_gmt":"2015-02-04T13:00:51","guid":{"rendered":"http:\/\/www.24baires.com\/?p=61223"},"modified":"2015-02-04T20:49:26","modified_gmt":"2015-02-04T23:49:26","slug":"capitanich-es-lamentable-que-la-oposicion-no-participe-del-debate-sobre-inteligencia","status":"publish","type":"post","link":"http:\/\/www.24baires.com\/?p=61223","title":{"rendered":"Capitanich: \u201cEs lamentable que la oposici\u00f3n no participe del debate sobre Inteligencia\u00bb"},"content":{"rendered":"<p><img data-recalc-dims=\"1\" loading=\"lazy\" decoding=\"async\" class=\"aligncenter size-full wp-image-43881\" src=\"https:\/\/i0.wp.com\/www.24baires.com\/wp-content\/uploads\/2014\/04\/capitanich.jpg?resize=560%2C313\" alt=\"capitanich\" width=\"560\" height=\"313\" srcset=\"https:\/\/i0.wp.com\/www.24baires.com\/wp-content\/uploads\/2014\/04\/capitanich.jpg?w=560 560w, https:\/\/i0.wp.com\/www.24baires.com\/wp-content\/uploads\/2014\/04\/capitanich.jpg?resize=300%2C167 300w\" sizes=\"auto, (max-width: 560px) 100vw, 560px\" \/>El jefe de Gabinete, Jorge Capitanich, calific\u00f3 adem\u00e1s de \u00abincomprensible\u00bb la actitud que adopt\u00f3 la oposici\u00f3n con respecto a la discusi\u00f3n de la reforma a la ley de Inteligencia en el Senado.<!--more--><\/p>\n<p>\u201cEs verdaderamente lamentable que la oposici\u00f3n no participe de un debate de tanta trascendencia, porque se trata de una pol\u00edtica de Estado\u201d, asever\u00f3 el jefe de ministros esta ma\u00f1ana, en el marco de su habitual contacto con la prensa en la Casa de Gobierno.<\/p>\n<p>All\u00ed, Capitanich remarc\u00f3 que el debate permite \u201cenriquecer las iniciativas\u201d; entendi\u00f3 que \u201cla maniobra urdida desde la oposici\u00f3n para no concurrir al debate afecta su propia representaci\u00f3n\u201d; y record\u00f3 que, cuando esos sectores pol\u00edticos \u201ctuvieron mayor\u00eda legislativa y tuvieron la posibilidad de hacer una reforma al sistema de inteligencia, no lo hicieron\u201d.<\/p>\n","protected":false},"excerpt":{"rendered":"<p>El jefe de Gabinete, Jorge Capitanich, calific\u00f3 adem\u00e1s de \u00abincomprensible\u00bb la actitud que adopt\u00f3 la oposici\u00f3n con respecto a la discusi\u00f3n de la reforma a la ley de Inteligencia en el Senado.<\/p>\n","protected":false},"author":4,"featured_media":0,"comment_status":"open","ping_status":"open","sticky":false,"template":"","format":"standard","meta":{"_jetpack_newsletter_access":"","_jetpack_dont_email_post_to_subs":false,"_jetpack_newsletter_tier_id":0,"_jetpack_memberships_contains_paywalled_content":false,"_jetpack_memberships_contains_paid_content":false,"footnotes":""},"categories":[51],"tags":[],"class_list":["post-61223","post","type-post","status-publish","format-standard","hentry","category-politica"],"jetpack_shortlink":"https:\/\/wp.me\/p2JWE0-fVt","jetpack-related-posts":[{"id":61638,"url":"http:\/\/www.24baires.com\/?p=61638","url_meta":{"origin":61223,"position":0},"title":"Capitanich: \u201cEs antidemocr\u00e1tica la propuesta de derogar la nueva ley de Inteligencia\u201d","author":"AF","date":"12\/02\/2015","format":false,"excerpt":"El jefe de Gabinete consider\u00f3 \"vergonzosa\" la iniciativa de la oposici\u00f3n de derogar la nueva ley, que comenzar\u00e1 a debatirse esta tarde en el Senado. Y record\u00f3 que su tratamiento ha sido abierto y democr\u00e1tico. El funcionario subray\u00f3 que el tratamiento del proyecto \"ha sido abierto y democr\u00e1tico\" y agreg\u00f3\u2026","rel":"","context":"En \u00abPol\u00edtica\u00bb","block_context":{"text":"Pol\u00edtica","link":"http:\/\/www.24baires.com\/?cat=51"},"img":{"alt_text":"capitanich","src":"https:\/\/i0.wp.com\/www.24baires.com\/wp-content\/uploads\/2014\/09\/capitanich1.jpg?resize=350%2C200","width":350,"height":200,"srcset":"https:\/\/i0.wp.com\/www.24baires.com\/wp-content\/uploads\/2014\/09\/capitanich1.jpg?resize=350%2C200 1x, https:\/\/i0.wp.com\/www.24baires.com\/wp-content\/uploads\/2014\/09\/capitanich1.jpg?resize=525%2C300 1.5x"},"classes":[]},{"id":42050,"url":"http:\/\/www.24baires.com\/?p=42050","url_meta":{"origin":61223,"position":1},"title":"Capitanich: \u00abEl debate en el Senado fue muy profundo\u00bb","author":"Grupo Sierra","date":"13\/03\/2014","format":false,"excerpt":"El jefe de Gabinete asegur\u00f3 que ante los legisladores expuso \u201cdatos y n\u00fameros que expresan con fundamento y racionalidad lo que decimos\u201d. Hemos tenido un sistema muy din\u00e1mico de preguntas y respuestas. He podido responder a casi todas las preguntas. El jefe de Gabinete, Jorge Capitanich, afirm\u00f3 que durante su\u2026","rel":"","context":"En \u00abPol\u00edtica\u00bb","block_context":{"text":"Pol\u00edtica","link":"http:\/\/www.24baires.com\/?cat=51"},"img":{"alt_text":"","src":"https:\/\/i0.wp.com\/www.24baires.com\/wp-content\/uploads\/2014\/03\/capitanich.jpg?resize=350%2C200","width":350,"height":200,"srcset":"https:\/\/i0.wp.com\/www.24baires.com\/wp-content\/uploads\/2014\/03\/capitanich.jpg?resize=350%2C200 1x, https:\/\/i0.wp.com\/www.24baires.com\/wp-content\/uploads\/2014\/03\/capitanich.jpg?resize=525%2C300 1.5x"},"classes":[]},{"id":79198,"url":"http:\/\/www.24baires.com\/?p=79198","url_meta":{"origin":61223,"position":2},"title":"\u00abMe preocupa el PJ que pretende ser funcional con el macrismo\u00bb","author":"AF","date":"21\/02\/2016","format":false,"excerpt":"El intendente de Resistencia se refiri\u00f3 al debate en el seno del PJ sobre el rol del espacio respecto al gobierno nacional y admiti\u00f3 estar \"preocupado\" por un \"aggiornamiento\" que \"pretende ser funcional desde una perspectiva de centro derecha neoliberal\". En un discurso en el Consejo del PJ de Chaco\u2026","rel":"","context":"En \u00abPol\u00edtica\u00bb","block_context":{"text":"Pol\u00edtica","link":"http:\/\/www.24baires.com\/?cat=51"},"img":{"alt_text":"capitanich 4","src":"https:\/\/i0.wp.com\/www.24baires.com\/wp-content\/uploads\/2014\/09\/capitanich-4.jpg?resize=350%2C200","width":350,"height":200,"srcset":"https:\/\/i0.wp.com\/www.24baires.com\/wp-content\/uploads\/2014\/09\/capitanich-4.jpg?resize=350%2C200 1x, https:\/\/i0.wp.com\/www.24baires.com\/wp-content\/uploads\/2014\/09\/capitanich-4.jpg?resize=525%2C300 1.5x"},"classes":[]},{"id":60847,"url":"http:\/\/www.24baires.com\/?p=60847","url_meta":{"origin":61223,"position":3},"title":"Capitanich pidi\u00f3 a la oposici\u00f3n que no impugne los proyectos sin conocerlos","author":"AF","date":"28\/01\/2015","format":false,"excerpt":"El jefe de Gabinete, Jorge Capitanich, lo dijo en referencia al anunciado rechazo del arco opositor al proyecto de ley para disolver la ex SIDE, y calific\u00f3 a ciertos dirigentes de \u201cperiodistas freelance\u201d que siguen una l\u00ednea editorial impuesta por los medios de comunicaci\u00f3n. En su habitual conferencia de prensa\u2026","rel":"","context":"En \u00abPol\u00edtica\u00bb","block_context":{"text":"Pol\u00edtica","link":"http:\/\/www.24baires.com\/?cat=51"},"img":{"alt_text":"capitanich","src":"https:\/\/i0.wp.com\/www.24baires.com\/wp-content\/uploads\/2014\/04\/capitanich.jpg?resize=350%2C200","width":350,"height":200,"srcset":"https:\/\/i0.wp.com\/www.24baires.com\/wp-content\/uploads\/2014\/04\/capitanich.jpg?resize=350%2C200 1x, https:\/\/i0.wp.com\/www.24baires.com\/wp-content\/uploads\/2014\/04\/capitanich.jpg?resize=525%2C300 1.5x"},"classes":[]},{"id":53375,"url":"http:\/\/www.24baires.com\/?p=53375","url_meta":{"origin":61223,"position":4},"title":"Capitanich: \u00abLa reducci\u00f3n de la pobreza en la Argentina ha sido abrupta e intensa\u00bb","author":"AF","date":"10\/09\/2014","format":false,"excerpt":"El jefe de Gabinete sali\u00f3 al cruce de las \u201cinformaciones y estad\u00edsticas mal intencionadas\u201d sobre los \u00edndices de pobreza y record\u00f3 el 30 por ciento de la recuperaci\u00f3n del salario real y las pol\u00edticas de inclusi\u00f3n social implementadas por el Gobierno. El jefe de Gabinete asegur\u00f3 que existe una estrategia\u2026","rel":"","context":"En \u00abSociedad\u00bb","block_context":{"text":"Sociedad","link":"http:\/\/www.24baires.com\/?cat=1"},"img":{"alt_text":"capitanich","src":"https:\/\/i0.wp.com\/www.24baires.com\/wp-content\/uploads\/2014\/04\/capitanich.jpg?resize=350%2C200","width":350,"height":200,"srcset":"https:\/\/i0.wp.com\/www.24baires.com\/wp-content\/uploads\/2014\/04\/capitanich.jpg?resize=350%2C200 1x, https:\/\/i0.wp.com\/www.24baires.com\/wp-content\/uploads\/2014\/04\/capitanich.jpg?resize=525%2C300 1.5x"},"classes":[]},{"id":116123,"url":"http:\/\/www.24baires.com\/?p=116123","url_meta":{"origin":61223,"position":5},"title":"\u00abLa Argentina central que tiene periferias no se puede tolerar m\u00e1s\u00bb","author":"AF","date":"01\/09\/2020","format":false,"excerpt":"El Presidente encabez\u00f3 la firma de convenios con el gobernador de Chaco, Jorge Capitanich. En ese marco, defendi\u00f3 el acceso a la conectividad y al conocimiento en todo el pa\u00eds. El presidente Alberto Fern\u00e1ndez reafirm\u00f3 que \"la Argentina central, que tiene dos periferias, al norte y a sur del pa\u00eds,\u2026","rel":"","context":"En \u00abPol\u00edtica\u00bb","block_context":{"text":"Pol\u00edtica","link":"http:\/\/www.24baires.com\/?cat=51"},"img":{"alt_text":"","src":"https:\/\/i0.wp.com\/www.24baires.com\/wp-content\/uploads\/2020\/09\/fern%C3%A1ndez-capitanich.jpg?resize=350%2C200","width":350,"height":200,"srcset":"https:\/\/i0.wp.com\/www.24baires.com\/wp-content\/uploads\/2020\/09\/fern%C3%A1ndez-capitanich.jpg?resize=350%2C200 1x, https:\/\/i0.wp.com\/www.24baires.com\/wp-content\/uploads\/2020\/09\/fern%C3%A1ndez-capitanich.jpg?resize=525%2C300 1.5x"},"classes":[]}],"jetpack_sharing_enabled":true,"jetpack_likes_enabled":true,"jetpack_featured_media_url":"","_links":{"self":[{"href":"http:\/\/www.24baires.com\/index.php?rest_route=\/wp\/v2\/posts\/61223","targetHints":{"allow":["GET"]}}],"collection":[{"href":"http:\/\/www.24baires.com\/index.php?rest_route=\/wp\/v2\/posts"}],"about":[{"href":"http:\/\/www.24baires.com\/index.php?rest_route=\/wp\/v2\/types\/post"}],"author":[{"embeddable":true,"href":"http:\/\/www.24baires.com\/index.php?rest_route=\/wp\/v2\/users\/4"}],"replies":[{"embeddable":true,"href":"http:\/\/www.24baires.com\/index.php?rest_route=%2Fwp%2Fv2%2Fcomments&post=61223"}],"version-history":[{"count":1,"href":"http:\/\/www.24baires.com\/index.php?rest_route=\/wp\/v2\/posts\/61223\/revisions"}],"predecessor-version":[{"id":61224,"href":"http:\/\/www.24baires.com\/index.php?rest_route=\/wp\/v2\/posts\/61223\/revisions\/61224"}],"wp:attachment":[{"href":"http:\/\/www.24baires.com\/index.php?rest_route=%2Fwp%2Fv2%2Fmedia&parent=61223"}],"wp:term":[{"taxonomy":"category","embeddable":true,"href":"http:\/\/www.24baires.com\/index.php?rest_route=%2Fwp%2Fv2%2Fcategories&post=61223"},{"taxonomy":"post_tag","embeddable":true,"href":"http:\/\/www.24baires.com\/index.php?rest_route=%2Fwp%2Fv2%2Ftags&post=61223"}],"curies":[{"name":"wp","href":"https:\/\/api.w.org\/{rel}","templated":true}]}}