{"id":61193,"date":"2015-02-03T16:04:22","date_gmt":"2015-02-03T19:04:22","guid":{"rendered":"http:\/\/www.24baires.com\/?p=61193"},"modified":"2015-02-03T16:04:22","modified_gmt":"2015-02-03T19:04:22","slug":"elevaran-a-juicio-oral-la-causa-por-la-venta-del-predio-de-la-rural-durante-el-menemismo","status":"publish","type":"post","link":"http:\/\/www.24baires.com\/?p=61193","title":{"rendered":"Elevar\u00e1n a juicio oral la causa por la venta del predio de La Rural durante el menemismo"},"content":{"rendered":"<p>El juez Sergio Torres cerr\u00f3 la etapa de instrucci\u00f3n y elevar\u00e1 a juicio oral la causa penal que acusa al ex presidente Carlos Menem y a su ex ministro de Econom\u00eda, Domingo Cavallo, por la venta \u201ca precio vil\u201d de tierras del Estado en 1991.<!--more--><\/p>\n<p>La causa por la venta del Predio Ferial de Palermo a la Sociedad Rural ir\u00e1 a juicio oral luego de que se realice el sorteo del tribunal solicitado por Torres. De esta forma, si llegara a haber fallo condenatorio, el Estado podr\u00eda insistir con la recuperaci\u00f3n del terreno.<\/p>\n<p>El proceso penal por la venta irrisoria de estos terrenos ya cuenta con 12 imputados a los que se acusa de planificar la \u201cmalversaci\u00f3n de caudales p\u00fablicos\u201d, seg\u00fan indica el art\u00edculo 261 del C\u00f3digo Penal.<\/p>\n<p>Entre ellos se encuentran, adem\u00e1s de Menem y Cavallo, el ex presidente de la Sociedad Rural, Eduardo de Zaval\u00eda; el ex secretario de la entidad, Juan Alberto Ravagnan; y funcionarios del Banco Ciudad y el Banco Hipotecario.<\/p>\n<p>Si bien un a\u00f1o antes el terreno hab\u00eda sido tasado oficialmente por un monto de 943 millones de d\u00f3lares, fue vendido a 30 millones de d\u00f3lares en 1991. En la actualidad, la tasaci\u00f3n de la Corte Suprema de Justicia determin\u00f3 que su valor alcanza los 131 millones de d\u00f3lares.<\/p>\n<p>El fiscal Carlos Stornelli hab\u00eda emitido un dictamen, en agosto del a\u00f1o pasado, para solicitar la elevaci\u00f3n a juicio oral, sosteniendo que en aquella venta \u201cse aplicaron normas que no se ajustaban al caso, se omitieron mecanismos de control y dict\u00e1menes previos, se soslayaron tasaciones anteriores y se desconocieron actos leg\u00edtimos de la misma administraci\u00f3n\u201d.<\/p>\n<p>En el escrito, Stornelli se\u00f1alaba que \u201cel m\u00e1s grave incumplimiento y la mayor gravedad que sigue al despojo del patrimonio p\u00fablico e hist\u00f3rico acontecido en manos de un ex presidente (Carlos Menem) y de uno de sus colaboradores m\u00e1s cercanos (Domingo Cavallo) es que se ha observado un claro desprecio a la manda constitucional\u201d.<\/p>\n<p>El predio, de 12 hect\u00e1reas, fue cedido a la Sociedad Rural en agosto de 1875. Luego, en 1880, la provincia de Buenos Aires lo entreg\u00f3 formalmente al gobierno nacional y desde el a\u00f1o 1905 el Congreso nacional fue el responsable de prorrogarle a la Sociedad Rural el usufructo del predio.<\/p>\n<p>En febrero de 1990, los funcionarios menemistas Antonio Erman Gonz\u00e1lez y Jos\u00e9 Dromi firmaron un decreto por el cual se prorrogaba por 35 a\u00f1os el usufructo del predio en favor de la SRA, aunque jam\u00e1s fue ratificado por el Congreso.<br \/>\nLa posible defraudaci\u00f3n al Estado en la elevaci\u00f3n a juicio se basa tambi\u00e9n en que las impugnaciones realizadas por el Tribunal de Cuentas de la Naci\u00f3n y el contador fiscal fueron incorporadas en el expediente reci\u00e9n en el a\u00f1o 1992, cuando el terreno ya hab\u00eda sido vendido.<\/p>\n<p>En el a\u00f1o 2012, el gobierno nacional dict\u00f3 el decreto 2.552 para revocar la venta del predio en manos de la Sociedad Rural, considerando que la venta se hab\u00eda realizado a \u201cprecio vil\u201d. Pero fue frenado a trav\u00e9s de una medida cautelar. En ese marco es que, una vez concluida la causa, el Estado nacional podr\u00eda volver a reclamar la tenencia del predio como bien de dominio p\u00fablico.<\/p>\n<p>&nbsp;<\/p>\n<p>&nbsp;<\/p>\n<p>&nbsp;<\/p>\n<p>&nbsp;<\/p>\n","protected":false},"excerpt":{"rendered":"<p>El juez Sergio Torres cerr\u00f3 la etapa de instrucci\u00f3n y elevar\u00e1 a juicio oral la causa penal que acusa al ex presidente Carlos Menem y a su ex ministro de Econom\u00eda, Domingo Cavallo, por la venta \u201ca precio vil\u201d de tierras del Estado en 1991.<\/p>\n","protected":false},"author":8,"featured_media":0,"comment_status":"open","ping_status":"open","sticky":false,"template":"","format":"standard","meta":{"_jetpack_newsletter_access":"","_jetpack_dont_email_post_to_subs":false,"_jetpack_newsletter_tier_id":0,"_jetpack_memberships_contains_paywalled_content":false,"_jetpack_memberships_contains_paid_content":false,"footnotes":""},"categories":[51],"tags":[],"class_list":["post-61193","post","type-post","status-publish","format-standard","hentry","category-politica"],"jetpack_shortlink":"https:\/\/wp.me\/p2JWE0-fUZ","jetpack-related-posts":[{"id":107397,"url":"http:\/\/www.24baires.com\/?p=107397","url_meta":{"origin":61193,"position":0},"title":"Condenaron a Menem y a Cavallo a m\u00e1s de tres a\u00f1os de prisi\u00f3n por la venta del predio de La Rural","author":"AF","date":"27\/03\/2019","format":false,"excerpt":"El ex presidente fue sentenciado por el delito de peculado, por lo que le decretaron la inhabilitaci\u00f3n perpetua para ejercer cargos p\u00fablicos. Su otrora ministro de Econom\u00eda fue part\u00edcipe necesario en el caso. El ex presidente Carlos Menem fue condenado este mi\u00e9rcoles a tres a\u00f1os y nueve meses de c\u00e1rcel\u2026","rel":"","context":"En \u00abJUDICIALES\u00bb","block_context":{"text":"JUDICIALES","link":"http:\/\/www.24baires.com\/?cat=68"},"img":{"alt_text":"","src":"https:\/\/i0.wp.com\/www.24baires.com\/wp-content\/uploads\/2015\/12\/cavallo-menem.jpg?resize=350%2C200","width":350,"height":200,"srcset":"https:\/\/i0.wp.com\/www.24baires.com\/wp-content\/uploads\/2015\/12\/cavallo-menem.jpg?resize=350%2C200 1x, https:\/\/i0.wp.com\/www.24baires.com\/wp-content\/uploads\/2015\/12\/cavallo-menem.jpg?resize=525%2C300 1.5x"},"classes":[]},{"id":19664,"url":"http:\/\/www.24baires.com\/?p=19664","url_meta":{"origin":61193,"position":1},"title":"Domingo Cavallo continuar\u00e1 procesado por la venta del predio de la Rural","author":"AF","date":"29\/03\/2013","format":false,"excerpt":"El caso es el mismo que invoc\u00f3 el gobierno nacional para declarar nula la operaci\u00f3n supuestamente realizada \"a precio vil\". Se lo imputa por malversaci\u00f3n de caudales p\u00fablicos. El ex ministro de Econom\u00eda del gobierno de Carlos Menem y luego, de la Alianza, Domingo Cavallo, fracas\u00f3 en un intento de\u2026","rel":"","context":"En \u00abPol\u00edtica\u00bb","block_context":{"text":"Pol\u00edtica","link":"http:\/\/www.24baires.com\/?cat=51"},"img":{"alt_text":"cavallo","src":"https:\/\/i0.wp.com\/www.24baires.com\/wp-content\/uploads\/2013\/03\/cavallo.jpg?resize=350%2C200","width":350,"height":200},"classes":[]},{"id":53398,"url":"http:\/\/www.24baires.com\/?p=53398","url_meta":{"origin":61193,"position":2},"title":"La Justicia pide juicio para Menem y Cavallo por la venta del predio de La Rural","author":"GB","date":"10\/09\/2014","format":false,"excerpt":"El fiscal Stornelli solicit\u00f3 el juicio oral para el ex presidente y su ex ministro de Econom\u00eda por la venta ilegal del predio de Palermo. El fiscal federal Carlos Stornelli requiri\u00f3 la elevaci\u00f3n a juicio del ex presidente de la Naci\u00f3n, Carlos Menem; de su entonces ministro de Econom\u00eda, Domingo\u2026","rel":"","context":"En \u00abJUDICIALES\u00bb","block_context":{"text":"JUDICIALES","link":"http:\/\/www.24baires.com\/?cat=68"},"img":{"alt_text":"","src":"https:\/\/i0.wp.com\/www.24baires.com\/wp-content\/uploads\/2014\/09\/menem-y-cavallo.jpg?resize=350%2C200","width":350,"height":200,"srcset":"https:\/\/i0.wp.com\/www.24baires.com\/wp-content\/uploads\/2014\/09\/menem-y-cavallo.jpg?resize=350%2C200 1x, https:\/\/i0.wp.com\/www.24baires.com\/wp-content\/uploads\/2014\/09\/menem-y-cavallo.jpg?resize=525%2C300 1.5x"},"classes":[]},{"id":48281,"url":"http:\/\/www.24baires.com\/?p=48281","url_meta":{"origin":61193,"position":3},"title":"La Corte Suprema confirm\u00f3 los procesamientos a Menem y Cavallo","author":"GB","date":"18\/06\/2014","format":false,"excerpt":"Es por las por venta irregular de predios p\u00fablicos. El m\u00e1ximo tribunal declar\u00f3 inadmisibles los recursos extraordinarios presentados por las defensas. La Corte Suprema de Justicia dej\u00f3 firmes los procesamientos del ex presidente Carlos Menem y su ministro Domingo Cavallo en sendas causas por la venta irregular de predios p\u00fablicos.\u2026","rel":"","context":"En \u00abJUDICIALES\u00bb","block_context":{"text":"JUDICIALES","link":"http:\/\/www.24baires.com\/?cat=68"},"img":{"alt_text":"menem cavallo","src":"https:\/\/i0.wp.com\/www.24baires.com\/wp-content\/uploads\/2014\/06\/menem-cavallo.jpg?resize=350%2C200","width":350,"height":200},"classes":[]},{"id":43138,"url":"http:\/\/www.24baires.com\/?p=43138","url_meta":{"origin":61193,"position":4},"title":"Procesaron a Menem y a Cavallo por la venta del predio de La Rural","author":"GB","date":"01\/04\/2014","format":false,"excerpt":"El ex presidente y su antiguo ministro de Econom\u00eda est\u00e1n imputados por el delito de \"sustracci\u00f3n de caudales\" que tiene una pena de hasta 10 a\u00f1os de prisi\u00f3n. La C\u00e1mara Federal investiga el caso de 1991. El fallo fue dictado por la Sala II de la C\u00e1mara al revocar el\u2026","rel":"","context":"En \u00abJUDICIALES\u00bb","block_context":{"text":"JUDICIALES","link":"http:\/\/www.24baires.com\/?cat=68"},"img":{"alt_text":"menem","src":"https:\/\/i0.wp.com\/www.24baires.com\/wp-content\/uploads\/2013\/05\/menem.jpg?resize=350%2C200","width":350,"height":200,"srcset":"https:\/\/i0.wp.com\/www.24baires.com\/wp-content\/uploads\/2013\/05\/menem.jpg?resize=350%2C200 1x, https:\/\/i0.wp.com\/www.24baires.com\/wp-content\/uploads\/2013\/05\/menem.jpg?resize=525%2C300 1.5x"},"classes":[]},{"id":104913,"url":"http:\/\/www.24baires.com\/?p=104913","url_meta":{"origin":61193,"position":5},"title":"Causa de los sobresueldos: ratificaron las condenas de Menem y Cavallo","author":"AF","date":"12\/10\/2018","format":false,"excerpt":"La C\u00e1mara Federal de Casaci\u00f3n Penal dej\u00f3 firme las condenas al ex Presidente y al ex ministro de Econom\u00eda en la causa de los sobresueldos. La condena para Menem es de 4 a\u00f1os y medio de prisi\u00f3n, mientras que a Cavallo le corresponden 3 a\u00f1os y medio. En un fallo\u2026","rel":"","context":"En \u00abJUDICIALES\u00bb","block_context":{"text":"JUDICIALES","link":"http:\/\/www.24baires.com\/?cat=68"},"img":{"alt_text":"","src":"https:\/\/i0.wp.com\/www.24baires.com\/wp-content\/uploads\/2016\/05\/menem-c.jpg?resize=350%2C200","width":350,"height":200,"srcset":"https:\/\/i0.wp.com\/www.24baires.com\/wp-content\/uploads\/2016\/05\/menem-c.jpg?resize=350%2C200 1x, https:\/\/i0.wp.com\/www.24baires.com\/wp-content\/uploads\/2016\/05\/menem-c.jpg?resize=525%2C300 1.5x"},"classes":[]}],"jetpack_sharing_enabled":true,"jetpack_likes_enabled":true,"jetpack_featured_media_url":"","_links":{"self":[{"href":"http:\/\/www.24baires.com\/index.php?rest_route=\/wp\/v2\/posts\/61193","targetHints":{"allow":["GET"]}}],"collection":[{"href":"http:\/\/www.24baires.com\/index.php?rest_route=\/wp\/v2\/posts"}],"about":[{"href":"http:\/\/www.24baires.com\/index.php?rest_route=\/wp\/v2\/types\/post"}],"author":[{"embeddable":true,"href":"http:\/\/www.24baires.com\/index.php?rest_route=\/wp\/v2\/users\/8"}],"replies":[{"embeddable":true,"href":"http:\/\/www.24baires.com\/index.php?rest_route=%2Fwp%2Fv2%2Fcomments&post=61193"}],"version-history":[{"count":1,"href":"http:\/\/www.24baires.com\/index.php?rest_route=\/wp\/v2\/posts\/61193\/revisions"}],"predecessor-version":[{"id":61194,"href":"http:\/\/www.24baires.com\/index.php?rest_route=\/wp\/v2\/posts\/61193\/revisions\/61194"}],"wp:attachment":[{"href":"http:\/\/www.24baires.com\/index.php?rest_route=%2Fwp%2Fv2%2Fmedia&parent=61193"}],"wp:term":[{"taxonomy":"category","embeddable":true,"href":"http:\/\/www.24baires.com\/index.php?rest_route=%2Fwp%2Fv2%2Fcategories&post=61193"},{"taxonomy":"post_tag","embeddable":true,"href":"http:\/\/www.24baires.com\/index.php?rest_route=%2Fwp%2Fv2%2Ftags&post=61193"}],"curies":[{"name":"wp","href":"https:\/\/api.w.org\/{rel}","templated":true}]}}