{"id":61188,"date":"2015-02-03T15:00:02","date_gmt":"2015-02-03T18:00:02","guid":{"rendered":"http:\/\/www.24baires.com\/?p=61188"},"modified":"2015-02-03T14:56:28","modified_gmt":"2015-02-03T17:56:28","slug":"la-gente-sacara-sus-conclusiones-dijo-scioli-sobre-el-acuerdo-macri-carrio","status":"publish","type":"post","link":"http:\/\/www.24baires.com\/?p=61188","title":{"rendered":"\u00abLa gente sacar\u00e1 sus conclusiones\u00bb, dijo Scioli sobre el acuerdo Macri-Carri\u00f3"},"content":{"rendered":"<p><img data-recalc-dims=\"1\" loading=\"lazy\" decoding=\"async\" class=\"aligncenter size-full wp-image-60813\" src=\"https:\/\/i0.wp.com\/www.24baires.com\/wp-content\/uploads\/2015\/01\/scioli-1.jpg?resize=560%2C306\" alt=\"scioli 1\" width=\"560\" height=\"306\" srcset=\"https:\/\/i0.wp.com\/www.24baires.com\/wp-content\/uploads\/2015\/01\/scioli-1.jpg?w=560 560w, https:\/\/i0.wp.com\/www.24baires.com\/wp-content\/uploads\/2015\/01\/scioli-1.jpg?resize=300%2C164 300w\" sizes=\"auto, (max-width: 560px) 100vw, 560px\" \/>El gobernador bonaerense se refiri\u00f3 as\u00ed al acuerdo electoral entre el titular del PRO, Mauricio Macri, y la diputada Elisa Carri\u00f3.<!--more--><\/p>\n<p>El s\u00e1bado pasado, el jefe de Gobierno porte\u00f1o confirm\u00f3 en Facebook que la diputada de la Coalici\u00f3n C\u00edvica, ex UNEN, competir\u00e1 en las primarias.<\/p>\n<p>El gobernador bonaerense, Daniel Scioli, destac\u00f3 hoy su \u00abcoherencia, constancia y perseverancia dentro de un camino\u00bb y, al referirse a la alianza sellada por el l\u00edder del PRO, Mauricio Macri, y la diputada nacional Elisa Carri\u00f3, asegur\u00f3 que \u00abla gente sacar\u00e1 sus conclusiones\u00bb.<\/p>\n<p>Scioli formul\u00f3 declaraciones durante la entrega de 50 unidades m\u00f3viles para las diferentes fuerzas de seguridad de la ciudad de La Plata, en el Ministerio de Seguridad provincial.<\/p>\n<p>El gobernador resalt\u00f3 que \u00abesto m\u00e1s que nunca le da solidez, previsibilidad, confianza, a un espacio que coherentemente viene llevando adelante pol\u00edticas que le han dado resultados a la gente, en materia social, econ\u00f3mica y productiva\u00bb.<\/p>\n<p>Al ser consultado sobre la alianza de Macri y Carri\u00f3, Scioli respondi\u00f3: \u00abyo prefiero contestar por la positiva: le digo a la gente &#8216;crean, conf\u00eden&#8217;. Tengo la responsabilidad de llevar la confianza, la tranquilidad y la esperanza, en el presente y en el futuro de la Provincia y del pa\u00eds\u00bb.<\/p>\n<p>Adem\u00e1s, se refiri\u00f3 al viaje de la Presidenta Cristina Fern\u00e1ndez de Kirchner a la Rep\u00fablica Popular de China al asegurar que \u00ablo que est\u00e1 ocurriendo por esta horas en China va a tener un impacto extraordinario\u00bb.<\/p>\n<p>El gobernador a\u00f1adi\u00f3 que \u00abestamos asociados a la primera econom\u00eda mundial, hoy hubo encuentros con muchos empresarios, muchos anuncios de inversi\u00f3n, que van a permitir que Argentina avance decididamente en el pr\u00f3ximo cap\u00edtulo de este proyecto que es el gran cap\u00edtulo del desarrollo, en el cual, estoy convencido y tengo la confianza que el pueblo argentino me d\u00e9 el respaldo y la oportunidad para llevarlo adelante\u00bb.<\/p>\n<p>Tambi\u00e9n consider\u00f3 que \u00aben mi caso, la gente muchas veces me comenta: &#8216;mir\u00e1, podr\u00e1 gustar o no lo que hac\u00e9s, pero si hay algo que mostr\u00e1s siempre es coherencia, constancia y perseverancia dentro de un camino, mientras que los dem\u00e1s espacios se van haciendo todos estos cambios y alianzas, sobre los que la gente sacar\u00e1 sus conclusiones\u00bb, concluy\u00f3.<\/p>\n<p>&nbsp;<\/p>\n<p>&nbsp;<\/p>\n<p>&nbsp;<\/p>\n<p>&nbsp;<\/p>\n<p>&nbsp;<\/p>\n<p>&nbsp;<\/p>\n<p>&nbsp;<\/p>\n<p>&nbsp;<\/p>\n<p>&nbsp;<\/p>\n","protected":false},"excerpt":{"rendered":"<p>El gobernador bonaerense se refiri\u00f3 as\u00ed al acuerdo electoral entre el titular del PRO, Mauricio Macri, y la diputada Elisa Carri\u00f3.<\/p>\n","protected":false},"author":8,"featured_media":0,"comment_status":"open","ping_status":"open","sticky":false,"template":"","format":"standard","meta":{"_jetpack_newsletter_access":"","_jetpack_dont_email_post_to_subs":false,"_jetpack_newsletter_tier_id":0,"_jetpack_memberships_contains_paywalled_content":false,"_jetpack_memberships_contains_paid_content":false,"footnotes":""},"categories":[51],"tags":[],"class_list":["post-61188","post","type-post","status-publish","format-standard","hentry","category-politica"],"jetpack_shortlink":"https:\/\/wp.me\/p2JWE0-fUU","jetpack-related-posts":[{"id":51889,"url":"http:\/\/www.24baires.com\/?p=51889","url_meta":{"origin":61188,"position":0},"title":"Macri anticip\u00f3 un posible di\u00e1logo con Carri\u00f3","author":"Grupo Sierra","date":"15\/08\/2014","format":false,"excerpt":"Aunque asegur\u00f3 que no interferir\u00e1 en la crisis del UNEN, se mostr\u00f3 dispuesto a dialogar con la diputada. \u00bfM\u00e1s brechas en el frente pol\u00edtico? El jefe de Gobierno porte\u00f1o, Mauricio Macri, ratific\u00f3 este viernes su decisi\u00f3n de no \"interferir\" en la renovada interna en el Frente Amplio UNEN y, aunque\u2026","rel":"","context":"En \u00abElecciones 2015\u00bb","block_context":{"text":"Elecciones 2015","link":"http:\/\/www.24baires.com\/?cat=74"},"img":{"alt_text":"","src":"https:\/\/i0.wp.com\/www.24baires.com\/wp-content\/uploads\/2014\/08\/macri-carri%C3%B3.jpg?resize=350%2C200","width":350,"height":200,"srcset":"https:\/\/i0.wp.com\/www.24baires.com\/wp-content\/uploads\/2014\/08\/macri-carri%C3%B3.jpg?resize=350%2C200 1x, https:\/\/i0.wp.com\/www.24baires.com\/wp-content\/uploads\/2014\/08\/macri-carri%C3%B3.jpg?resize=525%2C300 1.5x"},"classes":[]},{"id":57913,"url":"http:\/\/www.24baires.com\/?p=57913","url_meta":{"origin":61188,"position":1},"title":"\u00abYo no estoy en Unen, ni estoy en el PRO; ambas cosas son mentiras\u00bb, dijo Carri\u00f3","author":"GB","date":"30\/11\/2014","format":false,"excerpt":"La diputada insisti\u00f3 en que \"o se juntan todas las fuerzas de la oposici\u00f3n o le dan el triunfo al PJ\" que, dijo, \"est\u00e1 a cinco puntos de ganar\" en primera vuelta con Scioli, como el elegido, estim\u00f3. Asegur\u00f3 que su meta es \"tender un puente\" entre el frente y\u2026","rel":"","context":"En \u00abPol\u00edtica\u00bb","block_context":{"text":"Pol\u00edtica","link":"http:\/\/www.24baires.com\/?cat=51"},"img":{"alt_text":"carri\u00f3","src":"https:\/\/i0.wp.com\/www.24baires.com\/wp-content\/uploads\/2013\/12\/carri%C3%B3.jpg?resize=350%2C200","width":350,"height":200,"srcset":"https:\/\/i0.wp.com\/www.24baires.com\/wp-content\/uploads\/2013\/12\/carri%C3%B3.jpg?resize=350%2C200 1x, https:\/\/i0.wp.com\/www.24baires.com\/wp-content\/uploads\/2013\/12\/carri%C3%B3.jpg?resize=525%2C300 1.5x"},"classes":[]},{"id":37653,"url":"http:\/\/www.24baires.com\/?p=37653","url_meta":{"origin":61188,"position":2},"title":"Un roto para un descosido: Carri\u00f3 se enfrent\u00f3 a Scioli","author":"Grupo Sierra","date":"30\/12\/2013","format":false,"excerpt":"Le reclam\u00f3 \u201cdejar de lado sus vacaciones\u201d y hoy le enviar\u00e1 una carta al gobernador para ponerse a trabajar para atender la situaci\u00f3n de los cortes en el conurbano. Zaf\u00f3 Mauricio Macri, con su vuelta a Buenos Aires de sus vacaciones europeas. Zaf\u00f3 porque estaba en la mira de Elisa\u2026","rel":"","context":"En \u00abPol\u00edtica\u00bb","block_context":{"text":"Pol\u00edtica","link":"http:\/\/www.24baires.com\/?cat=51"},"img":{"alt_text":"","src":"https:\/\/i0.wp.com\/www.24baires.com\/wp-content\/uploads\/2013\/12\/carri%C3%B3.jpg?resize=350%2C200","width":350,"height":200,"srcset":"https:\/\/i0.wp.com\/www.24baires.com\/wp-content\/uploads\/2013\/12\/carri%C3%B3.jpg?resize=350%2C200 1x, https:\/\/i0.wp.com\/www.24baires.com\/wp-content\/uploads\/2013\/12\/carri%C3%B3.jpg?resize=525%2C300 1.5x"},"classes":[]},{"id":67385,"url":"http:\/\/www.24baires.com\/?p=67385","url_meta":{"origin":61188,"position":3},"title":"Macri: \u00abEstamos trabajando para que el kirchnerismo no gobierne cuatro a\u00f1os m\u00e1s\u00bb","author":"AF","date":"11\/06\/2015","format":false,"excerpt":"Adem\u00e1s, el jefe de Gobierno porte\u00f1o, Mauricio Macri, cont\u00f3 que hubo conversaciones con Ernesto Sanz y Elisa Carri\u00f3 y se analiz\u00f3 la posibilidad de permitir el ingreso de Massa. Pero no hubo acuerdo. El l\u00edder del Frente Renovador, Sergio Massa, confirm\u00f3 ayer que no bajar\u00e1 su candidatura presidencial. \"Voy a\u2026","rel":"","context":"En \u00abElecciones 2015\u00bb","block_context":{"text":"Elecciones 2015","link":"http:\/\/www.24baires.com\/?cat=74"},"img":{"alt_text":"macri 3","src":"https:\/\/i0.wp.com\/www.24baires.com\/wp-content\/uploads\/2014\/09\/macri-3.jpg?resize=350%2C200","width":350,"height":200,"srcset":"https:\/\/i0.wp.com\/www.24baires.com\/wp-content\/uploads\/2014\/09\/macri-3.jpg?resize=350%2C200 1x, https:\/\/i0.wp.com\/www.24baires.com\/wp-content\/uploads\/2014\/09\/macri-3.jpg?resize=525%2C300 1.5x"},"classes":[]},{"id":63338,"url":"http:\/\/www.24baires.com\/?p=63338","url_meta":{"origin":61188,"position":4},"title":"\u201cMacri podr\u00eda ser un buen candidato a gobernador de Massa\u201d","author":"AF","date":"18\/03\/2015","format":false,"excerpt":"La esposa del diputado nacional y titular del Frente Renovador Sergio Massa, reparti\u00f3 criticas para otros precandidatos a presidente de diferentes espacios pol\u00edticos e ironiz\u00f3 que el jefe de Gobierno porte\u00f1o, Mauricio Macri. Fiel a su estilo, Malena fustig\u00f3: \u201cMacri arm\u00f3 unas PASO mentirosa con dos candidatos que no miden,\u2026","rel":"","context":"En \u00abElecciones 2015\u00bb","block_context":{"text":"Elecciones 2015","link":"http:\/\/www.24baires.com\/?cat=74"},"img":{"alt_text":"massa y malena","src":"https:\/\/i0.wp.com\/www.24baires.com\/wp-content\/uploads\/2013\/08\/massa-y-malena.jpg?resize=350%2C200","width":350,"height":200,"srcset":"https:\/\/i0.wp.com\/www.24baires.com\/wp-content\/uploads\/2013\/08\/massa-y-malena.jpg?resize=350%2C200 1x, https:\/\/i0.wp.com\/www.24baires.com\/wp-content\/uploads\/2013\/08\/massa-y-malena.jpg?resize=525%2C300 1.5x"},"classes":[]},{"id":53673,"url":"http:\/\/www.24baires.com\/?p=53673","url_meta":{"origin":61188,"position":5},"title":"Carri\u00f3 compar\u00f3 a Scioli con Hitler","author":"GB","date":"15\/09\/2014","format":false,"excerpt":"La diputada nacional de la Coalici\u00f3n C\u00edvica, Elisa Carri\u00f3, compar\u00f3 hoy al gobernador bonaerense, Daniel Scioli, con Adolf Hitler. \"Scioli es la nada misma y es el que mejor imagen tiene\", arranc\u00f3 la diputado. Y complet\u00f3: \"El primer hombre masa fue Hitler; porque la gente que se siente nada, vota\u2026","rel":"","context":"En \u00abPol\u00edtica\u00bb","block_context":{"text":"Pol\u00edtica","link":"http:\/\/www.24baires.com\/?cat=51"},"img":{"alt_text":"carrio","src":"https:\/\/i0.wp.com\/www.24baires.com\/wp-content\/uploads\/2012\/10\/carrio.jpg?resize=350%2C200","width":350,"height":200,"srcset":"https:\/\/i0.wp.com\/www.24baires.com\/wp-content\/uploads\/2012\/10\/carrio.jpg?resize=350%2C200 1x, https:\/\/i0.wp.com\/www.24baires.com\/wp-content\/uploads\/2012\/10\/carrio.jpg?resize=525%2C300 1.5x"},"classes":[]}],"jetpack_sharing_enabled":true,"jetpack_likes_enabled":true,"jetpack_featured_media_url":"","_links":{"self":[{"href":"http:\/\/www.24baires.com\/index.php?rest_route=\/wp\/v2\/posts\/61188","targetHints":{"allow":["GET"]}}],"collection":[{"href":"http:\/\/www.24baires.com\/index.php?rest_route=\/wp\/v2\/posts"}],"about":[{"href":"http:\/\/www.24baires.com\/index.php?rest_route=\/wp\/v2\/types\/post"}],"author":[{"embeddable":true,"href":"http:\/\/www.24baires.com\/index.php?rest_route=\/wp\/v2\/users\/8"}],"replies":[{"embeddable":true,"href":"http:\/\/www.24baires.com\/index.php?rest_route=%2Fwp%2Fv2%2Fcomments&post=61188"}],"version-history":[{"count":1,"href":"http:\/\/www.24baires.com\/index.php?rest_route=\/wp\/v2\/posts\/61188\/revisions"}],"predecessor-version":[{"id":61189,"href":"http:\/\/www.24baires.com\/index.php?rest_route=\/wp\/v2\/posts\/61188\/revisions\/61189"}],"wp:attachment":[{"href":"http:\/\/www.24baires.com\/index.php?rest_route=%2Fwp%2Fv2%2Fmedia&parent=61188"}],"wp:term":[{"taxonomy":"category","embeddable":true,"href":"http:\/\/www.24baires.com\/index.php?rest_route=%2Fwp%2Fv2%2Fcategories&post=61188"},{"taxonomy":"post_tag","embeddable":true,"href":"http:\/\/www.24baires.com\/index.php?rest_route=%2Fwp%2Fv2%2Ftags&post=61188"}],"curies":[{"name":"wp","href":"https:\/\/api.w.org\/{rel}","templated":true}]}}