{"id":61182,"date":"2015-02-03T14:00:31","date_gmt":"2015-02-03T17:00:31","guid":{"rendered":"http:\/\/www.24baires.com\/?p=61182"},"modified":"2015-02-03T13:51:14","modified_gmt":"2015-02-03T16:51:14","slug":"la-fiscalia-pidio-el-listado-de-llamadas-a-nisman","status":"publish","type":"post","link":"http:\/\/www.24baires.com\/?p=61182","title":{"rendered":"La Fiscal\u00eda pidi\u00f3 el listado de llamadas a Nisman"},"content":{"rendered":"<p><img data-recalc-dims=\"1\" loading=\"lazy\" decoding=\"async\" class=\"aligncenter size-full wp-image-60662\" src=\"https:\/\/i0.wp.com\/www.24baires.com\/wp-content\/uploads\/2015\/01\/fein.jpg?resize=560%2C414\" alt=\"fein\" width=\"560\" height=\"414\" srcset=\"https:\/\/i0.wp.com\/www.24baires.com\/wp-content\/uploads\/2015\/01\/fein.jpg?w=560 560w, https:\/\/i0.wp.com\/www.24baires.com\/wp-content\/uploads\/2015\/01\/fein.jpg?resize=300%2C222 300w\" sizes=\"auto, (max-width: 560px) 100vw, 560px\" \/>Adem\u00e1s advirti\u00f3 que los peritajes estaban demorados por la falta de designaci\u00f3n de los peritos de parte.<!--more--><\/p>\n<p>En un comunicado que emiti\u00f3 este martes la fiscal Viviana Fein donde aclar\u00f3 que los papeles hallados en el domicilio del fiscal est\u00e1n siendo \u00abanalizados\u00bb, inform\u00f3 tambi\u00e9n que la Divisi\u00f3n Fraudes Bancarios de la Polic\u00eda Federal Argentina \u00abelevar\u00e1 en breve a esta Fiscal\u00eda todo el listado de llamadas entrantes y salientes del tel\u00e9fono Nextel del fiscal Alberto Nisman.<\/p>\n<p>En tanto advirti\u00f3 sobre los peritajes demorados ante la falta de designaci\u00f3n de peritos de parte.<\/p>\n<p>Fein aclar\u00f3 en un comunicado que esa informaci\u00f3n sobre las llamadas solamente comprender\u00e1 un listado y de ninguna manera incluir\u00e1 el contenido de las comunicaciones.<\/p>\n<p>La fiscal que investiga la muerte de Alberto Nisman, anunci\u00f3 que los peritajes sobre im\u00e1genes de c\u00e1maras de seguridad, telefon\u00eda celular y otros dispositivos electr\u00f3nicos est\u00e1n demorados por la falta de designaci\u00f3n de peritos que representen a las querellas, la madre y la ex mujer del difunto investigador del atentado contra la AMIA.<\/p>\n<p>\u00abEl cotejo de las im\u00e1genes, los tel\u00e9fonos celulares, tablets y otros dispositivos comenzar\u00e1 en presencia de los peritos de parte, una vez que sean presentados\u00bb, indic\u00f3 la fiscal en un comunicado de prensa.<\/p>\n<p>En tanto, reiter\u00f3 que \u00abse tom\u00f3 conocimiento de graves y serias anomal\u00edas que permitir\u00edan ingreso y egreso al complejo Le Parc sin quedar registrada la presencia de personas ajenas al lugar\u00bb.<\/p>\n<p>La fiscala Viviana Fein aclar\u00f3 que respecto al material secuestrado del tacho de basura del fiscal Alberto Nisman, \u00aben el d\u00eda de ayer la informaci\u00f3n fue transmitida de manera telef\u00f3nica y no personal, lo cual provoc\u00f3 un error involuntario en el comunicado anterior\u00bb.<\/p>\n<p>Adem\u00e1s, se recuerda que toda la documentaci\u00f3n incautada tanto en la UFI-AMIA (procedimiento dispuesto por la jueza Fabiana Palmaghini), como tambi\u00e9n todo el restante material incautado en el procedimiento policial ordenado por la Fiscal\u00eda se encuentra debidamente resguardado.<\/p>\n<p>Con respecto a la investigaci\u00f3n, este lunes la fiscal Viviana Fein, con la colaboraci\u00f3n del Ministerio P\u00fablico Fiscal, dispuso un nuevo estudio microsc\u00f3pico de barrido electr\u00f3nico sobre las muestras tomadas de las manos del fiscal Alberto Nisman (denominadas STABS).<\/p>\n<p>El perito encargado de la pr\u00e1ctica se\u00f1al\u00f3 que el viernes el laboratorio recibir\u00e1 el patr\u00f3n de calibraci\u00f3n (elemento indispensable para realizar el peritaje).<\/p>\n<p>El pr\u00f3ximo lunes, preservando la cadena de custodia de las muestras, el secretario de la Fiscal\u00eda, junto con personal designado por la Procuraci\u00f3n General de la Naci\u00f3n, observar\u00e1 el procedimiento en el \u00e1rea de Miscroscop\u00eda Electr\u00f3nica dependiente del Cuerpo de Investigaciones Fiscales de la Procuraci\u00f3n General de la Provincia de Salta.<\/p>\n<p>Este nuevo an\u00e1lisis se funda en que el equipamiento del laboratorio que la Polic\u00eda Federal tiene en la ciudad de La Plata, funciona de manera manual aunque es de \u00faltima generaci\u00f3n, mientras que el de la Provincia de Salta lo hace de forma autom\u00e1tica.<\/p>\n<p>Se aclara que las muestras se preservaron en todo momento y que ni las pr\u00e1cticas anteriores ni las pr\u00f3ximas son destructivas ni provocaron alteraciones.<\/p>\n<p>En relaci\u00f3n con las c\u00e1maras de seguridad del complejo Le Parc, la Divisi\u00f3n de Apoyo Tecnol\u00f3gico de la PFA, a trav\u00e9s de una medida sugerida por la fiscal y la jueza, culmin\u00f3 este fin de semana con la desgrabaci\u00f3n de todo el contenido de los DVR. Se reitera que el cotejo de las im\u00e1genes, los tel\u00e9fonos celulares, tablets y otros dispositivos comenzar\u00e1 en presencia de los peritos de parte, una vez que sean presentados.<\/p>\n<p>Asimismo, explic\u00f3 que \u00aben el d\u00eda de la fecha, continuar\u00e1n prestando declaraci\u00f3n testimonial integrantes de la UFI-AMIA y personal de la Divisi\u00f3n Bal\u00edstica y del Laboratorio Qu\u00edmico, ambos dependientes de la Polic\u00eda Federal Argentina\u00bb.<\/p>\n<p>&nbsp;<\/p>\n<p>&nbsp;<\/p>\n<p>&nbsp;<\/p>\n<p>&nbsp;<\/p>\n<p>&nbsp;<\/p>\n<p>&nbsp;<\/p>\n<p>&nbsp;<\/p>\n<p>&nbsp;<\/p>\n<p>&nbsp;<\/p>\n<p>&nbsp;<\/p>\n<p>&nbsp;<\/p>\n<p>&nbsp;<\/p>\n<p>&nbsp;<\/p>\n<p>&nbsp;<\/p>\n","protected":false},"excerpt":{"rendered":"<p>Adem\u00e1s advirti\u00f3 que los peritajes estaban demorados por la falta de designaci\u00f3n de los peritos de parte.<\/p>\n","protected":false},"author":8,"featured_media":0,"comment_status":"open","ping_status":"open","sticky":false,"template":"","format":"standard","meta":{"_jetpack_newsletter_access":"","_jetpack_dont_email_post_to_subs":false,"_jetpack_newsletter_tier_id":0,"_jetpack_memberships_contains_paywalled_content":false,"_jetpack_memberships_contains_paid_content":false,"footnotes":""},"categories":[51],"tags":[],"class_list":["post-61182","post","type-post","status-publish","format-standard","hentry","category-politica"],"jetpack_shortlink":"https:\/\/wp.me\/p2JWE0-fUO","jetpack-related-posts":[{"id":61508,"url":"http:\/\/www.24baires.com\/?p=61508","url_meta":{"origin":61182,"position":0},"title":"Fein confirm\u00f3 los llamados entre Stiuso y Nisman antes de su muerte","author":"Grupo Sierra","date":"09\/02\/2015","format":false,"excerpt":"La fiscal Viviana Fein inform\u00f3 acerca de las \u00faltimas novedades de la investigaci\u00f3n: los llamados entre, la declaraci\u00f3n del exagente de inteligencia, la trayectoria de la bala y los peritajes pendientes. En un nuevo comunicado, la fiscal Viviana Fein inform\u00f3 los avances de la investigaci\u00f3n sobre la muerte de Alberto\u2026","rel":"","context":"En \u00abJUDICIALES\u00bb","block_context":{"text":"JUDICIALES","link":"http:\/\/www.24baires.com\/?cat=68"},"img":{"alt_text":"fein","src":"https:\/\/i0.wp.com\/www.24baires.com\/wp-content\/uploads\/2015\/01\/fein.jpg?resize=350%2C200","width":350,"height":200,"srcset":"https:\/\/i0.wp.com\/www.24baires.com\/wp-content\/uploads\/2015\/01\/fein.jpg?resize=350%2C200 1x, https:\/\/i0.wp.com\/www.24baires.com\/wp-content\/uploads\/2015\/01\/fein.jpg?resize=525%2C300 1.5x"},"classes":[]},{"id":63970,"url":"http:\/\/www.24baires.com\/?p=63970","url_meta":{"origin":61182,"position":1},"title":"La jueza Palmaghini define si aparta a Fein de la causa","author":"GB","date":"07\/04\/2015","format":false,"excerpt":"La jueza de instrucci\u00f3n resolver\u00e1 entre la \u00faltima hora de hoy y ma\u00f1ana si aparta a la fiscal de la investigaci\u00f3n de la muerte de Nisman, a pedido de Sandra Arroyo Salgado, en la audiencia de recusaci\u00f3n en la que, como querellante, reiter\u00f3 su disgusto con la forma en la\u2026","rel":"","context":"En \u00abPol\u00edtica\u00bb","block_context":{"text":"Pol\u00edtica","link":"http:\/\/www.24baires.com\/?cat=51"},"img":{"alt_text":"","src":"","width":0,"height":0},"classes":[]},{"id":60611,"url":"http:\/\/www.24baires.com\/?p=60611","url_meta":{"origin":61182,"position":2},"title":"Proh\u00edben a Lagomarsino salir del pa\u00eds","author":"AF","date":"23\/01\/2015","format":false,"excerpt":"La jueza Flavia Palmaghini dispuso la prohibici\u00f3n de salida del pa\u00eds de Diego Lagomarsino, el colaborador de Alberto Nisman que le facilit\u00f3 el arma y lo vio por \u00faltima vez. La jueza Flavia Palmaghini dispuso la prohibici\u00f3n de salida del pa\u00eds de Diego Lagomarsino, el colaborador de Alberto Nisman que\u2026","rel":"","context":"En \u00abJUDICIALES\u00bb","block_context":{"text":"JUDICIALES","link":"http:\/\/www.24baires.com\/?cat=68"},"img":{"alt_text":"","src":"","width":0,"height":0},"classes":[]},{"id":63071,"url":"http:\/\/www.24baires.com\/?p=63071","url_meta":{"origin":61182,"position":3},"title":"Los peritos de Arroyo Salgado sostienen: \u00abNisman fue asesinado\u00bb","author":"Grupo Sierra","date":"12\/03\/2015","format":false,"excerpt":"Los investigadores ratificaron las conclusiones de los peritajes difundidas la semana pasada, que fueran requeridos por la querella. En estas, sostuvieron que la muerte del fiscal especial para la causa AMIA fue producto de un \u201chomicidio\u201d. \"Ratificamos absolutamente el informe donde se descarta la hip\u00f3tesis suicida o accidental\", enfatiz\u00f3 el\u2026","rel":"","context":"En \u00abJUDICIALES\u00bb","block_context":{"text":"JUDICIALES","link":"http:\/\/www.24baires.com\/?cat=68"},"img":{"alt_text":"casa nisman","src":"https:\/\/i0.wp.com\/www.24baires.com\/wp-content\/uploads\/2015\/01\/casa-nisman.jpg?resize=350%2C200","width":350,"height":200,"srcset":"https:\/\/i0.wp.com\/www.24baires.com\/wp-content\/uploads\/2015\/01\/casa-nisman.jpg?resize=350%2C200 1x, https:\/\/i0.wp.com\/www.24baires.com\/wp-content\/uploads\/2015\/01\/casa-nisman.jpg?resize=525%2C300 1.5x"},"classes":[]},{"id":61919,"url":"http:\/\/www.24baires.com\/?p=61919","url_meta":{"origin":61182,"position":4},"title":"Stiusso ya declar\u00f3","author":"Grupo Sierra","date":"18\/02\/2015","format":false,"excerpt":"La fiscal Viviana Fein, a cargo de la investigaci\u00f3n por la muerte de Alberto Nisman, inform\u00f3 hoy que \"ya se recibi\u00f3 la declaraci\u00f3n testimonial del ingeniero Alberto Stiusso\" y que dicho acto fue debidamente notificado a las partes pero que no se difundir\u00e1 su contenido. En un nuevo comunicado sobre\u2026","rel":"","context":"En \u00abJUDICIALES\u00bb","block_context":{"text":"JUDICIALES","link":"http:\/\/www.24baires.com\/?cat=68"},"img":{"alt_text":"","src":"https:\/\/i0.wp.com\/www.24baires.com\/wp-content\/uploads\/2015\/02\/stiusso.jpg?resize=350%2C200","width":350,"height":200,"srcset":"https:\/\/i0.wp.com\/www.24baires.com\/wp-content\/uploads\/2015\/02\/stiusso.jpg?resize=350%2C200 1x, https:\/\/i0.wp.com\/www.24baires.com\/wp-content\/uploads\/2015\/02\/stiusso.jpg?resize=525%2C300 1.5x"},"classes":[]},{"id":62694,"url":"http:\/\/www.24baires.com\/?p=62694","url_meta":{"origin":61182,"position":5},"title":"\u00abQue los peritos de Salgado me expliquen c\u00f3mo llegaron a esas conclusiones\u00bb","author":"Grupo Sierra","date":"05\/03\/2015","format":false,"excerpt":"La fiscal Fein, que investiga la muerte de Nisman, llamar\u00e1 a declarar a los peritos de parte de la jueza Arroyo Salgado, que afirman que el fiscal fue asesinado. Viviana Fein, a cargo de la investigaci\u00f3n de la muerte de su colega Alberto Nisman, asegur\u00f3 que \u201cno puede descartar de\u2026","rel":"","context":"En \u00abJUDICIALES\u00bb","block_context":{"text":"JUDICIALES","link":"http:\/\/www.24baires.com\/?cat=68"},"img":{"alt_text":"fein","src":"https:\/\/i0.wp.com\/www.24baires.com\/wp-content\/uploads\/2015\/01\/fein.jpg?resize=350%2C200","width":350,"height":200,"srcset":"https:\/\/i0.wp.com\/www.24baires.com\/wp-content\/uploads\/2015\/01\/fein.jpg?resize=350%2C200 1x, https:\/\/i0.wp.com\/www.24baires.com\/wp-content\/uploads\/2015\/01\/fein.jpg?resize=525%2C300 1.5x"},"classes":[]}],"jetpack_sharing_enabled":true,"jetpack_likes_enabled":true,"jetpack_featured_media_url":"","_links":{"self":[{"href":"http:\/\/www.24baires.com\/index.php?rest_route=\/wp\/v2\/posts\/61182","targetHints":{"allow":["GET"]}}],"collection":[{"href":"http:\/\/www.24baires.com\/index.php?rest_route=\/wp\/v2\/posts"}],"about":[{"href":"http:\/\/www.24baires.com\/index.php?rest_route=\/wp\/v2\/types\/post"}],"author":[{"embeddable":true,"href":"http:\/\/www.24baires.com\/index.php?rest_route=\/wp\/v2\/users\/8"}],"replies":[{"embeddable":true,"href":"http:\/\/www.24baires.com\/index.php?rest_route=%2Fwp%2Fv2%2Fcomments&post=61182"}],"version-history":[{"count":2,"href":"http:\/\/www.24baires.com\/index.php?rest_route=\/wp\/v2\/posts\/61182\/revisions"}],"predecessor-version":[{"id":61185,"href":"http:\/\/www.24baires.com\/index.php?rest_route=\/wp\/v2\/posts\/61182\/revisions\/61185"}],"wp:attachment":[{"href":"http:\/\/www.24baires.com\/index.php?rest_route=%2Fwp%2Fv2%2Fmedia&parent=61182"}],"wp:term":[{"taxonomy":"category","embeddable":true,"href":"http:\/\/www.24baires.com\/index.php?rest_route=%2Fwp%2Fv2%2Fcategories&post=61182"},{"taxonomy":"post_tag","embeddable":true,"href":"http:\/\/www.24baires.com\/index.php?rest_route=%2Fwp%2Fv2%2Ftags&post=61182"}],"curies":[{"name":"wp","href":"https:\/\/api.w.org\/{rel}","templated":true}]}}