{"id":61172,"date":"2015-02-03T11:30:13","date_gmt":"2015-02-03T14:30:13","guid":{"rendered":"http:\/\/www.24baires.com\/?p=61172"},"modified":"2015-02-04T09:56:11","modified_gmt":"2015-02-04T12:56:11","slug":"la-asociacion-estrategica-con-china-es-una-politica-publica-de-estado-en-argentina","status":"publish","type":"post","link":"http:\/\/www.24baires.com\/?p=61172","title":{"rendered":"\u00abLa asociaci\u00f3n estrat\u00e9gica con China es una pol\u00edtica p\u00fablica de Estado en Argentina\u00bb"},"content":{"rendered":"<p><img data-recalc-dims=\"1\" loading=\"lazy\" decoding=\"async\" class=\"alignleft size-medium wp-image-61173\" src=\"https:\/\/i0.wp.com\/www.24baires.com\/wp-content\/uploads\/2015\/02\/de-vido-cristina-kicillof.jpg?resize=300%2C199\" alt=\"de vido cristina kicillof\" width=\"300\" height=\"199\" srcset=\"https:\/\/i0.wp.com\/www.24baires.com\/wp-content\/uploads\/2015\/02\/de-vido-cristina-kicillof.jpg?resize=300%2C199 300w, https:\/\/i0.wp.com\/www.24baires.com\/wp-content\/uploads\/2015\/02\/de-vido-cristina-kicillof.jpg?w=510 510w\" sizes=\"auto, (max-width: 300px) 100vw, 300px\" \/>La presidenta Cristina Fern\u00e1ndez de Kirchner afirm\u00f3 hoy en China que la \u00abasociaci\u00f3n estrat\u00e9gica\u00bb entablada entre nuestro pa\u00eds y el gigante asi\u00e1tico \u00abno es una pol\u00edtica de este gobierno, de este espacio pol\u00edtico\u00bb, sino \u00abuna pol\u00edtica p\u00fablica de Estado en la Rep\u00fablica Argentina\u00bb.<!--more--><\/p>\n<p>As\u00ed lo manifest\u00f3 al hablar ante directivos de las 30 empresas l\u00edderes del pa\u00eds, en el inicio de su visita oficial a China.<\/p>\n<p>All\u00ed, Cristina dijo estar \u201cmuy impresionada de estar no s\u00f3lo en la econom\u00eda m\u00e1s grande del mundo, sino frente a las empresas y los bancos m\u00e1s grandes del mundo\u201d, tras resaltar el \u201cconocimiento\u201d que tienen los CEO&#8217;s locales sobre la \u201cposibilidad de negocios\u201d en Argentina.<\/p>\n<p>Subray\u00f3 que \u201cesta alianza estrat\u00e9gica\u00bb con China fue \u00abdefinida por el ex presidente N\u00e9stor Kirchner\u201d y que su administraci\u00f3n decidi\u00f3 \u00abprofundizarla como alianza estrat\u00e9gica integral\u201d .<\/p>\n<p>Asimismo, la primera mandataria remarc\u00f3 que \u00abla pol\u00edtica siempre est\u00e1 prevaleciendo sobre la econom\u00eda\u00bb, aunque aclar\u00f3 que \u00abno\u00bb se refiere a los \u00abpartidos pol\u00edticos, sino a un mundo que se mueve en base a cuestiones geopol\u00edticas y no solo de mercado\u00bb.<\/p>\n<p>\u00abPor eso aparecieron otros actores en el nivel internacional y China es un actor principal as\u00ed como Argentina tambi\u00e9n es importante geopol\u00edticamente, no s\u00f3lo por las riquezas econ\u00f3micas y recursos humanos, sino por estar libres de conflictividades\u00bb, manifest\u00f3.<\/p>\n<p>En otro tramo de su alocuci\u00f3n ante los hombres de negocios, indic\u00f3 que \u00absomos un pa\u00eds con caracter\u00edsticas muy especiales como productor de alimentos y sumamente competitivos en la producci\u00f3n de granos\u00bb, previo a resaltar los avances en la \u00abindustria ferroviaria\u00bb.<\/p>\n<p>Cristina remarc\u00f3 asimismo el acuerdo firmado d\u00edas atr\u00e1s entre YPF y la petrolera estatal china Sinopec con el fin de desarrollar proyectos de petr\u00f3leo y de gas convencional y no convencional y la importancia de seguir avanzando en energ\u00eda nuclear.<\/p>\n<p>Sobre YPF record\u00f3 que la expropiaci\u00f3n \u00abno fue una decisi\u00f3n caprichosa del Gobierno\u00bb, sino que se produjo por la \u00abescandalosa ca\u00edda en la producci\u00f3n y en las reservas\u00bb.<\/p>\n<p>Asimismo, la Presidenta consider\u00f3 que los avances obtenidos en los \u00faltimos tiempos, sumados al yacimiento Vaca Muerta, \u00abconvierten a la Argentina en el mediano plazo en un pa\u00eds que podr\u00e1 autoabastecerse\u00bb; y subray\u00f3 que \u00abtambi\u00e9n somos muy competitivos en la energ\u00eda nuclear, as\u00ed como l\u00edderes en el uso pac\u00edfico de esa energ\u00eda\u201d.<\/p>\n<p>\u201cTambi\u00e9n somos muy competitivos en el plano de enriquecimiento de uranio y en la construcci\u00f3n de sat\u00e9lites\u00bb, a\u00f1adi\u00f3 Cristina.<\/p>\n","protected":false},"excerpt":{"rendered":"<p>La presidenta Cristina Fern\u00e1ndez de Kirchner afirm\u00f3 hoy en China que la \u00abasociaci\u00f3n estrat\u00e9gica\u00bb entablada entre nuestro pa\u00eds y el gigante asi\u00e1tico \u00abno es una pol\u00edtica de este gobierno, de este espacio pol\u00edtico\u00bb, sino \u00abuna pol\u00edtica p\u00fablica de Estado en la Rep\u00fablica Argentina\u00bb.<\/p>\n","protected":false},"author":4,"featured_media":0,"comment_status":"open","ping_status":"open","sticky":false,"template":"","format":"standard","meta":{"_jetpack_newsletter_access":"","_jetpack_dont_email_post_to_subs":false,"_jetpack_newsletter_tier_id":0,"_jetpack_memberships_contains_paywalled_content":false,"_jetpack_memberships_contains_paid_content":false,"footnotes":""},"categories":[51],"tags":[],"class_list":["post-61172","post","type-post","status-publish","format-standard","hentry","category-politica"],"jetpack_shortlink":"https:\/\/wp.me\/p2JWE0-fUE","jetpack-related-posts":[{"id":118944,"url":"http:\/\/www.24baires.com\/?p=118944","url_meta":{"origin":61172,"position":0},"title":"Acto de YPF: Cristina inst\u00f3 a Alberto a que use \u00abla lapicera\u00bb","author":"AF","date":"03\/06\/2022","format":false,"excerpt":"La vicepresidenta, que antecedi\u00f3 en la palabra al primer mandatario, reivindic\u00f3 la iniciativa del expresidente Hip\u00f3lito Yrigoyen, por cuya iniciativa se cre\u00f3 la compa\u00f1\u00eda hace 100 a\u00f1os. El titular de la empresa, Pablo Gonz\u00e1lez, poco antes repas\u00f3 la historia de YPF, y entre otros datos record\u00f3 que 42 trabajadores de\u2026","rel":"","context":"En \u00abPol\u00edtica\u00bb","block_context":{"text":"Pol\u00edtica","link":"http:\/\/www.24baires.com\/?cat=51"},"img":{"alt_text":"","src":"https:\/\/i0.wp.com\/www.24baires.com\/wp-content\/uploads\/2022\/06\/IMG-20220603-WA0047.jpg?resize=350%2C200","width":350,"height":200,"srcset":"https:\/\/i0.wp.com\/www.24baires.com\/wp-content\/uploads\/2022\/06\/IMG-20220603-WA0047.jpg?resize=350%2C200 1x, https:\/\/i0.wp.com\/www.24baires.com\/wp-content\/uploads\/2022\/06\/IMG-20220603-WA0047.jpg?resize=525%2C300 1.5x, https:\/\/i0.wp.com\/www.24baires.com\/wp-content\/uploads\/2022\/06\/IMG-20220603-WA0047.jpg?resize=700%2C400 2x"},"classes":[]},{"id":119231,"url":"http:\/\/www.24baires.com\/?p=119231","url_meta":{"origin":61172,"position":1},"title":"YPF industrializar\u00e1 el litio junto a una empresa china","author":"AF","date":"18\/08\/2022","format":false,"excerpt":"El acuerdo establece la exploraci\u00f3n, explotaci\u00f3n, producci\u00f3n, comercializaci\u00f3n e industrializaci\u00f3n del mineral. El convenio se enmarca en la pol\u00edtica de promoci\u00f3n del litio entre ambos pa\u00edses. El embajador argentino en Beijing, Sabino Vaca Narvaja, el presidente de YPF Tecnolog\u00eda, Roberto Salvarezza, y el CEO de Tianqi Lithium \u2013 una de\u2026","rel":"","context":"En \u00abPol\u00edtica\u00bb","block_context":{"text":"Pol\u00edtica","link":"http:\/\/www.24baires.com\/?cat=51"},"img":{"alt_text":"","src":"https:\/\/i0.wp.com\/www.24baires.com\/wp-content\/uploads\/2022\/08\/litio-china.jpg?resize=350%2C200","width":350,"height":200,"srcset":"https:\/\/i0.wp.com\/www.24baires.com\/wp-content\/uploads\/2022\/08\/litio-china.jpg?resize=350%2C200 1x, https:\/\/i0.wp.com\/www.24baires.com\/wp-content\/uploads\/2022\/08\/litio-china.jpg?resize=525%2C300 1.5x, https:\/\/i0.wp.com\/www.24baires.com\/wp-content\/uploads\/2022\/08\/litio-china.jpg?resize=700%2C400 2x"},"classes":[]},{"id":23225,"url":"http:\/\/www.24baires.com\/?p=23225","url_meta":{"origin":61172,"position":2},"title":"Cristina y el Vicepresidente de China analizaron relaciones bilaterales","author":"AF","date":"10\/05\/2013","format":false,"excerpt":"La presidenta Cristina Fern\u00e1ndez de Kirchner analiz\u00f3 hoy con el vicepresidente de la Rep\u00fablica Popular China, Li Yaunchao, el avance de las relaciones bilaterales en los distintos campos del intercambio entre los dos pa\u00edses. La presidenta recibi\u00f3 hoy al vicepresidente de China, Li Yaunchao, con quien analiz\u00f3 el avance de\u2026","rel":"","context":"En \u00abPol\u00edtica\u00bb","block_context":{"text":"Pol\u00edtica","link":"http:\/\/www.24baires.com\/?cat=51"},"img":{"alt_text":"","src":"https:\/\/i0.wp.com\/www.24baires.com\/wp-content\/uploads\/2013\/05\/china-argentina.jpg?resize=350%2C200","width":350,"height":200},"classes":[]},{"id":61069,"url":"http:\/\/www.24baires.com\/?p=61069","url_meta":{"origin":61172,"position":3},"title":"Cristina profundiza en China \u201cla alianza estrat\u00e9gica integral con la econom\u00eda m\u00e1s grande\u00bb","author":"AF","date":"31\/01\/2015","format":false,"excerpt":"La presidenta Cristina Fern\u00e1ndez de Kirchner defini\u00f3 su visita oficial a la Rep\u00fablica Popular de China como un viaje para profundizar \u201cla alianza estrat\u00e9gica integral con la econom\u00eda m\u00e1s grande del mundo\u201d, durante una escala de su viaje en Marruecos. La mandataria public\u00f3 una serie de mensajes en su cuenta\u2026","rel":"","context":"En \u00abInternacionales\u00bb","block_context":{"text":"Internacionales","link":"http:\/\/www.24baires.com\/?cat=73"},"img":{"alt_text":"","src":"https:\/\/i0.wp.com\/www.24baires.com\/wp-content\/uploads\/2015\/01\/cristina-china.jpg?resize=350%2C200","width":350,"height":200},"classes":[]},{"id":50152,"url":"http:\/\/www.24baires.com\/?p=50152","url_meta":{"origin":61172,"position":4},"title":"Cristina: \u201cEs un d\u00eda fundacional en las relaciones entre Argentina y China\u201d","author":"GB","date":"18\/07\/2014","format":false,"excerpt":"Lo consider\u00f3 la Presidenta, tras firmar diversos acuerdos bilaterales en la Casa de Gobierno con el presidente de ese pa\u00eds, Xi Jinping, en el marco de la visita oficial que cumple a nuestro pa\u00eds. Al hablar en el acto oficial junto al mandatario chino, Cristina dijo que con los nuevos\u2026","rel":"","context":"En \u00abLocales\u00bb","block_context":{"text":"Locales","link":"http:\/\/www.24baires.com\/?cat=38"},"img":{"alt_text":"","src":"https:\/\/i0.wp.com\/www.24baires.com\/wp-content\/uploads\/2014\/07\/cristina-y-presi-de-china.jpg?resize=350%2C200","width":350,"height":200,"srcset":"https:\/\/i0.wp.com\/www.24baires.com\/wp-content\/uploads\/2014\/07\/cristina-y-presi-de-china.jpg?resize=350%2C200 1x, https:\/\/i0.wp.com\/www.24baires.com\/wp-content\/uploads\/2014\/07\/cristina-y-presi-de-china.jpg?resize=525%2C300 1.5x"},"classes":[]},{"id":52974,"url":"http:\/\/www.24baires.com\/?p=52974","url_meta":{"origin":61172,"position":5},"title":"China asegura que el litigio con los Fondos Buitre no afecta su relaci\u00f3n con Argentina","author":"AF","date":"03\/09\/2014","format":false,"excerpt":"El titular de la Comisi\u00f3n Nacional de Desarrollo y Reforma, Xu Shaoshi, que hoy se reuni\u00f3 encon los ministros de Econom\u00eda y de Planificaci\u00f3n, Axel Kicillof y Julio de Vido, tambi\u00e9n se mostr\u00f3 confiado en que Argentina lograr\u00e1 una soluci\u00f3n justa en este conflicto. El titular de la Comisi\u00f3n Nacional\u2026","rel":"","context":"En \u00abEconom\u00eda\u00bb","block_context":{"text":"Econom\u00eda","link":"http:\/\/www.24baires.com\/?cat=45"},"img":{"alt_text":"","src":"https:\/\/i0.wp.com\/www.24baires.com\/wp-content\/uploads\/2014\/09\/xu-shaoshi.jpg?resize=350%2C200","width":350,"height":200,"srcset":"https:\/\/i0.wp.com\/www.24baires.com\/wp-content\/uploads\/2014\/09\/xu-shaoshi.jpg?resize=350%2C200 1x, https:\/\/i0.wp.com\/www.24baires.com\/wp-content\/uploads\/2014\/09\/xu-shaoshi.jpg?resize=525%2C300 1.5x"},"classes":[]}],"jetpack_sharing_enabled":true,"jetpack_likes_enabled":true,"jetpack_featured_media_url":"","_links":{"self":[{"href":"http:\/\/www.24baires.com\/index.php?rest_route=\/wp\/v2\/posts\/61172","targetHints":{"allow":["GET"]}}],"collection":[{"href":"http:\/\/www.24baires.com\/index.php?rest_route=\/wp\/v2\/posts"}],"about":[{"href":"http:\/\/www.24baires.com\/index.php?rest_route=\/wp\/v2\/types\/post"}],"author":[{"embeddable":true,"href":"http:\/\/www.24baires.com\/index.php?rest_route=\/wp\/v2\/users\/4"}],"replies":[{"embeddable":true,"href":"http:\/\/www.24baires.com\/index.php?rest_route=%2Fwp%2Fv2%2Fcomments&post=61172"}],"version-history":[{"count":1,"href":"http:\/\/www.24baires.com\/index.php?rest_route=\/wp\/v2\/posts\/61172\/revisions"}],"predecessor-version":[{"id":61174,"href":"http:\/\/www.24baires.com\/index.php?rest_route=\/wp\/v2\/posts\/61172\/revisions\/61174"}],"wp:attachment":[{"href":"http:\/\/www.24baires.com\/index.php?rest_route=%2Fwp%2Fv2%2Fmedia&parent=61172"}],"wp:term":[{"taxonomy":"category","embeddable":true,"href":"http:\/\/www.24baires.com\/index.php?rest_route=%2Fwp%2Fv2%2Fcategories&post=61172"},{"taxonomy":"post_tag","embeddable":true,"href":"http:\/\/www.24baires.com\/index.php?rest_route=%2Fwp%2Fv2%2Ftags&post=61172"}],"curies":[{"name":"wp","href":"https:\/\/api.w.org\/{rel}","templated":true}]}}