{"id":61141,"date":"2015-02-02T17:30:17","date_gmt":"2015-02-02T20:30:17","guid":{"rendered":"http:\/\/www.24baires.com\/?p=61141"},"modified":"2015-02-02T17:19:09","modified_gmt":"2015-02-02T20:19:09","slug":"el-frente-para-la-victoria-apura-el-debate-en-el-congreso-para-reformar-inteligencia","status":"publish","type":"post","link":"http:\/\/www.24baires.com\/?p=61141","title":{"rendered":"El Frente para la Victoria apura el debate en el Congreso para reformar Inteligencia"},"content":{"rendered":"<p><img data-recalc-dims=\"1\" loading=\"lazy\" decoding=\"async\" class=\"aligncenter size-full wp-image-21113\" src=\"https:\/\/i0.wp.com\/www.24baires.com\/wp-content\/uploads\/2013\/04\/senado-nacional.jpg?resize=560%2C373\" alt=\"senado nacional\" width=\"560\" height=\"373\" srcset=\"https:\/\/i0.wp.com\/www.24baires.com\/wp-content\/uploads\/2013\/04\/senado-nacional.jpg?w=560 560w, https:\/\/i0.wp.com\/www.24baires.com\/wp-content\/uploads\/2013\/04\/senado-nacional.jpg?resize=300%2C199 300w\" sizes=\"auto, (max-width: 560px) 100vw, 560px\" \/>El secretario Legal y T\u00e9cnico de la Presidencia, Carlos Zannini; y el secretario y subsecretario de Inteligencia, Oscar Parrilli y Juan Mart\u00edn Mena, respectivamente, ser\u00e1n los encargados de abrir ma\u00f1ana el debate sobre la nueva ley de Inteligencia anunciada por el Gobierno, durante un plenario de comisiones del Senado.<!--more--><\/p>\n<p>El presidente de la comisi\u00f3n de Asuntos Constitucionales de la C\u00e1mara alta, Marcelo Fuentes, quien presidir\u00e1 la audiencia, inform\u00f3 a T\u00e9lam que la discusi\u00f3n continuar\u00e1 el mi\u00e9rcoles cuando fueron citados miembros del Centro de Estudios Legales y Sociales (CELS) y expertos invitados por la oposici\u00f3n.<\/p>\n<p>El objetivo del oficialismo es emitir dictamen ese mismo mi\u00e9rcoles para llevar la discusi\u00f3n al recinto el pr\u00f3ximo 11 de febrero y luego girarlo a la C\u00e1mara de Diputados.<\/p>\n<p>En di\u00e1logo con T\u00e9lam, Fuentes sali\u00f3 al cruce de las cr\u00edticas de la oposici\u00f3n -que se reunir\u00e1 ma\u00f1ana antes del plenario para definir si participa del debate- al calificarlas de \u00abinconducentes\u00bb y rechaz\u00f3 el reclamo de que el sistema de escuchas telef\u00f3nicas pedidas por la justicia pase a manos de la Corte Suprema de Justicia en lugar de a la Procuraci\u00f3n General de la Naci\u00f3n como sostiene el proyecto.<\/p>\n<p>El senador consider\u00f3 que a la oposici\u00f3n \u00abel \u00e1rbol le tapa el bosque\u00bb por el \u00abencono\u00bb que sienten hacia la Procuradora General de la Naci\u00f3n, Alejandra Gils Carb\u00f3, y \u00abno se dan cuenta -acot\u00f3- que ese organismo es un segmento extrapoder, de imparcialidad, que da garant\u00edas y que independiza para dar esa imparcialidad\u00bb.<\/p>\n<p>Fuentes tambi\u00e9n cuestion\u00f3 los pedidos para \u00abprolongar el debate en el tiempo\u00bb y consider\u00f3 que la oposici\u00f3n tiene el \u00abirracional criterio\u00bb de que el gobierno nacional \u00abdebe gobernar los primeros dos a\u00f1os y despu\u00e9s no hacer m\u00e1s nada\u00bb.<\/p>\n<p>\u00abEsta reforma apunta a dar un nuevo marco jur\u00eddico, no hace falta estar seis meses discutiendo\u00bb, opin\u00f3 el presidente de la comisi\u00f3n de Asuntos Constitucionales, y fustig\u00f3 a quienes sostienen que la iniciativa se present\u00f3 para \u00abtapar\u00bb la muerte del fiscal federal Alberto Nisman.<\/p>\n<p>Tambi\u00e9n mencion\u00f3 \u00abla resistencia de sectores enquistados en el seno de Inteligencia, que han sido favorecidos por la inacci\u00f3n de las distintas fuerzas pol\u00edticas y nos hacemos cargo, y que han estado abiertamente en contacto con servicios de Inteligencia extranjeros para oponerse al memorandum firmado con Ir\u00e1n\u00bb.<\/p>\n<p>Ese acuerdo suscripto entre Argentina e Ir\u00e1n fue pensado para \u00abla cooperaci\u00f3n judicial en torno a la declaraci\u00f3n de los imputados iran\u00edes\u00bb, record\u00f3 Fuentes, y record\u00f3 que fue aprobado por el Congreso de la Naci\u00f3n.<\/p>\n<p>\u00abEs evidente que hay sectores e intereses que no quieren que esto se lleve a cabo\u00bb, declar\u00f3, y expres\u00f3 la necesidad de \u00abdemocratizar la justicia\u00bb y contar \u00abcon un servicio de inteligencia independiente que tenga como objetivo la seguridad nacional y posea independencia de la influencia de otros sectores\u00bb.<\/p>\n<p>El texto de la propuesta girada al Senado el viernes pasado aclara que la reforma de la SI \u201cno se trata s\u00f3lo de un cambio de nombre\u201d, precisa que establece la transferencia de las escuchas judiciales al Ministerio P\u00fablico y dispone que las m\u00e1ximas autoridades del organismo, director y subdirector general, sean designados por el Poder Ejecutivo con acuerdo del Senado.<\/p>\n<p>En el documento se indica, adem\u00e1s, que \u00abel cese de ambos funcionarios podr\u00e1 ser dispuesto por el Poder Ejecutivo nacional\u00bb.<br \/>\nSeg\u00fan el proyecto, las actividades de inteligencia interior quedar\u00e1n limitadas a \u00abla investigaci\u00f3n de delitos federales complejos, inteligencia criminal o atentados contra el orden institucional y el sistema democr\u00e1tico\u201d.<\/p>\n<p>En el cap\u00edtulo dos, aclara que la AFI tendr\u00e1 como misi\u00f3n general la direcci\u00f3n y coordinaci\u00f3n del sistema nacional de inteligencia y la producci\u00f3n de inteligencia \u201cen defensa de la Naci\u00f3n ante amenazas internacionales de terrorismo, narcotr\u00e1fico, lavado de dinero, trata de personas, ciberdelitos, econ\u00f3micos y financieros\u201d.<\/p>\n<p>Entre los fundamentos, el Gobierno tambi\u00e9n hace hincapi\u00e9 en el hecho de que este proyecto \u201cconstituye un paso fundamental para la democracia dado que algunos sectores de los organismos de inteligencia se han considerado superiores o no alcanzados por la democracia\u201d.<\/p>\n<p>Asimismo, seg\u00fan el texto, la AFI deber\u00e1 quedar constituida en un plazo de 90 d\u00edas y se determina que toda relaci\u00f3n entre la AFI y funcionarios o empleados de cualquiera de los poderes p\u00fablicos s\u00f3lo podr\u00e1 ser ejercida por el Director o el Subdirector de la AFI.<\/p>\n<p>&nbsp;<\/p>\n<p>&nbsp;<\/p>\n<p>&nbsp;<\/p>\n<p>&nbsp;<\/p>\n<p>&nbsp;<\/p>\n<p>&nbsp;<\/p>\n<p>&nbsp;<\/p>\n<p>&nbsp;<\/p>\n<p>&nbsp;<\/p>\n<p>&nbsp;<\/p>\n<p>&nbsp;<\/p>\n<p>&nbsp;<\/p>\n","protected":false},"excerpt":{"rendered":"<p>El secretario Legal y T\u00e9cnico de la Presidencia, Carlos Zannini; y el secretario y subsecretario de Inteligencia, Oscar Parrilli y Juan Mart\u00edn Mena, respectivamente, ser\u00e1n los encargados de abrir ma\u00f1ana el debate sobre la nueva ley de Inteligencia anunciada por el Gobierno, durante un plenario de comisiones del Senado.<\/p>\n","protected":false},"author":8,"featured_media":0,"comment_status":"open","ping_status":"open","sticky":false,"template":"","format":"standard","meta":{"_jetpack_newsletter_access":"","_jetpack_dont_email_post_to_subs":false,"_jetpack_newsletter_tier_id":0,"_jetpack_memberships_contains_paywalled_content":false,"_jetpack_memberships_contains_paid_content":false,"footnotes":""},"categories":[51],"tags":[],"class_list":["post-61141","post","type-post","status-publish","format-standard","hentry","category-politica"],"jetpack_shortlink":"https:\/\/wp.me\/p2JWE0-fU9","jetpack-related-posts":[{"id":116797,"url":"http:\/\/www.24baires.com\/?p=116797","url_meta":{"origin":61141,"position":0},"title":"Se abre la discusi\u00f3n sobre el aborto legal","author":"GB","date":"01\/12\/2020","format":false,"excerpt":"El debate comenzar\u00e1 con las exposiciones de los ministros de Salud, Gin\u00e9s Gonz\u00e1lez Garc\u00eda, y de Mujeres, G\u00e9neros y Diversidad, Elizabeth G\u00f3mez Alcorta, y la secretaria Legal y T\u00e9cnica de la Presidencia, Vilma Ibarra Con la exposici\u00f3n de funcionarios, se abre la discusi\u00f3n sobre el aborto legal La C\u00e1mara de\u2026","rel":"","context":"En \u00abPol\u00edtica\u00bb","block_context":{"text":"Pol\u00edtica","link":"http:\/\/www.24baires.com\/?cat=51"},"img":{"alt_text":"","src":"https:\/\/i0.wp.com\/www.24baires.com\/wp-content\/uploads\/2019\/02\/pa%C3%B1uelo-aborto.jpg?resize=350%2C200","width":350,"height":200,"srcset":"https:\/\/i0.wp.com\/www.24baires.com\/wp-content\/uploads\/2019\/02\/pa%C3%B1uelo-aborto.jpg?resize=350%2C200 1x, https:\/\/i0.wp.com\/www.24baires.com\/wp-content\/uploads\/2019\/02\/pa%C3%B1uelo-aborto.jpg?resize=525%2C300 1.5x"},"classes":[]},{"id":61914,"url":"http:\/\/www.24baires.com\/?p=61914","url_meta":{"origin":61141,"position":1},"title":"Diputados emiti\u00f3 dictamen sobre la reforma a la ley de Inteligencia","author":"GB","date":"18\/02\/2015","format":false,"excerpt":"El despacho de mayor\u00eda se firm\u00f3 en el \u00faltimo tramo de la reuni\u00f3n de comisiones que se extendi\u00f3 por espacio de cuatro horas. El proyecto se votar\u00e1 en una sesi\u00f3n especial el 25 de febrero pr\u00f3ximo. El bloque de diputados del oficialismo, junto a bancadas aliadas, consigui\u00f3 emitir dictamen favorable\u2026","rel":"","context":"En \u00abPol\u00edtica\u00bb","block_context":{"text":"Pol\u00edtica","link":"http:\/\/www.24baires.com\/?cat=51"},"img":{"alt_text":"c\u00f3digo civil diputados c\u00e1mara","src":"https:\/\/i0.wp.com\/www.24baires.com\/wp-content\/uploads\/2014\/10\/c%C3%B3digo-civil-diputados-c%C3%A1mara.jpg?resize=350%2C200","width":350,"height":200,"srcset":"https:\/\/i0.wp.com\/www.24baires.com\/wp-content\/uploads\/2014\/10\/c%C3%B3digo-civil-diputados-c%C3%A1mara.jpg?resize=350%2C200 1x, https:\/\/i0.wp.com\/www.24baires.com\/wp-content\/uploads\/2014\/10\/c%C3%B3digo-civil-diputados-c%C3%A1mara.jpg?resize=525%2C300 1.5x"},"classes":[]},{"id":116842,"url":"http:\/\/www.24baires.com\/?p=116842","url_meta":{"origin":61141,"position":2},"title":"Aborto legal: Diputados busca emitir dictamen y tratarlo en el recinto","author":"GB","date":"09\/12\/2020","format":false,"excerpt":"Este mi\u00e9rcoles ser\u00e1 el plenario presencial para dictaminar y Diputados quiere tratar el aborto legal en el recinto el jueves y viernes El plenario de comisiones de Diputados ya comenz\u00f3 a analizar el proyecto de aborto legal tras finalizar con las jornadas informativas, con la mirada puesta en la sesi\u00f3n\u2026","rel":"","context":"En \u00abPol\u00edtica\u00bb","block_context":{"text":"Pol\u00edtica","link":"http:\/\/www.24baires.com\/?cat=51"},"img":{"alt_text":"","src":"https:\/\/i0.wp.com\/www.24baires.com\/wp-content\/uploads\/2018\/08\/senado-aborto.jpg?resize=350%2C200","width":350,"height":200,"srcset":"https:\/\/i0.wp.com\/www.24baires.com\/wp-content\/uploads\/2018\/08\/senado-aborto.jpg?resize=350%2C200 1x, https:\/\/i0.wp.com\/www.24baires.com\/wp-content\/uploads\/2018\/08\/senado-aborto.jpg?resize=525%2C300 1.5x"},"classes":[]},{"id":61264,"url":"http:\/\/www.24baires.com\/?p=61264","url_meta":{"origin":61141,"position":3},"title":"Dictamen positivo al proyecto de Inteligencia en el Senado","author":"Grupo Sierra","date":"04\/02\/2015","format":false,"excerpt":"El plenario de comisiones del senado emiti\u00f3 esta tarde dictamen sobre el proyecto del Poder Ejecutivo para reformar el sistema de inteligencia que qued\u00f3 en condiciones de ser debatido por el plenario de la C\u00e1mara el mi\u00e9rcoles de la semana pr\u00f3xima. En una reuni\u00f3n de las comisiones de asuntos constitucionales\u2026","rel":"","context":"En \u00abLegislativo\u00bb","block_context":{"text":"Legislativo","link":"http:\/\/www.24baires.com\/?cat=75"},"img":{"alt_text":"congreso","src":"https:\/\/i0.wp.com\/www.24baires.com\/wp-content\/uploads\/2014\/09\/congreso.jpg?resize=350%2C200","width":350,"height":200,"srcset":"https:\/\/i0.wp.com\/www.24baires.com\/wp-content\/uploads\/2014\/09\/congreso.jpg?resize=350%2C200 1x, https:\/\/i0.wp.com\/www.24baires.com\/wp-content\/uploads\/2014\/09\/congreso.jpg?resize=525%2C300 1.5x"},"classes":[]},{"id":61201,"url":"http:\/\/www.24baires.com\/?p=61201","url_meta":{"origin":61141,"position":4},"title":"Debate en Congreso: \u00abLa nueva ley es para mejorar y avanzar sobre lo ya construido\u00bb","author":"Grupo Sierra","date":"03\/02\/2015","format":false,"excerpt":"As\u00ed lo expres\u00f3 el secretario Legal y T\u00e9cnico de la Presidencia, quien aclar\u00f3 que el Gobierno lo que busca con la nueva normativa de Inteligencia \"no es destruir todo sino construir algo nuevo sino algo mejor\". \"Sin modificar sustancialmente, estamos achicando y especializando el \u00f3rgano rector de la inteligencia nacional\",\u2026","rel":"","context":"En \u00abLegislativo\u00bb","block_context":{"text":"Legislativo","link":"http:\/\/www.24baires.com\/?cat=75"},"img":{"alt_text":"","src":"https:\/\/i0.wp.com\/www.24baires.com\/wp-content\/uploads\/2015\/02\/zannini-senado.jpg?resize=350%2C200","width":350,"height":200,"srcset":"https:\/\/i0.wp.com\/www.24baires.com\/wp-content\/uploads\/2015\/02\/zannini-senado.jpg?resize=350%2C200 1x, https:\/\/i0.wp.com\/www.24baires.com\/wp-content\/uploads\/2015\/02\/zannini-senado.jpg?resize=525%2C300 1.5x"},"classes":[]},{"id":16714,"url":"http:\/\/www.24baires.com\/?p=16714","url_meta":{"origin":61141,"position":5},"title":"El oficialismo quiere darle media sanci\u00f3n al acuerdo entre Argentina e Ir\u00e1n","author":"AF","date":"25\/02\/2013","format":false,"excerpt":"El oficialismo de la C\u00e1mara de Diputados buscar\u00e1 convertir en ley el mi\u00e9rcoles el proyecto que avala el memor\u00e1ndum de entendimiento entre Argentina e Ir\u00e1n, que recibi\u00f3 media sanci\u00f3n del Senado el jueves \u00faltimo, pese al rechazo de la oposici\u00f3n. La idea del Frente para la Victoria (FPV) es darle\u2026","rel":"","context":"En \u00abPol\u00edtica\u00bb","block_context":{"text":"Pol\u00edtica","link":"http:\/\/www.24baires.com\/?cat=51"},"img":{"alt_text":"","src":"","width":0,"height":0},"classes":[]}],"jetpack_sharing_enabled":true,"jetpack_likes_enabled":true,"jetpack_featured_media_url":"","_links":{"self":[{"href":"http:\/\/www.24baires.com\/index.php?rest_route=\/wp\/v2\/posts\/61141","targetHints":{"allow":["GET"]}}],"collection":[{"href":"http:\/\/www.24baires.com\/index.php?rest_route=\/wp\/v2\/posts"}],"about":[{"href":"http:\/\/www.24baires.com\/index.php?rest_route=\/wp\/v2\/types\/post"}],"author":[{"embeddable":true,"href":"http:\/\/www.24baires.com\/index.php?rest_route=\/wp\/v2\/users\/8"}],"replies":[{"embeddable":true,"href":"http:\/\/www.24baires.com\/index.php?rest_route=%2Fwp%2Fv2%2Fcomments&post=61141"}],"version-history":[{"count":1,"href":"http:\/\/www.24baires.com\/index.php?rest_route=\/wp\/v2\/posts\/61141\/revisions"}],"predecessor-version":[{"id":61142,"href":"http:\/\/www.24baires.com\/index.php?rest_route=\/wp\/v2\/posts\/61141\/revisions\/61142"}],"wp:attachment":[{"href":"http:\/\/www.24baires.com\/index.php?rest_route=%2Fwp%2Fv2%2Fmedia&parent=61141"}],"wp:term":[{"taxonomy":"category","embeddable":true,"href":"http:\/\/www.24baires.com\/index.php?rest_route=%2Fwp%2Fv2%2Fcategories&post=61141"},{"taxonomy":"post_tag","embeddable":true,"href":"http:\/\/www.24baires.com\/index.php?rest_route=%2Fwp%2Fv2%2Ftags&post=61141"}],"curies":[{"name":"wp","href":"https:\/\/api.w.org\/{rel}","templated":true}]}}