{"id":61132,"date":"2015-02-02T16:02:33","date_gmt":"2015-02-02T19:02:33","guid":{"rendered":"http:\/\/www.24baires.com\/?p=61132"},"modified":"2015-02-02T16:02:33","modified_gmt":"2015-02-02T19:02:33","slug":"fernando-pino-solanas-aseguro-que-carrio-tenia-buena-relacion-con-stiusso","status":"publish","type":"post","link":"http:\/\/www.24baires.com\/?p=61132","title":{"rendered":"Fernando \u00abPino\u00bb Solanas asegur\u00f3 que Carri\u00f3 \u00abten\u00eda buena relaci\u00f3n\u00bb con Stiusso"},"content":{"rendered":"<p><img data-recalc-dims=\"1\" loading=\"lazy\" decoding=\"async\" class=\"aligncenter size-full wp-image-37654\" src=\"https:\/\/i0.wp.com\/www.24baires.com\/wp-content\/uploads\/2013\/12\/carri%C3%B3.jpg?resize=560%2C384\" alt=\"carri\u00f3\" width=\"560\" height=\"384\" srcset=\"https:\/\/i0.wp.com\/www.24baires.com\/wp-content\/uploads\/2013\/12\/carri%C3%B3.jpg?w=560 560w, https:\/\/i0.wp.com\/www.24baires.com\/wp-content\/uploads\/2013\/12\/carri%C3%B3.jpg?resize=300%2C205 300w\" sizes=\"auto, (max-width: 560px) 100vw, 560px\" \/>El cineasta y senador de UNEN no dud\u00f3 en sacar \u00ablos trapitos al sol\u00bb luego de dar por terminado su relaci\u00f3n pol\u00edtica con Elisa Carri\u00f3.<!--more--><\/p>\n<p>\u00abTen\u00eda buena relaci\u00f3n con el esp\u00eda\u00bb asegur\u00f3 Fernando \u00abPino\u00bb Solanas para referirse a Elisa Carri\u00f3 y Jaime Stiuso, exesp\u00eda de la exSIDE.<\/p>\n<p>\u00abJaime Stiusso ten\u00eda un poder enorme. Yo fui v\u00edctima de un grupo de tareas de \u00e9l, cuando me pegaron seis tiros. Nosotros fuimos los primeros que escrachamos a la SIDE y los denunciamos penalmente\u00bb, afirm\u00f3 Solanas.<\/p>\n<p>\u00abLa doctora Carri\u00f3 dijo que ten\u00eda amistad con Stiusso. Que estaba en contra del escrache porque ella ten\u00eda buena relaci\u00f3n con Stiusso. Siempre se abstuvo de investigar esto. Me lo manifest\u00f3 a m\u00ed y a Gustavo Vera. Stiusso era el hombre de la CIA. Son h\u00e1biles en asesinatos\u00bb, destac\u00f3 el senador.<\/p>\n<p>Adem\u00e1s junto con el legislador porte\u00f1o Gustavo Vera, presentaron hoy en Comodoro Py una denuncia contra Stiusso por enriquecimiento il\u00edcito junto con otros agentes cuando ejerc\u00edan funciones en ese organismo.<\/p>\n<p>\u00abMientras crecen los fondos reservados de la SIDE, la funci\u00f3n para la cual estaban destinados a sido un completo fracaso: hay mas narcotr\u00e1fico, mas atentados sin resolver. Nunca se realiz\u00f3 una reestructuraci\u00f3n a fondo de este organismo. Lo grave del caso es que se ha generado un cuarto poder mafioso que multiplica sus fondos y chantajea al poder pol\u00edtico desde las sombras sin aportar nada para resolver los complicados delitos federales\u00bb, subray\u00f3 el exaliado de Carri\u00f3.<\/p>\n<p>&nbsp;<\/p>\n<p>&nbsp;<\/p>\n<p>&nbsp;<\/p>\n<p>&nbsp;<\/p>\n<p>&nbsp;<\/p>\n<p>&nbsp;<\/p>\n<p>&nbsp;<\/p>\n<p>&nbsp;<\/p>\n<p>&nbsp;<\/p>\n<p>&nbsp;<\/p>\n<p>&nbsp;<\/p>\n<p>&nbsp;<\/p>\n","protected":false},"excerpt":{"rendered":"<p>El cineasta y senador de UNEN no dud\u00f3 en sacar \u00ablos trapitos al sol\u00bb luego de dar por terminado su relaci\u00f3n pol\u00edtica con Elisa Carri\u00f3.<\/p>\n","protected":false},"author":8,"featured_media":0,"comment_status":"open","ping_status":"open","sticky":false,"template":"","format":"standard","meta":{"_jetpack_newsletter_access":"","_jetpack_dont_email_post_to_subs":false,"_jetpack_newsletter_tier_id":0,"_jetpack_memberships_contains_paywalled_content":false,"_jetpack_memberships_contains_paid_content":false,"footnotes":""},"categories":[51],"tags":[],"class_list":["post-61132","post","type-post","status-publish","format-standard","hentry","category-politica"],"jetpack_shortlink":"https:\/\/wp.me\/p2JWE0-fU0","jetpack-related-posts":[{"id":29281,"url":"http:\/\/www.24baires.com\/?p=29281","url_meta":{"origin":61132,"position":0},"title":"Solanas dice que el electorado \u00abse siente equivocadamente defraudado\u00bb por aliarse con Carri\u00f3","author":"AF","date":"31\/07\/2013","format":false,"excerpt":"Pese a la autocr\u00edtica, a pocos d\u00edas de las PASO, Pino sostuvo que esa parte del electorado \"se siente equivocadamente defraudada\". Sin embargo dijo: \"Elisa Carri\u00f3 tiene mucho que ver conmigo\". El precandidato a senador nacional por la Coalici\u00f3n Sur del frente Unen Fernando \"Pino\" Solanas reconoci\u00f3 que \"una parte\u2026","rel":"","context":"En \u00abPol\u00edtica\u00bb","block_context":{"text":"Pol\u00edtica","link":"http:\/\/www.24baires.com\/?cat=51"},"img":{"alt_text":"","src":"","width":0,"height":0},"classes":[]},{"id":51678,"url":"http:\/\/www.24baires.com\/?p=51678","url_meta":{"origin":61132,"position":1},"title":"Carri\u00f3: \u00abNo me enoj\u00e9 con Fernando, s\u00f3lo fui a comer pizza\u00bb","author":"Grupo Sierra","date":"12\/08\/2014","format":false,"excerpt":"La diputada y l\u00edder de la Coalici\u00f3n C\u00edvica-ARI, Elisa Carri\u00f3, asegur\u00f3 que no se enoj\u00f3 con Fernando \"Pino\" Solanas y que s\u00f3lo se fue \"a comer pizza\" porque \"no estaba de acuerdo\" con el tono antimacrista del discurso del senador durante el lanzamiento del FAU porte\u00f1o. \"Me retir\u00e9 respetuosa y\u2026","rel":"","context":"En \u00abPol\u00edtica\u00bb","block_context":{"text":"Pol\u00edtica","link":"http:\/\/www.24baires.com\/?cat=51"},"img":{"alt_text":"CARRIO","src":"https:\/\/i0.wp.com\/www.24baires.com\/wp-content\/uploads\/2013\/05\/CARRIO.jpg?resize=350%2C200","width":350,"height":200,"srcset":"https:\/\/i0.wp.com\/www.24baires.com\/wp-content\/uploads\/2013\/05\/CARRIO.jpg?resize=350%2C200 1x, https:\/\/i0.wp.com\/www.24baires.com\/wp-content\/uploads\/2013\/05\/CARRIO.jpg?resize=525%2C300 1.5x"},"classes":[]},{"id":61120,"url":"http:\/\/www.24baires.com\/?p=61120","url_meta":{"origin":61132,"position":2},"title":"\u201cStiusso es un personaje siniestro que intent\u00f3 perjudicar al Gobierno\u201d","author":"GB","date":"02\/02\/2015","format":false,"excerpt":"El secretario General de la Presidencia, An\u00edbal Fern\u00e1ndez, asegur\u00f3 hoy que el ex Jefe de Operaciones de la SIDE, Antonio Stiusso, \"es un personaje siniestro, que lo que ha intentado por todos los medios fue poner palos en la rueda al Gobierno\" A su vez que consider\u00f3 como una \"mentira\u2026","rel":"","context":"En \u00abPol\u00edtica\u00bb","block_context":{"text":"Pol\u00edtica","link":"http:\/\/www.24baires.com\/?cat=51"},"img":{"alt_text":"an\u00edbal fern\u00e1ndez","src":"https:\/\/i0.wp.com\/www.24baires.com\/wp-content\/uploads\/2013\/01\/an%C3%ADbal-fern%C3%A1ndez.jpg?resize=350%2C200","width":350,"height":200},"classes":[]},{"id":61569,"url":"http:\/\/www.24baires.com\/?p=61569","url_meta":{"origin":61132,"position":3},"title":"Seg\u00fan facturas, Stiusso ten\u00eda 277 tel\u00e9fonos a nombre de la Secretar\u00eda de Inteligencia","author":"Grupo Sierra","date":"10\/02\/2015","format":false,"excerpt":"Se difundieron facturas de algunas l\u00edneas de celulares del exesp\u00eda de la SIDE y uno de los involucrados en la causa Nisman, y los n\u00fameros lo complcian cada vez m\u00e1s. Esa flota se conformaba por 231 l\u00edneas de la empresa Movistar y 46 de Nextel, y las facturas llegaban a\u2026","rel":"","context":"En \u00abJUDICIALES\u00bb","block_context":{"text":"JUDICIALES","link":"http:\/\/www.24baires.com\/?cat=68"},"img":{"alt_text":"","src":"https:\/\/i0.wp.com\/www.24baires.com\/wp-content\/uploads\/2015\/02\/factura-stiusso-side.jpg?resize=350%2C200","width":350,"height":200,"srcset":"https:\/\/i0.wp.com\/www.24baires.com\/wp-content\/uploads\/2015\/02\/factura-stiusso-side.jpg?resize=350%2C200 1x, https:\/\/i0.wp.com\/www.24baires.com\/wp-content\/uploads\/2015\/02\/factura-stiusso-side.jpg?resize=525%2C300 1.5x"},"classes":[]},{"id":47932,"url":"http:\/\/www.24baires.com\/?p=47932","url_meta":{"origin":61132,"position":4},"title":"Ishii dispar\u00f3 contra todos y denunci\u00f3 \u00abaprietes\u00bb por la Polic\u00eda Local","author":"Grupo Sierra","date":"12\/06\/2014","format":false,"excerpt":"En medio de la puja por el debate del proyecto de Alejandro Granados, el senador apunt\u00f3 a distintos sectores y declar\u00f3: \"Si me pasa algo, los responsables son Jaime Stiusso y Javier Fern\u00e1ndez\". El senador provincial Mario Ishii se sum\u00f3 a la versi\u00f3n dada por el massismo y denunci\u00f3 que\u2026","rel":"","context":"En \u00abPol\u00edtica\u00bb","block_context":{"text":"Pol\u00edtica","link":"http:\/\/www.24baires.com\/?cat=51"},"img":{"alt_text":"ishii-scioli","src":"https:\/\/i0.wp.com\/www.24baires.com\/wp-content\/uploads\/2014\/01\/ishii-scioli.jpg?resize=350%2C200","width":350,"height":200,"srcset":"https:\/\/i0.wp.com\/www.24baires.com\/wp-content\/uploads\/2014\/01\/ishii-scioli.jpg?resize=350%2C200 1x, https:\/\/i0.wp.com\/www.24baires.com\/wp-content\/uploads\/2014\/01\/ishii-scioli.jpg?resize=525%2C300 1.5x"},"classes":[]},{"id":61301,"url":"http:\/\/www.24baires.com\/?p=61301","url_meta":{"origin":61132,"position":5},"title":"Relevan a Stiusso de guardar datos sobre sus actividades","author":"GB","date":"05\/02\/2015","format":false,"excerpt":"El director de la SI ratific\u00f3 que el agente \"ya no forma parte del organismo\" y declar\u00f3 que se lo relev\u00f3 de la obligaci\u00f3n de guardar secreto sobre sus actividades desde 1972 hasta el 5 de enero de 2015. El director de la Secretar\u00eda de Inteligencia, Oscar Parrilli, declar\u00f3 que\u2026","rel":"","context":"En \u00abPol\u00edtica\u00bb","block_context":{"text":"Pol\u00edtica","link":"http:\/\/www.24baires.com\/?cat=51"},"img":{"alt_text":"parrilli","src":"https:\/\/i0.wp.com\/www.24baires.com\/wp-content\/uploads\/2013\/08\/parrilli.jpg?resize=350%2C200","width":350,"height":200,"srcset":"https:\/\/i0.wp.com\/www.24baires.com\/wp-content\/uploads\/2013\/08\/parrilli.jpg?resize=350%2C200 1x, https:\/\/i0.wp.com\/www.24baires.com\/wp-content\/uploads\/2013\/08\/parrilli.jpg?resize=525%2C300 1.5x"},"classes":[]}],"jetpack_sharing_enabled":true,"jetpack_likes_enabled":true,"jetpack_featured_media_url":"","_links":{"self":[{"href":"http:\/\/www.24baires.com\/index.php?rest_route=\/wp\/v2\/posts\/61132","targetHints":{"allow":["GET"]}}],"collection":[{"href":"http:\/\/www.24baires.com\/index.php?rest_route=\/wp\/v2\/posts"}],"about":[{"href":"http:\/\/www.24baires.com\/index.php?rest_route=\/wp\/v2\/types\/post"}],"author":[{"embeddable":true,"href":"http:\/\/www.24baires.com\/index.php?rest_route=\/wp\/v2\/users\/8"}],"replies":[{"embeddable":true,"href":"http:\/\/www.24baires.com\/index.php?rest_route=%2Fwp%2Fv2%2Fcomments&post=61132"}],"version-history":[{"count":1,"href":"http:\/\/www.24baires.com\/index.php?rest_route=\/wp\/v2\/posts\/61132\/revisions"}],"predecessor-version":[{"id":61133,"href":"http:\/\/www.24baires.com\/index.php?rest_route=\/wp\/v2\/posts\/61132\/revisions\/61133"}],"wp:attachment":[{"href":"http:\/\/www.24baires.com\/index.php?rest_route=%2Fwp%2Fv2%2Fmedia&parent=61132"}],"wp:term":[{"taxonomy":"category","embeddable":true,"href":"http:\/\/www.24baires.com\/index.php?rest_route=%2Fwp%2Fv2%2Fcategories&post=61132"},{"taxonomy":"post_tag","embeddable":true,"href":"http:\/\/www.24baires.com\/index.php?rest_route=%2Fwp%2Fv2%2Ftags&post=61132"}],"curies":[{"name":"wp","href":"https:\/\/api.w.org\/{rel}","templated":true}]}}