{"id":61129,"date":"2015-02-02T15:30:24","date_gmt":"2015-02-02T18:30:24","guid":{"rendered":"http:\/\/www.24baires.com\/?p=61129"},"modified":"2015-02-02T15:23:11","modified_gmt":"2015-02-02T18:23:11","slug":"rafecas-tambien-se-desligo-de-la-denuncia-de-nisman","status":"publish","type":"post","link":"http:\/\/www.24baires.com\/?p=61129","title":{"rendered":"Rafecas tambi\u00e9n se deslig\u00f3 de la denuncia de Nisman"},"content":{"rendered":"<p><img data-recalc-dims=\"1\" loading=\"lazy\" decoding=\"async\" class=\"aligncenter size-full wp-image-61130\" src=\"https:\/\/i0.wp.com\/www.24baires.com\/wp-content\/uploads\/2015\/02\/rafecas.png?resize=560%2C314\" alt=\"rafecas\" width=\"560\" height=\"314\" srcset=\"https:\/\/i0.wp.com\/www.24baires.com\/wp-content\/uploads\/2015\/02\/rafecas.png?w=560 560w, https:\/\/i0.wp.com\/www.24baires.com\/wp-content\/uploads\/2015\/02\/rafecas.png?resize=300%2C168 300w\" sizes=\"auto, (max-width: 560px) 100vw, 560px\" \/>Pese a que deb\u00eda tramitar la causa tras el sorteo, el juez subrogante Sebasti\u00e1n Ramos -a cargo del Juzgado de Daniel Rafecas-, consider\u00f3 que no ten\u00eda competencia en el tema y envi\u00f3 la denuncia a la C\u00e1mara Federal porte\u00f1a que deber\u00e1 resolver.<!--more--><\/p>\n<p>La causa hab\u00eda sido rechazada previamente por el juez Ariel Lijo, quien adujo que es una causa que no tiene ninguna conexi\u00f3n con la causa por encubrimiento que lleva adelante en su juzgado.<\/p>\n<p>Mientras que Daniel Rafecas permanece de vacaciones, el subrogante -juez federal Sebasti\u00e1n Ramos- asegur\u00f3 que Rafecas no est\u00e1 y por eso, adem\u00e1s de que considera que ser\u00eda objeto de investigaci\u00f3n de las causas que tiene Lijo, se declar\u00f3 incompetente.<\/p>\n<p>&nbsp;<\/p>\n<p>&nbsp;<\/p>\n<p>&nbsp;<\/p>\n<p>&nbsp;<\/p>\n<p>&nbsp;<\/p>\n<p>&nbsp;<\/p>\n<p>&nbsp;<\/p>\n<p>&nbsp;<\/p>\n<p>&nbsp;<\/p>\n<p>&nbsp;<\/p>\n","protected":false},"excerpt":{"rendered":"<p>Pese a que deb\u00eda tramitar la causa tras el sorteo, el juez subrogante Sebasti\u00e1n Ramos -a cargo del Juzgado de Daniel Rafecas-, consider\u00f3 que no ten\u00eda competencia en el tema y envi\u00f3 la denuncia a la C\u00e1mara Federal porte\u00f1a que deber\u00e1 resolver.<\/p>\n","protected":false},"author":8,"featured_media":0,"comment_status":"open","ping_status":"open","sticky":false,"template":"","format":"standard","meta":{"_jetpack_newsletter_access":"","_jetpack_dont_email_post_to_subs":false,"_jetpack_newsletter_tier_id":0,"_jetpack_memberships_contains_paywalled_content":false,"_jetpack_memberships_contains_paid_content":false,"footnotes":""},"categories":[51],"tags":[],"class_list":["post-61129","post","type-post","status-publish","format-standard","hentry","category-politica"],"jetpack_shortlink":"https:\/\/wp.me\/p2JWE0-fTX","jetpack-related-posts":[{"id":101064,"url":"http:\/\/www.24baires.com\/?p=101064","url_meta":{"origin":61129,"position":0},"title":"La C\u00e1mara Federal actuar\u00e1 en la causa por espionaje sobre Sergio Maldonado","author":"AF","date":"14\/03\/2018","format":false,"excerpt":"Tambi\u00e9n Miryam Bregman hab\u00eda sido espiada. La Sala II, integrada en forma unipersonal por el juez Mart\u00edn Irurzun, revoc\u00f3 la decisi\u00f3n del juez Rafecas por la que se hab\u00eda declarado incompetente y resolviera remitir el expediente al Juzgado Federal de Esquel. La Sala II de la C\u00e1mara Nacional en lo\u2026","rel":"","context":"En \u00abJUDICIALES\u00bb","block_context":{"text":"JUDICIALES","link":"http:\/\/www.24baires.com\/?cat=68"},"img":{"alt_text":"","src":"https:\/\/i0.wp.com\/www.24baires.com\/wp-content\/uploads\/2017\/10\/maldonado-sergio.jpg?resize=350%2C200","width":350,"height":200,"srcset":"https:\/\/i0.wp.com\/www.24baires.com\/wp-content\/uploads\/2017\/10\/maldonado-sergio.jpg?resize=350%2C200 1x, https:\/\/i0.wp.com\/www.24baires.com\/wp-content\/uploads\/2017\/10\/maldonado-sergio.jpg?resize=525%2C300 1.5x"},"classes":[]},{"id":51870,"url":"http:\/\/www.24baires.com\/?p=51870","url_meta":{"origin":61129,"position":1},"title":"El juez Rafecas qued\u00f3 a cargo de la causa por la denuncia a Donnelley","author":"GB","date":"15\/08\/2014","format":false,"excerpt":"La AFIP denunci\u00f3 a la imprenta de capitales estadounidenses por infracci\u00f3n a la ley de Antiterrorismo y ahora el magistrado deber\u00e1 dar vista a la fiscal\u00eda para que determine si corresponde impulsar la investigaci\u00f3n y ordenar medidas de prueba. La causa es la 7871 y por sorteo qued\u00f3 asignada a\u2026","rel":"","context":"En \u00abPol\u00edtica\u00bb","block_context":{"text":"Pol\u00edtica","link":"http:\/\/www.24baires.com\/?cat=51"},"img":{"alt_text":"imprenta","src":"https:\/\/i0.wp.com\/www.24baires.com\/wp-content\/uploads\/2014\/08\/imprenta.jpg?resize=350%2C200","width":350,"height":200,"srcset":"https:\/\/i0.wp.com\/www.24baires.com\/wp-content\/uploads\/2014\/08\/imprenta.jpg?resize=350%2C200 1x, https:\/\/i0.wp.com\/www.24baires.com\/wp-content\/uploads\/2014\/08\/imprenta.jpg?resize=525%2C300 1.5x"},"classes":[]},{"id":62320,"url":"http:\/\/www.24baires.com\/?p=62320","url_meta":{"origin":61129,"position":2},"title":"El juez Rafecas desestim\u00f3 la denuncia de Nisman contra la Presidenta","author":"GB","date":"26\/02\/2015","format":false,"excerpt":"El juez federal Daniel Rafecas desestim\u00f3 la denuncia del fiscal Alberto Nisman contra la presidenta Cristina Fern\u00e1ndez de Kirchner por supuesto encubrimiento a los imputados iran\u00edes en la causa AMIA. El juez decidi\u00f3 que no hay elementos necesarios en la denuncia del fallecido titular de la Unidad Especial AMIA, para\u2026","rel":"","context":"En \u00abPol\u00edtica\u00bb","block_context":{"text":"Pol\u00edtica","link":"http:\/\/www.24baires.com\/?cat=51"},"img":{"alt_text":"","src":"https:\/\/i0.wp.com\/www.24baires.com\/wp-content\/uploads\/2015\/02\/rafecas.jpg?resize=350%2C200","width":350,"height":200,"srcset":"https:\/\/i0.wp.com\/www.24baires.com\/wp-content\/uploads\/2015\/02\/rafecas.jpg?resize=350%2C200 1x, https:\/\/i0.wp.com\/www.24baires.com\/wp-content\/uploads\/2015\/02\/rafecas.jpg?resize=525%2C300 1.5x"},"classes":[]},{"id":86780,"url":"http:\/\/www.24baires.com\/?p=86780","url_meta":{"origin":61129,"position":3},"title":"Rafecas asegura que \u00abfaltan pruebas\u00bb para reabrir la causa de Nisman contra CFK","author":"AF","date":"26\/08\/2016","format":false,"excerpt":"El juez federal Rafecas sostuvo que su par Bonadio puede reabrir s\u00f3lo \"a partir de nuevas pruebas\" la causa por la denuncia que el fallecido fiscal impuls\u00f3 contra la ex presidenta por supuesto encubrimiento de los iran\u00edes acusados por el atentado a la AMIA. \"Lo que no podr\u00eda hacer otro\u2026","rel":"","context":"En \u00abJUDICIALES\u00bb","block_context":{"text":"JUDICIALES","link":"http:\/\/www.24baires.com\/?cat=68"},"img":{"alt_text":"nisman","src":"https:\/\/i0.wp.com\/www.24baires.com\/wp-content\/uploads\/2015\/07\/nisman.jpg?resize=350%2C200","width":350,"height":200,"srcset":"https:\/\/i0.wp.com\/www.24baires.com\/wp-content\/uploads\/2015\/07\/nisman.jpg?resize=350%2C200 1x, https:\/\/i0.wp.com\/www.24baires.com\/wp-content\/uploads\/2015\/07\/nisman.jpg?resize=525%2C300 1.5x"},"classes":[]},{"id":62646,"url":"http:\/\/www.24baires.com\/?p=62646","url_meta":{"origin":61129,"position":4},"title":"Rafecas concedi\u00f3 a Pollicita la apelaci\u00f3n","author":"Grupo Sierra","date":"04\/03\/2015","format":false,"excerpt":"El juez federal le confirm\u00f3 que le dio el visto bueno a la presentaci\u00f3n del fiscal para que la C\u00e1mara federal analice el fallo que desestim\u00f3 la denuncia contra la presidenta Cristina Fern\u00e1ndez. Ahora ser\u00e1 la C\u00e1mara Nacional de Apelaciones en lo Criminal y Correccional Federal la que analice el\u2026","rel":"","context":"En \u00abJUDICIALES\u00bb","block_context":{"text":"JUDICIALES","link":"http:\/\/www.24baires.com\/?cat=68"},"img":{"alt_text":"rafecas","src":"https:\/\/i0.wp.com\/www.24baires.com\/wp-content\/uploads\/2015\/02\/rafecas.png?resize=350%2C200","width":350,"height":200,"srcset":"https:\/\/i0.wp.com\/www.24baires.com\/wp-content\/uploads\/2015\/02\/rafecas.png?resize=350%2C200 1x, https:\/\/i0.wp.com\/www.24baires.com\/wp-content\/uploads\/2015\/02\/rafecas.png?resize=525%2C300 1.5x"},"classes":[]},{"id":62501,"url":"http:\/\/www.24baires.com\/?p=62501","url_meta":{"origin":61129,"position":5},"title":"\u00abEl gobierno hizo todo para que la causa AMIA avance\u00bb, asegur\u00f3 Rafecas","author":"GB","date":"02\/03\/2015","format":false,"excerpt":"El juez rechaz\u00f3 categ\u00f3ricamente los cuestionamientos a su fallo y dijo que las nuevas escuchas difundidas por algunos medios \u201cno sirven para nada\u201d. El juez federal Daniel Rafecas, afirm\u00f3 hoy que \"el gobierno hizo todo para que la causa AMIA avance\" y sostuvo que \"no tienen ninguna relevancia\" y \"no\u2026","rel":"","context":"En \u00abPol\u00edtica\u00bb","block_context":{"text":"Pol\u00edtica","link":"http:\/\/www.24baires.com\/?cat=51"},"img":{"alt_text":"rafecas","src":"https:\/\/i0.wp.com\/www.24baires.com\/wp-content\/uploads\/2015\/02\/rafecas.jpg?resize=350%2C200","width":350,"height":200,"srcset":"https:\/\/i0.wp.com\/www.24baires.com\/wp-content\/uploads\/2015\/02\/rafecas.jpg?resize=350%2C200 1x, https:\/\/i0.wp.com\/www.24baires.com\/wp-content\/uploads\/2015\/02\/rafecas.jpg?resize=525%2C300 1.5x"},"classes":[]}],"jetpack_sharing_enabled":true,"jetpack_likes_enabled":true,"jetpack_featured_media_url":"","_links":{"self":[{"href":"http:\/\/www.24baires.com\/index.php?rest_route=\/wp\/v2\/posts\/61129","targetHints":{"allow":["GET"]}}],"collection":[{"href":"http:\/\/www.24baires.com\/index.php?rest_route=\/wp\/v2\/posts"}],"about":[{"href":"http:\/\/www.24baires.com\/index.php?rest_route=\/wp\/v2\/types\/post"}],"author":[{"embeddable":true,"href":"http:\/\/www.24baires.com\/index.php?rest_route=\/wp\/v2\/users\/8"}],"replies":[{"embeddable":true,"href":"http:\/\/www.24baires.com\/index.php?rest_route=%2Fwp%2Fv2%2Fcomments&post=61129"}],"version-history":[{"count":1,"href":"http:\/\/www.24baires.com\/index.php?rest_route=\/wp\/v2\/posts\/61129\/revisions"}],"predecessor-version":[{"id":61131,"href":"http:\/\/www.24baires.com\/index.php?rest_route=\/wp\/v2\/posts\/61129\/revisions\/61131"}],"wp:attachment":[{"href":"http:\/\/www.24baires.com\/index.php?rest_route=%2Fwp%2Fv2%2Fmedia&parent=61129"}],"wp:term":[{"taxonomy":"category","embeddable":true,"href":"http:\/\/www.24baires.com\/index.php?rest_route=%2Fwp%2Fv2%2Fcategories&post=61129"},{"taxonomy":"post_tag","embeddable":true,"href":"http:\/\/www.24baires.com\/index.php?rest_route=%2Fwp%2Fv2%2Ftags&post=61129"}],"curies":[{"name":"wp","href":"https:\/\/api.w.org\/{rel}","templated":true}]}}