{"id":61125,"date":"2015-02-02T14:37:09","date_gmt":"2015-02-02T17:37:09","guid":{"rendered":"http:\/\/www.24baires.com\/?p=61125"},"modified":"2015-02-02T14:37:09","modified_gmt":"2015-02-02T17:37:09","slug":"scioli-convoco-a-80-intendentes-y-2-000-policias-para-tratar-temas-de-seguridad","status":"publish","type":"post","link":"http:\/\/www.24baires.com\/?p=61125","title":{"rendered":"Scioli convoc\u00f3 a 80 intendentes y 2.000 polic\u00edas para tratar temas de seguridad"},"content":{"rendered":"<p><img data-recalc-dims=\"1\" loading=\"lazy\" decoding=\"async\" class=\"aligncenter size-full wp-image-60130\" src=\"https:\/\/i0.wp.com\/www.24baires.com\/wp-content\/uploads\/2015\/01\/scioli-cpc.jpg?resize=560%2C357\" alt=\"scioli cpc\" width=\"560\" height=\"357\" srcset=\"https:\/\/i0.wp.com\/www.24baires.com\/wp-content\/uploads\/2015\/01\/scioli-cpc.jpg?w=560 560w, https:\/\/i0.wp.com\/www.24baires.com\/wp-content\/uploads\/2015\/01\/scioli-cpc.jpg?resize=300%2C191 300w\" sizes=\"auto, (max-width: 560px) 100vw, 560px\" \/>El gobernador bonaerense, Daniel Scioli, convoc\u00f3 a m\u00e1s de 80 intendentes y 2 mil polic\u00edas de la Provincia para abordar, junto a su ministro Alejandro Granados, temas relacionados a la seguridad del distrito.<!--more--><\/p>\n<p>La reuni\u00f3n se anunci\u00f3 para el pr\u00f3ximo viernes 13 de febrero en el marco del \u00abCongreso de Implementaci\u00f3n de las nuevas unidades Antinarco, DDI y Patrullas Rurales\u00bb que se realizar\u00e1 en la ciudad de Mar del Plata.<\/p>\n<p>El objetivo, explic\u00f3 el subsecretario de Planificaci\u00f3n de la cartera de Seguridad, Fernando Jantus, \u00abser\u00e1 el de profundizar la decisi\u00f3n anunciada de crear cada una de estas unidades en los 135 municipios de la Provincia, a trav\u00e9s de una descentralizaci\u00f3n hist\u00f3rica\u00bb.<\/p>\n<p>Dijo que a los 2.000 polic\u00edas que participar\u00e1n del congreso, que forman parte del Operativo Sol, \u00abse les va a dar una academia general sobre lucha antinarc\u00f3ticos, investigaciones y patrullas rurales, y posteriormente, cada uno de ellos ir\u00e1 al municipio que le corresponde a trabajar\u00bb.<\/p>\n<p>&nbsp;<\/p>\n<p>&nbsp;<\/p>\n<p>&nbsp;<\/p>\n<p>&nbsp;<\/p>\n<p>&nbsp;<\/p>\n<p>&nbsp;<\/p>\n<p>&nbsp;<\/p>\n<p>&nbsp;<\/p>\n<p>&nbsp;<\/p>\n<p>&nbsp;<\/p>\n","protected":false},"excerpt":{"rendered":"<p>El gobernador bonaerense, Daniel Scioli, convoc\u00f3 a m\u00e1s de 80 intendentes y 2 mil polic\u00edas de la Provincia para abordar, junto a su ministro Alejandro Granados, temas relacionados a la seguridad del distrito.<\/p>\n","protected":false},"author":8,"featured_media":0,"comment_status":"open","ping_status":"open","sticky":false,"template":"","format":"standard","meta":{"_jetpack_newsletter_access":"","_jetpack_dont_email_post_to_subs":false,"_jetpack_newsletter_tier_id":0,"_jetpack_memberships_contains_paywalled_content":false,"_jetpack_memberships_contains_paid_content":false,"footnotes":""},"categories":[51],"tags":[],"class_list":["post-61125","post","type-post","status-publish","format-standard","hentry","category-politica"],"jetpack_shortlink":"https:\/\/wp.me\/p2JWE0-fTT","jetpack-related-posts":[{"id":103162,"url":"http:\/\/www.24baires.com\/?p=103162","url_meta":{"origin":61125,"position":0},"title":"Berisso es el primer municipio en eliminar la Polic\u00eda Local","author":"AF","date":"04\/07\/2018","format":false,"excerpt":"La municipalidad de Berisso se convirti\u00f3 en la primera comuna de la provincia en fusionar la Polic\u00eda Local con la bonaerense, siguiendo los planes del Gobierno provincial para eliminar la fuerza creada durante la gesti\u00f3n de Daniel Scioli. El intendente de Berisso, Jorge Nedela, firm\u00f3 ayer un convenio con el\u2026","rel":"","context":"En \u00abLocales\u00bb","block_context":{"text":"Locales","link":"http:\/\/www.24baires.com\/?cat=38"},"img":{"alt_text":"","src":"https:\/\/i0.wp.com\/www.24baires.com\/wp-content\/uploads\/2015\/10\/policia-local-mdp.jpg?resize=350%2C200","width":350,"height":200,"srcset":"https:\/\/i0.wp.com\/www.24baires.com\/wp-content\/uploads\/2015\/10\/policia-local-mdp.jpg?resize=350%2C200 1x, https:\/\/i0.wp.com\/www.24baires.com\/wp-content\/uploads\/2015\/10\/policia-local-mdp.jpg?resize=525%2C300 1.5x"},"classes":[]},{"id":116144,"url":"http:\/\/www.24baires.com\/?p=116144","url_meta":{"origin":61125,"position":1},"title":"Intendentes apoyaron la implementaci\u00f3n de un plan de seguridad para la Provincia","author":"AF","date":"04\/09\/2020","format":false,"excerpt":"Fernando Espinoza, Gustavo Posse, Alberto Descalzo y Gustavo Men\u00e9ndez, entre otros jefes comunales, tomaron parte del lanzamiento del Programa de Fortalecimiento de la Seguridad y apoyaron la iniciativa que se desarrollar\u00e1 en el Conurbano con una inversi\u00f3n de 10.000 millones de pesos. Intendentes del \u00c1rea Metropolitana de Buenos Aires celebraron\u2026","rel":"","context":"En \u00abProvincia\u00bb","block_context":{"text":"Provincia","link":"http:\/\/www.24baires.com\/?cat=40"},"img":{"alt_text":"","src":"https:\/\/i0.wp.com\/www.24baires.com\/wp-content\/uploads\/2020\/08\/gines-espinoza.jpeg?resize=350%2C200","width":350,"height":200,"srcset":"https:\/\/i0.wp.com\/www.24baires.com\/wp-content\/uploads\/2020\/08\/gines-espinoza.jpeg?resize=350%2C200 1x, https:\/\/i0.wp.com\/www.24baires.com\/wp-content\/uploads\/2020\/08\/gines-espinoza.jpeg?resize=525%2C300 1.5x"},"classes":[]},{"id":117019,"url":"http:\/\/www.24baires.com\/?p=117019","url_meta":{"origin":61125,"position":2},"title":"Provincia anunci\u00f3 aumentos para polic\u00edas y penitenciarios","author":"GB","date":"14\/01\/2021","format":false,"excerpt":"Tras las tensiones entre el gobierno bonaerense y las fuerzas de seguridad, este jueves se conoci\u00f3 que se aplicar\u00e1 un aumento adicional en los salarios del 6,8% promedio respecto a diciembre de 2019, retroactivo al mes de diciembre de 2020 Luego de cuatro meses de malestar de las polic\u00eda bonaerense\u2026","rel":"","context":"En \u00abProvincia\u00bb","block_context":{"text":"Provincia","link":"http:\/\/www.24baires.com\/?cat=40"},"img":{"alt_text":"","src":"https:\/\/i0.wp.com\/www.24baires.com\/wp-content\/uploads\/2020\/04\/berni-policias.jpg?resize=350%2C200","width":350,"height":200,"srcset":"https:\/\/i0.wp.com\/www.24baires.com\/wp-content\/uploads\/2020\/04\/berni-policias.jpg?resize=350%2C200 1x, https:\/\/i0.wp.com\/www.24baires.com\/wp-content\/uploads\/2020\/04\/berni-policias.jpg?resize=525%2C300 1.5x"},"classes":[]},{"id":116179,"url":"http:\/\/www.24baires.com\/?p=116179","url_meta":{"origin":61125,"position":3},"title":"Naci\u00f3n cre\u00f3 un fondo de financiamiento y la Provincia recupera 1 punto de coparticipaci\u00f3n","author":"AF","date":"09\/09\/2020","format":false,"excerpt":"As\u00ed lo anunci\u00f3 el presidente Alberto Fern\u00e1ndez, desde la residencia de Olivos junto a funcionarios del Gobierno e intendentes del conurbano. El presidente Alberto Fern\u00e1ndez anunci\u00f3 la creaci\u00f3n de un Fondo de Fortalecimiento Financiero Fiscal para la provincia de Buenos Aires con el que ese distrito recuperar\u00e1 1 punto porcentual\u2026","rel":"","context":"En \u00abSociedad\u00bb","block_context":{"text":"Sociedad","link":"http:\/\/www.24baires.com\/?cat=1"},"img":{"alt_text":"","src":"https:\/\/i0.wp.com\/www.24baires.com\/wp-content\/uploads\/2020\/09\/caba-pba.jpg?resize=350%2C200","width":350,"height":200,"srcset":"https:\/\/i0.wp.com\/www.24baires.com\/wp-content\/uploads\/2020\/09\/caba-pba.jpg?resize=350%2C200 1x, https:\/\/i0.wp.com\/www.24baires.com\/wp-content\/uploads\/2020\/09\/caba-pba.jpg?resize=525%2C300 1.5x"},"classes":[]},{"id":46615,"url":"http:\/\/www.24baires.com\/?p=46615","url_meta":{"origin":61125,"position":4},"title":"Piden seguridad, Scioli responde con polic\u00edas","author":"Grupo Sierra","date":"23\/05\/2014","format":false,"excerpt":"El gobernador bonaerense, Daniel Scioli, afirm\u00f3 que en la provincia habr\u00e1 \"10 mil nuevos polic\u00edas antes de fin de a\u00f1o\". Ante los constantes reclamos por seguridad en municipios bonaerenses, el mandatario provincial destac\u00f3 la reincorporaci\u00f3n de 209 polic\u00edas retirados que fueron convocados ante el planteo de emergencia en Seguridad realizado\u2026","rel":"","context":"En \u00abProvincia\u00bb","block_context":{"text":"Provincia","link":"http:\/\/www.24baires.com\/?cat=40"},"img":{"alt_text":"scioli","src":"https:\/\/i0.wp.com\/www.24baires.com\/wp-content\/uploads\/2014\/03\/scioli1.jpg?resize=350%2C200","width":350,"height":200,"srcset":"https:\/\/i0.wp.com\/www.24baires.com\/wp-content\/uploads\/2014\/03\/scioli1.jpg?resize=350%2C200 1x, https:\/\/i0.wp.com\/www.24baires.com\/wp-content\/uploads\/2014\/03\/scioli1.jpg?resize=525%2C300 1.5x"},"classes":[]},{"id":101933,"url":"http:\/\/www.24baires.com\/?p=101933","url_meta":{"origin":61125,"position":5},"title":"Intendentes piden a Vidal herramientas para combatir el delito","author":"GB","date":"03\/05\/2018","format":false,"excerpt":"Piden el traspaso de la polic\u00eda local, la incorporaci\u00f3n de recursos y la vuelta de gendarmer\u00eda a las tareas de prevenci\u00f3n en las calles. \u201cNo estamos para criticar, queremos sentarnos, charlar y tener una estrategia com\u00fan\u201d, aclararon. Una decena de intendentes del peronismo, encabezados por Mart\u00edn Insaurralde, de Lomas, y\u2026","rel":"","context":"En \u00abProvincia\u00bb","block_context":{"text":"Provincia","link":"http:\/\/www.24baires.com\/?cat=40"},"img":{"alt_text":"","src":"https:\/\/i0.wp.com\/www.24baires.com\/wp-content\/uploads\/2018\/05\/intendentes-bonaerenses.jpg?resize=350%2C200","width":350,"height":200,"srcset":"https:\/\/i0.wp.com\/www.24baires.com\/wp-content\/uploads\/2018\/05\/intendentes-bonaerenses.jpg?resize=350%2C200 1x, https:\/\/i0.wp.com\/www.24baires.com\/wp-content\/uploads\/2018\/05\/intendentes-bonaerenses.jpg?resize=525%2C300 1.5x"},"classes":[]}],"jetpack_sharing_enabled":true,"jetpack_likes_enabled":true,"jetpack_featured_media_url":"","_links":{"self":[{"href":"http:\/\/www.24baires.com\/index.php?rest_route=\/wp\/v2\/posts\/61125","targetHints":{"allow":["GET"]}}],"collection":[{"href":"http:\/\/www.24baires.com\/index.php?rest_route=\/wp\/v2\/posts"}],"about":[{"href":"http:\/\/www.24baires.com\/index.php?rest_route=\/wp\/v2\/types\/post"}],"author":[{"embeddable":true,"href":"http:\/\/www.24baires.com\/index.php?rest_route=\/wp\/v2\/users\/8"}],"replies":[{"embeddable":true,"href":"http:\/\/www.24baires.com\/index.php?rest_route=%2Fwp%2Fv2%2Fcomments&post=61125"}],"version-history":[{"count":1,"href":"http:\/\/www.24baires.com\/index.php?rest_route=\/wp\/v2\/posts\/61125\/revisions"}],"predecessor-version":[{"id":61126,"href":"http:\/\/www.24baires.com\/index.php?rest_route=\/wp\/v2\/posts\/61125\/revisions\/61126"}],"wp:attachment":[{"href":"http:\/\/www.24baires.com\/index.php?rest_route=%2Fwp%2Fv2%2Fmedia&parent=61125"}],"wp:term":[{"taxonomy":"category","embeddable":true,"href":"http:\/\/www.24baires.com\/index.php?rest_route=%2Fwp%2Fv2%2Fcategories&post=61125"},{"taxonomy":"post_tag","embeddable":true,"href":"http:\/\/www.24baires.com\/index.php?rest_route=%2Fwp%2Fv2%2Ftags&post=61125"}],"curies":[{"name":"wp","href":"https:\/\/api.w.org\/{rel}","templated":true}]}}