{"id":61120,"date":"2015-02-02T14:00:04","date_gmt":"2015-02-02T17:00:04","guid":{"rendered":"http:\/\/www.24baires.com\/?p=61120"},"modified":"2015-02-02T13:19:46","modified_gmt":"2015-02-02T16:19:46","slug":"stiusso-es-un-personaje-siniestro-que-intento-perjudicar-al-gobierno","status":"publish","type":"post","link":"http:\/\/www.24baires.com\/?p=61120","title":{"rendered":"\u201cStiusso es un personaje siniestro que intent\u00f3 perjudicar al Gobierno\u201d"},"content":{"rendered":"<p><img data-recalc-dims=\"1\" loading=\"lazy\" decoding=\"async\" class=\"alignleft size-full wp-image-13867\" src=\"https:\/\/i0.wp.com\/www.24baires.com\/wp-content\/uploads\/2013\/01\/an%C3%ADbal-fern%C3%A1ndez.jpg?resize=299%2C211\" alt=\"an\u00edbal fern\u00e1ndez\" width=\"299\" height=\"211\" \/>El secretario General de la Presidencia, An\u00edbal Fern\u00e1ndez, asegur\u00f3 hoy que el ex Jefe de Operaciones de la SIDE, Antonio Stiusso, \u00abes un personaje siniestro, que lo que ha intentado por todos los medios fue poner palos en la rueda al Gobierno\u00bb<!--more--><\/p>\n<p>A su vez que consider\u00f3 como una \u00abmentira atroz\u00bb diversas publicaciones period\u00edsticas aparecidas en el fin de semana.<\/p>\n<p>\u00abJaime Stiusso, Antonio o como se llame, es un personaje siniestro, que lo que ha intentado por todos los medios es perjudicar y poner palos en la rueda al Gobierno\u00bb, afirm\u00f3 Fern\u00e1ndez.<\/p>\n<p>En rueda de prensa en la Casa de Gobierno, el Secretario General de la Presidencia sostuvo que \u00abhoy la realidad es que ese supuesto servicio de inteligencia que se llama Ram\u00f3n Alan Bogado hab\u00eda sido denunciado en el 2013 por Stiusso, hubo una denuncia penal, por venta de influencias, no era servicio de inteligencia y se hac\u00eda pasar como tal\u00bb.<\/p>\n<p>\u00abCon lo cual -a\u00f1adi\u00f3 Fern\u00e1ndez- en cualquiera de las condiciones siempre es Stiusso el que miente, o porque es \u00e9l el que estaba presionando al fiscal (Nisman) o porque siendo un subalterno no lo corrigi\u00f3 o porque le ofreci\u00f3 esta mentira al fiscal Nisman de la existencia de esta situaci\u00f3n y nunca le dijo que no eran servicios de inteligencia\u00bb.<\/p>\n<p>En esa l\u00ednea, An\u00edbal Fern\u00e1ndez record\u00f3 que \u00abcuando el doctor Lijo pide por escrito a la Secretar\u00eda de Inteligencia (ex SIDE), en el mismo d\u00eda el Gobierno a trav\u00e9s del doctor (Oscar) Parrilli le contesta que no existe esa relaci\u00f3n de trabajo, ni existi\u00f3 ni existe ni como personal temporario ni de planta permanente de la (ex) Secretar\u00eda de Inteligencia\u00bb.<\/p>\n<p>\u00abCon qu\u00e9 nos encontramos en el d\u00eda de ayer: con que esa presentaci\u00f3n de 290 hojas del fiscal Nisman aparecen testeadas y ese testeado se le atribuye a que se encontr\u00f3 en la casa del doctor Nisman otro proyecto, con lo cual ten\u00eda dos proyectos de denuncia en el cual involucraba a la presidenta de la Naci\u00f3n pidiendo su desafuero y su detenci\u00f3n\u00bb, asegur\u00f3.<\/p>\n<p>Y agreg\u00f3: \u00abTodo esto es una mentira atroz. Entonces c\u00f3mo se puede mantener? C\u00f3mo se puede sostener?\u00bb y pidi\u00f3 \u00absalvar la figura del doctor Nisman, -con quien he tenido una excelente relaci\u00f3n personal-. Si la denuncia la hizo el 29 de diciembre y lleg\u00f3 al 14 el d\u00eda que la present\u00f3 y el 18 el d\u00eda que muri\u00f3, \u00bfse estuvo 20 d\u00edas sin limpiar el departamento? . Si quieren ser ben\u00e9volos, la tuvo el d\u00eda 14 y aparece muerto el d\u00eda 18, \u00bfcuatro d\u00edas sin limpiar el departamento?. Eso es un desprop\u00f3sito\u00bb.<\/p>\n<p>Tras considerar de \u00abuna brutalidad jur\u00eddica\u00bb algunas informaciones, An\u00edbal Fern\u00e1ndez sostuvo que \u00abla primera es que la Presidenta no tiene fueros y la segunda es que la ley 25.320 la ley de Fueros espec\u00edficamente dice que ninguno de aquellos funcionarios electos que son pasibles de juicio pol\u00edtico puede ser detenido. Con lo cual ni siquiera se apreci\u00f3 esa situaci\u00f3n\u00bb, remarc\u00f3.<\/p>\n<p>En ese marc\u00f3, el secretario General de la Presidencia insisti\u00f3 en que \u00aben esta causa hay muchas mentiras. Est\u00e1 llena de mentiras. Dig\u00e1mosle estas cosas a la sociedad, dig\u00e1mosle todo a la gente y en especial estas cosas que han aparecido porque esta es una maniobra de Stiusso: esto es pensado y diagramado y sostenido por Stiusso. Y lo que le est\u00e1n haciendo (con las publicaciones en algunos matutinos) son favores a Stiusso\u00bb.<\/p>\n<p>\u00abFlaco favor le est\u00e1n haciendo a la Rep\u00fablica Argentina con este tipo de situaciones. Lo que hacen es que le est\u00e1n cumpliendo a Stiusso lo que \u00e9l necesita para hacer m\u00e1s barullo para hacer una causa mugrienta, respecto de una denuncia que no tiene ni pies ni cabeza y que adem\u00e1s prestigiosos juristas como (Le\u00f3n) Arslani\u00e1n, como (Eugenio) Zafaroni, como Julio Mahier, -que nadie puede dudar de la objetividad que tienen en t\u00e9rminos del derecho-, han dicho que aunque todo lo que dice la denuncia del doctor (Alberto) Nisman se pudiera probar, no hay un solo delito en este escrito\u00bb, concluy\u00f3.<\/p>\n<p>&nbsp;<\/p>\n<p>&nbsp;<\/p>\n<p>&nbsp;<\/p>\n<p>&nbsp;<\/p>\n<p>&nbsp;<\/p>\n<p>&nbsp;<\/p>\n<p>&nbsp;<\/p>\n<p>&nbsp;<\/p>\n<p>&nbsp;<\/p>\n<p>&nbsp;<\/p>\n<p>&nbsp;<\/p>\n","protected":false},"excerpt":{"rendered":"<p>El secretario General de la Presidencia, An\u00edbal Fern\u00e1ndez, asegur\u00f3 hoy que el ex Jefe de Operaciones de la SIDE, Antonio Stiusso, \u00abes un personaje siniestro, que lo que ha intentado por todos los medios fue poner palos en la rueda al Gobierno\u00bb<\/p>\n","protected":false},"author":8,"featured_media":0,"comment_status":"open","ping_status":"open","sticky":false,"template":"","format":"standard","meta":{"_jetpack_newsletter_access":"","_jetpack_dont_email_post_to_subs":false,"_jetpack_newsletter_tier_id":0,"_jetpack_memberships_contains_paywalled_content":false,"_jetpack_memberships_contains_paid_content":false,"footnotes":""},"categories":[51],"tags":[],"class_list":["post-61120","post","type-post","status-publish","format-standard","hentry","category-politica"],"jetpack_shortlink":"https:\/\/wp.me\/p2JWE0-fTO","jetpack-related-posts":[{"id":61301,"url":"http:\/\/www.24baires.com\/?p=61301","url_meta":{"origin":61120,"position":0},"title":"Relevan a Stiusso de guardar datos sobre sus actividades","author":"GB","date":"05\/02\/2015","format":false,"excerpt":"El director de la SI ratific\u00f3 que el agente \"ya no forma parte del organismo\" y declar\u00f3 que se lo relev\u00f3 de la obligaci\u00f3n de guardar secreto sobre sus actividades desde 1972 hasta el 5 de enero de 2015. El director de la Secretar\u00eda de Inteligencia, Oscar Parrilli, declar\u00f3 que\u2026","rel":"","context":"En \u00abPol\u00edtica\u00bb","block_context":{"text":"Pol\u00edtica","link":"http:\/\/www.24baires.com\/?cat=51"},"img":{"alt_text":"parrilli","src":"https:\/\/i0.wp.com\/www.24baires.com\/wp-content\/uploads\/2013\/08\/parrilli.jpg?resize=350%2C200","width":350,"height":200,"srcset":"https:\/\/i0.wp.com\/www.24baires.com\/wp-content\/uploads\/2013\/08\/parrilli.jpg?resize=350%2C200 1x, https:\/\/i0.wp.com\/www.24baires.com\/wp-content\/uploads\/2013\/08\/parrilli.jpg?resize=525%2C300 1.5x"},"classes":[]},{"id":47932,"url":"http:\/\/www.24baires.com\/?p=47932","url_meta":{"origin":61120,"position":1},"title":"Ishii dispar\u00f3 contra todos y denunci\u00f3 \u00abaprietes\u00bb por la Polic\u00eda Local","author":"Grupo Sierra","date":"12\/06\/2014","format":false,"excerpt":"En medio de la puja por el debate del proyecto de Alejandro Granados, el senador apunt\u00f3 a distintos sectores y declar\u00f3: \"Si me pasa algo, los responsables son Jaime Stiusso y Javier Fern\u00e1ndez\". El senador provincial Mario Ishii se sum\u00f3 a la versi\u00f3n dada por el massismo y denunci\u00f3 que\u2026","rel":"","context":"En \u00abPol\u00edtica\u00bb","block_context":{"text":"Pol\u00edtica","link":"http:\/\/www.24baires.com\/?cat=51"},"img":{"alt_text":"ishii-scioli","src":"https:\/\/i0.wp.com\/www.24baires.com\/wp-content\/uploads\/2014\/01\/ishii-scioli.jpg?resize=350%2C200","width":350,"height":200,"srcset":"https:\/\/i0.wp.com\/www.24baires.com\/wp-content\/uploads\/2014\/01\/ishii-scioli.jpg?resize=350%2C200 1x, https:\/\/i0.wp.com\/www.24baires.com\/wp-content\/uploads\/2014\/01\/ishii-scioli.jpg?resize=525%2C300 1.5x"},"classes":[]},{"id":61132,"url":"http:\/\/www.24baires.com\/?p=61132","url_meta":{"origin":61120,"position":2},"title":"Fernando \u00abPino\u00bb Solanas asegur\u00f3 que Carri\u00f3 \u00abten\u00eda buena relaci\u00f3n\u00bb con Stiusso","author":"GB","date":"02\/02\/2015","format":false,"excerpt":"El cineasta y senador de UNEN no dud\u00f3 en sacar \"los trapitos al sol\" luego de dar por terminado su relaci\u00f3n pol\u00edtica con Elisa Carri\u00f3. \"Ten\u00eda buena relaci\u00f3n con el esp\u00eda\" asegur\u00f3 Fernando \"Pino\" Solanas para referirse a Elisa Carri\u00f3 y Jaime Stiuso, exesp\u00eda de la exSIDE. \"Jaime Stiusso ten\u00eda\u2026","rel":"","context":"En \u00abPol\u00edtica\u00bb","block_context":{"text":"Pol\u00edtica","link":"http:\/\/www.24baires.com\/?cat=51"},"img":{"alt_text":"carri\u00f3","src":"https:\/\/i0.wp.com\/www.24baires.com\/wp-content\/uploads\/2013\/12\/carri%C3%B3.jpg?resize=350%2C200","width":350,"height":200,"srcset":"https:\/\/i0.wp.com\/www.24baires.com\/wp-content\/uploads\/2013\/12\/carri%C3%B3.jpg?resize=350%2C200 1x, https:\/\/i0.wp.com\/www.24baires.com\/wp-content\/uploads\/2013\/12\/carri%C3%B3.jpg?resize=525%2C300 1.5x"},"classes":[]},{"id":62159,"url":"http:\/\/www.24baires.com\/?p=62159","url_meta":{"origin":61120,"position":3},"title":"Stiusso suma una nueva denuncia","author":"Grupo Sierra","date":"23\/02\/2015","format":false,"excerpt":"Fue presentada en el juzgado federal a cargo de Sebasti\u00e1n Casanello quien ya tiene en tr\u00e1mite una segunda por supuesto enriquecimiento il\u00edcito, lavado de activos y tr\u00e1fico de influencias. La Procuradur\u00eda General de Criminalidad Econ\u00f3mica y Lavado de Activos (Procelac) a cargo del fiscal Carlos Gonella denunci\u00f3 al exagente de\u2026","rel":"","context":"En \u00abJUDICIALES\u00bb","block_context":{"text":"JUDICIALES","link":"http:\/\/www.24baires.com\/?cat=68"},"img":{"alt_text":"stiusso","src":"https:\/\/i0.wp.com\/www.24baires.com\/wp-content\/uploads\/2015\/02\/stiusso.jpg?resize=350%2C200","width":350,"height":200,"srcset":"https:\/\/i0.wp.com\/www.24baires.com\/wp-content\/uploads\/2015\/02\/stiusso.jpg?resize=350%2C200 1x, https:\/\/i0.wp.com\/www.24baires.com\/wp-content\/uploads\/2015\/02\/stiusso.jpg?resize=525%2C300 1.5x"},"classes":[]},{"id":61919,"url":"http:\/\/www.24baires.com\/?p=61919","url_meta":{"origin":61120,"position":4},"title":"Stiusso ya declar\u00f3","author":"Grupo Sierra","date":"18\/02\/2015","format":false,"excerpt":"La fiscal Viviana Fein, a cargo de la investigaci\u00f3n por la muerte de Alberto Nisman, inform\u00f3 hoy que \"ya se recibi\u00f3 la declaraci\u00f3n testimonial del ingeniero Alberto Stiusso\" y que dicho acto fue debidamente notificado a las partes pero que no se difundir\u00e1 su contenido. En un nuevo comunicado sobre\u2026","rel":"","context":"En \u00abJUDICIALES\u00bb","block_context":{"text":"JUDICIALES","link":"http:\/\/www.24baires.com\/?cat=68"},"img":{"alt_text":"","src":"https:\/\/i0.wp.com\/www.24baires.com\/wp-content\/uploads\/2015\/02\/stiusso.jpg?resize=350%2C200","width":350,"height":200,"srcset":"https:\/\/i0.wp.com\/www.24baires.com\/wp-content\/uploads\/2015\/02\/stiusso.jpg?resize=350%2C200 1x, https:\/\/i0.wp.com\/www.24baires.com\/wp-content\/uploads\/2015\/02\/stiusso.jpg?resize=525%2C300 1.5x"},"classes":[]},{"id":62339,"url":"http:\/\/www.24baires.com\/?p=62339","url_meta":{"origin":61120,"position":5},"title":"Impulsar\u00e1n la denuncia contra Stiusso","author":"Grupo Sierra","date":"26\/02\/2015","format":false,"excerpt":"La fiscal en lo Penal Econ\u00f3mico 6, Gabriela Ruiz Morales, impuls\u00f3 la investigaci\u00f3n contra el exdirector de Operaciones de la SIDE, a ra\u00edz de la denuncia realizada por el Poder Ejecutivo. En un dictamen entregado al juez del fuero Rafael Caputo, la fiscal imput\u00f3 adem\u00e1s a los exagentes Nicol\u00e1s Mercado\u2026","rel":"","context":"En \u00abJUDICIALES\u00bb","block_context":{"text":"JUDICIALES","link":"http:\/\/www.24baires.com\/?cat=68"},"img":{"alt_text":"stiusso","src":"https:\/\/i0.wp.com\/www.24baires.com\/wp-content\/uploads\/2015\/02\/stiusso.jpg?resize=350%2C200","width":350,"height":200,"srcset":"https:\/\/i0.wp.com\/www.24baires.com\/wp-content\/uploads\/2015\/02\/stiusso.jpg?resize=350%2C200 1x, https:\/\/i0.wp.com\/www.24baires.com\/wp-content\/uploads\/2015\/02\/stiusso.jpg?resize=525%2C300 1.5x"},"classes":[]}],"jetpack_sharing_enabled":true,"jetpack_likes_enabled":true,"jetpack_featured_media_url":"","_links":{"self":[{"href":"http:\/\/www.24baires.com\/index.php?rest_route=\/wp\/v2\/posts\/61120","targetHints":{"allow":["GET"]}}],"collection":[{"href":"http:\/\/www.24baires.com\/index.php?rest_route=\/wp\/v2\/posts"}],"about":[{"href":"http:\/\/www.24baires.com\/index.php?rest_route=\/wp\/v2\/types\/post"}],"author":[{"embeddable":true,"href":"http:\/\/www.24baires.com\/index.php?rest_route=\/wp\/v2\/users\/8"}],"replies":[{"embeddable":true,"href":"http:\/\/www.24baires.com\/index.php?rest_route=%2Fwp%2Fv2%2Fcomments&post=61120"}],"version-history":[{"count":1,"href":"http:\/\/www.24baires.com\/index.php?rest_route=\/wp\/v2\/posts\/61120\/revisions"}],"predecessor-version":[{"id":61121,"href":"http:\/\/www.24baires.com\/index.php?rest_route=\/wp\/v2\/posts\/61120\/revisions\/61121"}],"wp:attachment":[{"href":"http:\/\/www.24baires.com\/index.php?rest_route=%2Fwp%2Fv2%2Fmedia&parent=61120"}],"wp:term":[{"taxonomy":"category","embeddable":true,"href":"http:\/\/www.24baires.com\/index.php?rest_route=%2Fwp%2Fv2%2Fcategories&post=61120"},{"taxonomy":"post_tag","embeddable":true,"href":"http:\/\/www.24baires.com\/index.php?rest_route=%2Fwp%2Fv2%2Ftags&post=61120"}],"curies":[{"name":"wp","href":"https:\/\/api.w.org\/{rel}","templated":true}]}}