{"id":61101,"date":"2015-02-01T20:15:40","date_gmt":"2015-02-01T23:15:40","guid":{"rendered":"http:\/\/www.24baires.com\/?p=61101"},"modified":"2015-02-01T20:15:40","modified_gmt":"2015-02-01T23:15:40","slug":"lijo-y-la-fiscalia-desmintieron-la-version-de-clarin","status":"publish","type":"post","link":"http:\/\/www.24baires.com\/?p=61101","title":{"rendered":"Lijo y la fiscal\u00eda desmintieron la versi\u00f3n de Clar\u00edn"},"content":{"rendered":"<p><img data-recalc-dims=\"1\" loading=\"lazy\" decoding=\"async\" class=\"aligncenter size-full wp-image-60331\" src=\"https:\/\/i0.wp.com\/www.24baires.com\/wp-content\/uploads\/2015\/01\/ariel-lijo.jpg?resize=560%2C372\" alt=\"ariel lijo\" width=\"560\" height=\"372\" srcset=\"https:\/\/i0.wp.com\/www.24baires.com\/wp-content\/uploads\/2015\/01\/ariel-lijo.jpg?w=560 560w, https:\/\/i0.wp.com\/www.24baires.com\/wp-content\/uploads\/2015\/01\/ariel-lijo.jpg?resize=300%2C199 300w\" sizes=\"auto, (max-width: 560px) 100vw, 560px\" \/>El Juzgado Nacional a cargo del juez federal Ariel Lijo ratific\u00f3 esta tarde que recibi\u00f3 la denuncia del fiscal Alberto Nisman sin tachaduras, desmintiendo el art\u00edculo publicado hoy por el diario Clar\u00edn donde se se\u00f1alaba que el funcionario judicial habr\u00eda enmendado parte del texto y en el que se especulaba sobre otra copia de la denuncia hallada supuestamente en la basura de su casa en la que, seg\u00fan el matutino, pedir\u00eda el desafuero y la detenci\u00f3n de Cristina Fern\u00e1ndez de Kirchner.<!--more--><\/p>\n<p>Al mismo tiempo, fuentes cercanas a la fiscal\u00eda que investiga las causas del deceso de Nisman aseguraron a T\u00e9lam no tener constancia de que el expediente cuente con una hoja desechada por el fiscal en la que se soliciten desafueros.<\/p>\n<p>El diario Clar\u00edn sostuvo que en un tacho de basura del departamento de Nisman fue encontrado un escrito en el que el fiscal pensaba pedir la detenci\u00f3n de la mandataria, y que hab\u00eda sido incorporado a la causa.<\/p>\n<p>Las fuentes se\u00f1alaron que \u00abno consta\u00bb que esa hoja haya sido incorporada al expediente y que \u00abla informaci\u00f3n est\u00e1 tachada por el juzgado porque se hace por protocolo para no adelantarle a los investigados las medidas que se van a realizar\u00bb.<\/p>\n<p>El Juzgado Nacional en lo Criminal y Correccional Federal N\u00b0 4 a cargo del juez Ariel Lijo emiti\u00f3 esta tarde un comunicado en donde aclara que la denuncia que realiz\u00f3 el fallecido Alberto Nisman fue recibida \u00absin testado alguno\u00bb y que \u00abfue la decisi\u00f3n de este juzgado suprimir el texto\u00bb como \u00abmedida de preservaci\u00f3n de lo solicitado\u00bb.<\/p>\n<p>El comunicado difundido a trav\u00e9s del Centro de Informaci\u00f3n Judicial (CIJ) desmiente lo publicado hoy en el diario Clar\u00edn, donde se especula que el fiscal general de la causa AMIA habr\u00eda borrado el fragmento del texto en una p\u00e1gina de la causa.<\/p>\n<p>El texto sostiene que fue \u00abdecisi\u00f3n de este juzgado suprimir (tachar) del texto oportunamente difundido a trav\u00e9s del Centro de Informaci\u00f3n Judicial (CIJ) la diligencia de prueba requerida en esa denuncia por el fiscal Alberto Nisman como medida de preservaci\u00f3n de lo all\u00ed solicitado\u00bb.<\/p>\n<p>\u00abSe trata s\u00f3lo de supresi\u00f3n de medidas de prueba y no de ninguna otra petici\u00f3n sustancial respecto de los presuntos imputados. Esa versi\u00f3n fue publicada por el CIJ sin modificaci\u00f3n alguna\u00bb, aclara el breve texto.<\/p>\n<p>De hecho, en la p\u00e1gina 287 de la denuncia publicada desde hace dos semanas en la p\u00e1gina web del CIJ, aparecen los \u00ab24 renglones ilegibles\u00bb -tal como sostiene Clar\u00edn-, a partir de los cuales el diario edifica la teor\u00eda de una copia ap\u00f3crifa encontrada en el cesto de la basura de la casa de Nisman, y en donde supuestamente se pedir\u00eda la detenci\u00f3n de la Presidenta.<\/p>\n<p>&nbsp;<\/p>\n<p>&nbsp;<\/p>\n<p>&nbsp;<\/p>\n<p>&nbsp;<\/p>\n<p>&nbsp;<\/p>\n<p>&nbsp;<\/p>\n<p>&nbsp;<\/p>\n<p>&nbsp;<\/p>\n<p>&nbsp;<\/p>\n<p>&nbsp;<\/p>\n<p>&nbsp;<\/p>\n<p>&nbsp;<\/p>\n","protected":false},"excerpt":{"rendered":"<p>El Juzgado Nacional a cargo del juez federal Ariel Lijo ratific\u00f3 esta tarde que recibi\u00f3 la denuncia del fiscal Alberto Nisman sin tachaduras, desmintiendo el art\u00edculo publicado hoy por el diario Clar\u00edn donde se se\u00f1alaba que el funcionario judicial habr\u00eda enmendado parte del texto y en el que se especulaba sobre otra copia de la denuncia hallada supuestamente en la [&#8230;]<\/p>\n","protected":false},"author":8,"featured_media":0,"comment_status":"open","ping_status":"open","sticky":false,"template":"","format":"standard","meta":{"_jetpack_newsletter_access":"","_jetpack_dont_email_post_to_subs":false,"_jetpack_newsletter_tier_id":0,"_jetpack_memberships_contains_paywalled_content":false,"_jetpack_memberships_contains_paid_content":false,"footnotes":""},"categories":[51],"tags":[],"class_list":["post-61101","post","type-post","status-publish","format-standard","hentry","category-politica"],"jetpack_shortlink":"https:\/\/wp.me\/p2JWE0-fTv","jetpack-related-posts":[{"id":102494,"url":"http:\/\/www.24baires.com\/?p=102494","url_meta":{"origin":61101,"position":0},"title":"La C\u00e1mara \u00abreflot\u00f3\u00bb la causa Nisman y asegura que se trat\u00f3 de un crimen","author":"AF","date":"01\/06\/2018","format":false,"excerpt":"Confirm\u00f3 que el ex juez Alberto Nisman fue asesinado. Agregaron que el motivo fue su denuncia contra Cristina Kirchner. Adem\u00e1s dejaron firme el procesamiento de Diego Lagomarsino. La C\u00e1mara Federal hizo su aparici\u00f3n en medio de la debacle econ\u00f3mica que enfrenta el gobierno de Mauricio Macri. Entre masivas manifestaciones en\u2026","rel":"","context":"En \u00abJUDICIALES\u00bb","block_context":{"text":"JUDICIALES","link":"http:\/\/www.24baires.com\/?cat=68"},"img":{"alt_text":"","src":"https:\/\/i0.wp.com\/www.24baires.com\/wp-content\/uploads\/2015\/07\/nisman.jpg?resize=350%2C200","width":350,"height":200,"srcset":"https:\/\/i0.wp.com\/www.24baires.com\/wp-content\/uploads\/2015\/07\/nisman.jpg?resize=350%2C200 1x, https:\/\/i0.wp.com\/www.24baires.com\/wp-content\/uploads\/2015\/07\/nisman.jpg?resize=525%2C300 1.5x"},"classes":[]},{"id":61387,"url":"http:\/\/www.24baires.com\/?p=61387","url_meta":{"origin":61101,"position":1},"title":"An\u00edbal destac\u00f3 que hayan citado a declarar al ex agente de Inteligencia","author":"GB","date":"07\/02\/2015","format":false,"excerpt":"El secretario general de la Presidencia, An\u00edbal Fern\u00e1ndez, apunt\u00f3 contra \u00e9l en Radio 10 al considerarlo el autor de la \"bochornosa denuncia\" por encubrimiento que present\u00f3 el fallecido fiscal Alberto Nisman. El secretario general de la Presidencia, An\u00edbal Fern\u00e1ndez, sostuvo este s\u00e1bado que el ex agente de Inteligencia Antonio \"Jaime\"\u2026","rel":"","context":"En \u00abPol\u00edtica\u00bb","block_context":{"text":"Pol\u00edtica","link":"http:\/\/www.24baires.com\/?cat=51"},"img":{"alt_text":"anibal","src":"https:\/\/i0.wp.com\/www.24baires.com\/wp-content\/uploads\/2015\/01\/anibal.jpg?resize=350%2C200","width":350,"height":200,"srcset":"https:\/\/i0.wp.com\/www.24baires.com\/wp-content\/uploads\/2015\/01\/anibal.jpg?resize=350%2C200 1x, https:\/\/i0.wp.com\/www.24baires.com\/wp-content\/uploads\/2015\/01\/anibal.jpg?resize=525%2C300 1.5x"},"classes":[]},{"id":60330,"url":"http:\/\/www.24baires.com\/?p=60330","url_meta":{"origin":61101,"position":2},"title":"Tras la muerte de Nisman, habilitan la feria judicial para tratar la denuncia del fiscal","author":"GB","date":"19\/01\/2015","format":false,"excerpt":"El juez Federal Ariel Lijo tom\u00f3 la decisi\u00f3n de habilitar la feria para tomar la denuncia del fiscal Nisman. Por su parte, la Procuraci\u00f3n General de la Naci\u00f3n, a cargo de Alejandra Gils Carb\u00f3, nombr\u00f3 al fiscal Alberto Adri\u00e1n Gentili como subrogante al frente de la unidad especial del caso\u2026","rel":"","context":"En \u00abPol\u00edtica\u00bb","block_context":{"text":"Pol\u00edtica","link":"http:\/\/www.24baires.com\/?cat=51"},"img":{"alt_text":"","src":"https:\/\/i0.wp.com\/www.24baires.com\/wp-content\/uploads\/2015\/01\/ariel-lijo.jpg?resize=350%2C200","width":350,"height":200,"srcset":"https:\/\/i0.wp.com\/www.24baires.com\/wp-content\/uploads\/2015\/01\/ariel-lijo.jpg?resize=350%2C200 1x, https:\/\/i0.wp.com\/www.24baires.com\/wp-content\/uploads\/2015\/01\/ariel-lijo.jpg?resize=525%2C300 1.5x"},"classes":[]},{"id":61163,"url":"http:\/\/www.24baires.com\/?p=61163","url_meta":{"origin":61101,"position":3},"title":"Capitanich tild\u00f3 de \u00aboperaciones de prensa de grupos de inteligencia\u00bb a las notas de Clar\u00edn","author":"AF","date":"03\/02\/2015","format":false,"excerpt":"El jefe de Gabinete, Jorge Capitanich, volvi\u00f3 hoy a desacreditar las \u00faltimas publicaciones del diario sobre la denuncia del fallecido fiscal de la causa AMIA, Alberto Nisman. El jefe de Gabinete, Jorge Capitanich, volvi\u00f3 hoy a desacreditar las \u00faltimas notas del diario Clar\u00edn sobre la denuncia del fallecido fiscal de\u2026","rel":"","context":"En \u00abJUDICIALES\u00bb","block_context":{"text":"JUDICIALES","link":"http:\/\/www.24baires.com\/?cat=68"},"img":{"alt_text":"capitanich","src":"https:\/\/i0.wp.com\/www.24baires.com\/wp-content\/uploads\/2014\/04\/capitanich.jpg?resize=350%2C200","width":350,"height":200,"srcset":"https:\/\/i0.wp.com\/www.24baires.com\/wp-content\/uploads\/2014\/04\/capitanich.jpg?resize=350%2C200 1x, https:\/\/i0.wp.com\/www.24baires.com\/wp-content\/uploads\/2014\/04\/capitanich.jpg?resize=525%2C300 1.5x"},"classes":[]},{"id":117875,"url":"http:\/\/www.24baires.com\/?p=117875","url_meta":{"origin":61101,"position":4},"title":"Cristina consider\u00f3 \u00abdisparate judicial, institucional y pol\u00edtico\u00bb a la causa del memor\u00e1ndum","author":"AF","date":"16\/07\/2021","format":false,"excerpt":"La vicepresidenta expuso durante la audiencia p\u00fablica, que fue escuchada por m\u00e1s de 20 mil personas a trav\u00e9s de YouTube. \"Se hicieron maniobras persecutorias para perjudicarnos a m\u00ed y mi familia\", asegur\u00f3. El Tribunal Oral Federal 8 debe resolver si declara o no la nulidad del proceso. La vicepresidenta Cristina\u2026","rel":"","context":"En \u00abJUDICIALES\u00bb","block_context":{"text":"JUDICIALES","link":"http:\/\/www.24baires.com\/?cat=68"},"img":{"alt_text":"","src":"https:\/\/i0.wp.com\/www.24baires.com\/wp-content\/uploads\/2021\/07\/cfk.jpg?resize=350%2C200","width":350,"height":200,"srcset":"https:\/\/i0.wp.com\/www.24baires.com\/wp-content\/uploads\/2021\/07\/cfk.jpg?resize=350%2C200 1x, https:\/\/i0.wp.com\/www.24baires.com\/wp-content\/uploads\/2021\/07\/cfk.jpg?resize=525%2C300 1.5x"},"classes":[]},{"id":60146,"url":"http:\/\/www.24baires.com\/?p=60146","url_meta":{"origin":61101,"position":5},"title":"Caso Nisman: Clar\u00edn tambi\u00e9n borra notas","author":"GB","date":"15\/01\/2015","format":false,"excerpt":"En su versi\u00f3n digital, el multimedio hab\u00eda asegurado que el juez de la causa AMIA hab\u00eda autorizado las escuchas telef\u00f3nicas, pero tras la desmentida del magistrado, elimin\u00f3 la informaci\u00f3n de su portal. El diario Clar\u00edn elimin\u00f3 de su portal una nota en la que sosten\u00eda que el juez de la\u2026","rel":"","context":"En \u00abMedios\u00bb","block_context":{"text":"Medios","link":"http:\/\/www.24baires.com\/?cat=54"},"img":{"alt_text":"","src":"https:\/\/i0.wp.com\/www.24baires.com\/wp-content\/uploads\/2015\/01\/clarin-error.jpg?resize=350%2C200","width":350,"height":200,"srcset":"https:\/\/i0.wp.com\/www.24baires.com\/wp-content\/uploads\/2015\/01\/clarin-error.jpg?resize=350%2C200 1x, https:\/\/i0.wp.com\/www.24baires.com\/wp-content\/uploads\/2015\/01\/clarin-error.jpg?resize=525%2C300 1.5x"},"classes":[]}],"jetpack_sharing_enabled":true,"jetpack_likes_enabled":true,"jetpack_featured_media_url":"","_links":{"self":[{"href":"http:\/\/www.24baires.com\/index.php?rest_route=\/wp\/v2\/posts\/61101","targetHints":{"allow":["GET"]}}],"collection":[{"href":"http:\/\/www.24baires.com\/index.php?rest_route=\/wp\/v2\/posts"}],"about":[{"href":"http:\/\/www.24baires.com\/index.php?rest_route=\/wp\/v2\/types\/post"}],"author":[{"embeddable":true,"href":"http:\/\/www.24baires.com\/index.php?rest_route=\/wp\/v2\/users\/8"}],"replies":[{"embeddable":true,"href":"http:\/\/www.24baires.com\/index.php?rest_route=%2Fwp%2Fv2%2Fcomments&post=61101"}],"version-history":[{"count":1,"href":"http:\/\/www.24baires.com\/index.php?rest_route=\/wp\/v2\/posts\/61101\/revisions"}],"predecessor-version":[{"id":61102,"href":"http:\/\/www.24baires.com\/index.php?rest_route=\/wp\/v2\/posts\/61101\/revisions\/61102"}],"wp:attachment":[{"href":"http:\/\/www.24baires.com\/index.php?rest_route=%2Fwp%2Fv2%2Fmedia&parent=61101"}],"wp:term":[{"taxonomy":"category","embeddable":true,"href":"http:\/\/www.24baires.com\/index.php?rest_route=%2Fwp%2Fv2%2Fcategories&post=61101"},{"taxonomy":"post_tag","embeddable":true,"href":"http:\/\/www.24baires.com\/index.php?rest_route=%2Fwp%2Fv2%2Ftags&post=61101"}],"curies":[{"name":"wp","href":"https:\/\/api.w.org\/{rel}","templated":true}]}}