{"id":61079,"date":"2015-02-01T13:00:52","date_gmt":"2015-02-01T16:00:52","guid":{"rendered":"http:\/\/www.24baires.com\/?p=61079"},"modified":"2015-02-01T12:45:08","modified_gmt":"2015-02-01T15:45:08","slug":"fuentes-la-afi-jerarquizara-la-actividad-en-el-marco-de-la-democracia-y-los-ddhh","status":"publish","type":"post","link":"http:\/\/www.24baires.com\/?p=61079","title":{"rendered":"Fuentes: la AFI \u00abjerarquizar\u00e1 la actividad en el marco de la democracia y los DDHH\u00bb"},"content":{"rendered":"<p><img data-recalc-dims=\"1\" loading=\"lazy\" decoding=\"async\" class=\"aligncenter size-full wp-image-61080\" src=\"https:\/\/i0.wp.com\/www.24baires.com\/wp-content\/uploads\/2015\/02\/fuentes-marcelo.jpg?resize=560%2C280\" alt=\"fuentes marcelo\" width=\"560\" height=\"280\" srcset=\"https:\/\/i0.wp.com\/www.24baires.com\/wp-content\/uploads\/2015\/02\/fuentes-marcelo.jpg?w=560 560w, https:\/\/i0.wp.com\/www.24baires.com\/wp-content\/uploads\/2015\/02\/fuentes-marcelo.jpg?resize=300%2C150 300w\" sizes=\"auto, (max-width: 560px) 100vw, 560px\" \/>El senador nacional Marcelo Fuentes se refiri\u00f3 hoy al proyecto de ley presentado ante el Congreso por la presidenta de la Naci\u00f3n que apunta a la disoluci\u00f3n de la Secretar\u00eda de Inteligencia y su reemplazo por una Agencia Federal.<!--more--><\/p>\n<p>Al respecto, Fuentes asegur\u00f3 que la reforma establece \u201cun nuevo marco jur\u00eddico sobre el que se deben desarrollar las actividades de Inteligencia, siempre subordinadas a la Constituci\u00f3n y a los derechos humanos\u201d.<br \/>\nEl senador por el Frente para la Victoria concedi\u00f3 una entrevista a P\u00e1gina\/12, en la que analiz\u00f3 la reforma del organismo nacional de Inteligencia que comenzar\u00e1 a debatirse esta semana en la Comisi\u00f3n parlamentaria de Asuntos Constitucionales, que preside el dirigente neuquino.<\/p>\n<p>\u201cLa reforma establece lo m\u00e1s importante, que es un nuevo marco jur\u00eddico sobre el que se deben desarrollar las actividades de Inteligencia, siempre subordinadas a la Constituci\u00f3n y a los tratados internacionales de derechos humanos\u201d, asegur\u00f3 el parlamentario y llam\u00f3 a la oposici\u00f3n a asumir \u201cun criterio patri\u00f3tico\u201d para resolver \u201cuna cuesti\u00f3n de Estado\u201d, tal como defini\u00f3 al tema.<\/p>\n<p>Con respecto a los criterios de reordenamiento del sistema de Inteligencia nacional, Fuentes resalt\u00f3 \u201cla necesidad de un sistema de Inteligencia en defensa de los intereses de la Naci\u00f3n ante el conglomerado de amenazas existentes\u201d.<\/p>\n<p>Al mismo tiempo, se\u00f1al\u00f3 como otro punto central \u201clos episodios concretos propios de la resistencia de sectores reacios a la democratizaci\u00f3n\u201d.<\/p>\n<p>\u201cEn el caso particular de Inteligencia, hay que estar atento al entrecruzamiento de intereses de otros organismos de Inteligencia internacionales, en torno de sus propias agendas geopol\u00edticas\u201d, lo que, seg\u00fan el legislador, explica la necesidad de tener \u201cuna Inteligencia aut\u00f3noma, propia, no dependiente de centros de poder extranjero\u201d.<\/p>\n<p>Con respecto al impacto nacional de la creaci\u00f3n de la Agencia Federal de Inteligencia, destac\u00f3 que la reforma implicar\u00e1 un trabajo \u201cde criterio federativo\u201d, explic\u00f3, \u201clo que implica mayor nivel de coordinaci\u00f3n con las jurisdicciones distritales, dando un salto de calidad en la cooperaci\u00f3n con las fuerzas de seguridad en la lucha contra el crimen\u201d.<\/p>\n<p>El titular de la Comisi\u00f3n de Asuntos Constitucionales, tambi\u00e9n defendi\u00f3 el traspaso de las funciones de la Direcci\u00f3n de Observaciones Judiciales de la ex Secretar\u00eda de Inteligencia, entre las que se destacan las escuchas telef\u00f3nicas, a la \u00f3rbita del Ministerio P\u00fablico Fiscal y rechaz\u00f3 que esas tareas deban ser desarrolladas por la Corte Suprema de Justicia.<\/p>\n<p>Al respecto, declar\u00f3 que el traspaso \u201ces concordante con la reforma de las normas de procedimiento aprobadas el a\u00f1o pasado, estableciendo un proceso acusatorio en lugar del inquisitorio\u201d y asegur\u00f3 que las cr\u00edticas opositoras contra la Procuradora General, Alejandra Gils Carb\u00f3, \u201cforman parte de la campa\u00f1a electoral\u201d.<\/p>\n","protected":false},"excerpt":{"rendered":"<p>El senador nacional Marcelo Fuentes se refiri\u00f3 hoy al proyecto de ley presentado ante el Congreso por la presidenta de la Naci\u00f3n que apunta a la disoluci\u00f3n de la Secretar\u00eda de Inteligencia y su reemplazo por una Agencia Federal.<\/p>\n","protected":false},"author":4,"featured_media":0,"comment_status":"open","ping_status":"open","sticky":false,"template":"","format":"standard","meta":{"_jetpack_newsletter_access":"","_jetpack_dont_email_post_to_subs":false,"_jetpack_newsletter_tier_id":0,"_jetpack_memberships_contains_paywalled_content":false,"_jetpack_memberships_contains_paid_content":false,"footnotes":""},"categories":[51],"tags":[],"class_list":["post-61079","post","type-post","status-publish","format-standard","hentry","category-politica"],"jetpack_shortlink":"https:\/\/wp.me\/p2JWE0-fT9","jetpack-related-posts":[{"id":61141,"url":"http:\/\/www.24baires.com\/?p=61141","url_meta":{"origin":61079,"position":0},"title":"El Frente para la Victoria apura el debate en el Congreso para reformar Inteligencia","author":"GB","date":"02\/02\/2015","format":false,"excerpt":"El secretario Legal y T\u00e9cnico de la Presidencia, Carlos Zannini; y el secretario y subsecretario de Inteligencia, Oscar Parrilli y Juan Mart\u00edn Mena, respectivamente, ser\u00e1n los encargados de abrir ma\u00f1ana el debate sobre la nueva ley de Inteligencia anunciada por el Gobierno, durante un plenario de comisiones del Senado. El\u2026","rel":"","context":"En \u00abPol\u00edtica\u00bb","block_context":{"text":"Pol\u00edtica","link":"http:\/\/www.24baires.com\/?cat=51"},"img":{"alt_text":"senado nacional","src":"https:\/\/i0.wp.com\/www.24baires.com\/wp-content\/uploads\/2013\/04\/senado-nacional.jpg?resize=350%2C200","width":350,"height":200,"srcset":"https:\/\/i0.wp.com\/www.24baires.com\/wp-content\/uploads\/2013\/04\/senado-nacional.jpg?resize=350%2C200 1x, https:\/\/i0.wp.com\/www.24baires.com\/wp-content\/uploads\/2013\/04\/senado-nacional.jpg?resize=525%2C300 1.5x"},"classes":[]},{"id":121834,"url":"http:\/\/www.24baires.com\/?p=121834","url_meta":{"origin":61079,"position":1},"title":"El Senado aprob\u00f3 el RIGI bonaerense y modific\u00f3 la ley de jubilatoria de los trabajadores del BAPRO","author":"GB","date":"15\/11\/2024","format":false,"excerpt":"El Senado bonaerense aprob\u00f3 dos proyectos clave de Kicillof, con el apoyo de los libertarios dialoguistas: La reforma jubilatoria y el r\u00e9gimen de fomento a inversiones estrat\u00e9gicas. Este martes, el Senado de la Provincia de Buenos Aires aprob\u00f3 en sesi\u00f3n especial dos importantes proyectos impulsados por el gobernador Axel Kicillof:\u2026","rel":"","context":"En \u00abProvincia\u00bb","block_context":{"text":"Provincia","link":"http:\/\/www.24baires.com\/?cat=40"},"img":{"alt_text":"","src":"https:\/\/i0.wp.com\/www.24baires.com\/wp-content\/uploads\/2014\/08\/senado-bonaerense.jpg?resize=350%2C200","width":350,"height":200,"srcset":"https:\/\/i0.wp.com\/www.24baires.com\/wp-content\/uploads\/2014\/08\/senado-bonaerense.jpg?resize=350%2C200 1x, https:\/\/i0.wp.com\/www.24baires.com\/wp-content\/uploads\/2014\/08\/senado-bonaerense.jpg?resize=525%2C300 1.5x, https:\/\/i0.wp.com\/www.24baires.com\/wp-content\/uploads\/2014\/08\/senado-bonaerense.jpg?resize=700%2C400 2x"},"classes":[]},{"id":115787,"url":"http:\/\/www.24baires.com\/?p=115787","url_meta":{"origin":61079,"position":2},"title":"El Presidente present\u00f3 el proyecto de reforma judicial: \u00abSin Justicia independiente no hay Rep\u00fablica\u00bb","author":"AF","date":"29\/07\/2020","format":false,"excerpt":"El presidente Alberto Fern\u00e1ndez detall\u00f3 el proyecto de reforma judicial que enviar\u00e1 al Congreso para \"tener un mejor Estado de derecho\". \"Digamos nunca m\u00e1s a una pol\u00edtica que judicialice las diferencias\". As\u00ed argument\u00f3 el presidente Alberto Fern\u00e1ndez la presentaci\u00f3n del proyecto de ley de reforma judicial, que unificar\u00e1 y duplicar\u00e1\u2026","rel":"","context":"En \u00abSociedad\u00bb","block_context":{"text":"Sociedad","link":"http:\/\/www.24baires.com\/?cat=1"},"img":{"alt_text":"","src":"https:\/\/i0.wp.com\/www.24baires.com\/wp-content\/uploads\/2020\/07\/alberto-f.jpg?resize=350%2C200","width":350,"height":200,"srcset":"https:\/\/i0.wp.com\/www.24baires.com\/wp-content\/uploads\/2020\/07\/alberto-f.jpg?resize=350%2C200 1x, https:\/\/i0.wp.com\/www.24baires.com\/wp-content\/uploads\/2020\/07\/alberto-f.jpg?resize=525%2C300 1.5x"},"classes":[]},{"id":16329,"url":"http:\/\/www.24baires.com\/?p=16329","url_meta":{"origin":61079,"position":3},"title":"El juicio a De la R\u00faa por coimas en el Senado se reanudar\u00e1 el 13 de marzo","author":"AF","date":"21\/02\/2013","format":false,"excerpt":"El juicio oral que investiga el pago de sobornos en el Senado para la aprobaci\u00f3n de la derogada ley de reforma laboral en el gobierno de la Alianza continuar\u00e1 el 13 de marzo pr\u00f3ximo. Hab\u00eda sido ser suspendido por motivos de salud de uno de los jueces. Tambi\u00e9n se encuentran\u2026","rel":"","context":"En \u00abPol\u00edtica\u00bb","block_context":{"text":"Pol\u00edtica","link":"http:\/\/www.24baires.com\/?cat=51"},"img":{"alt_text":"Fernando de la R\u00faa","src":"https:\/\/i0.wp.com\/www.24baires.com\/wp-content\/uploads\/2012\/12\/de-la-r%C3%BAa-253x300.jpg?resize=350%2C200","width":350,"height":200},"classes":[]},{"id":60716,"url":"http:\/\/www.24baires.com\/?p=60716","url_meta":{"origin":61079,"position":4},"title":"Sa\u00edn: \u00abHay que reformar toda la estructura de inteligencia\u00bb","author":"Grupo Sierra","date":"25\/01\/2015","format":false,"excerpt":"El diputado provincial de Nuevo Encuentro y especialista en Seguridad Marcelo Sa\u00edn realiz\u00f3 un amplio diagn\u00f3stico del estado de situaci\u00f3n en el \u00e1rea de Inteligencia y el involucramiento de agentes de la misma en delitos y funciones ajenas a las asignadas por ley, y brind\u00f3 los ejes de una reforma\u2026","rel":"","context":"En \u00abSociedad\u00bb","block_context":{"text":"Sociedad","link":"http:\/\/www.24baires.com\/?cat=1"},"img":{"alt_text":"sain marcelo","src":"https:\/\/i0.wp.com\/www.24baires.com\/wp-content\/uploads\/2013\/02\/sain-marcelo.jpg?resize=350%2C200","width":350,"height":200},"classes":[]},{"id":61201,"url":"http:\/\/www.24baires.com\/?p=61201","url_meta":{"origin":61079,"position":5},"title":"Debate en Congreso: \u00abLa nueva ley es para mejorar y avanzar sobre lo ya construido\u00bb","author":"Grupo Sierra","date":"03\/02\/2015","format":false,"excerpt":"As\u00ed lo expres\u00f3 el secretario Legal y T\u00e9cnico de la Presidencia, quien aclar\u00f3 que el Gobierno lo que busca con la nueva normativa de Inteligencia \"no es destruir todo sino construir algo nuevo sino algo mejor\". \"Sin modificar sustancialmente, estamos achicando y especializando el \u00f3rgano rector de la inteligencia nacional\",\u2026","rel":"","context":"En \u00abLegislativo\u00bb","block_context":{"text":"Legislativo","link":"http:\/\/www.24baires.com\/?cat=75"},"img":{"alt_text":"","src":"https:\/\/i0.wp.com\/www.24baires.com\/wp-content\/uploads\/2015\/02\/zannini-senado.jpg?resize=350%2C200","width":350,"height":200,"srcset":"https:\/\/i0.wp.com\/www.24baires.com\/wp-content\/uploads\/2015\/02\/zannini-senado.jpg?resize=350%2C200 1x, https:\/\/i0.wp.com\/www.24baires.com\/wp-content\/uploads\/2015\/02\/zannini-senado.jpg?resize=525%2C300 1.5x"},"classes":[]}],"jetpack_sharing_enabled":true,"jetpack_likes_enabled":true,"jetpack_featured_media_url":"","_links":{"self":[{"href":"http:\/\/www.24baires.com\/index.php?rest_route=\/wp\/v2\/posts\/61079","targetHints":{"allow":["GET"]}}],"collection":[{"href":"http:\/\/www.24baires.com\/index.php?rest_route=\/wp\/v2\/posts"}],"about":[{"href":"http:\/\/www.24baires.com\/index.php?rest_route=\/wp\/v2\/types\/post"}],"author":[{"embeddable":true,"href":"http:\/\/www.24baires.com\/index.php?rest_route=\/wp\/v2\/users\/4"}],"replies":[{"embeddable":true,"href":"http:\/\/www.24baires.com\/index.php?rest_route=%2Fwp%2Fv2%2Fcomments&post=61079"}],"version-history":[{"count":1,"href":"http:\/\/www.24baires.com\/index.php?rest_route=\/wp\/v2\/posts\/61079\/revisions"}],"predecessor-version":[{"id":61081,"href":"http:\/\/www.24baires.com\/index.php?rest_route=\/wp\/v2\/posts\/61079\/revisions\/61081"}],"wp:attachment":[{"href":"http:\/\/www.24baires.com\/index.php?rest_route=%2Fwp%2Fv2%2Fmedia&parent=61079"}],"wp:term":[{"taxonomy":"category","embeddable":true,"href":"http:\/\/www.24baires.com\/index.php?rest_route=%2Fwp%2Fv2%2Fcategories&post=61079"},{"taxonomy":"post_tag","embeddable":true,"href":"http:\/\/www.24baires.com\/index.php?rest_route=%2Fwp%2Fv2%2Ftags&post=61079"}],"curies":[{"name":"wp","href":"https:\/\/api.w.org\/{rel}","templated":true}]}}