{"id":61077,"date":"2015-02-01T12:00:23","date_gmt":"2015-02-01T15:00:23","guid":{"rendered":"http:\/\/www.24baires.com\/?p=61077"},"modified":"2015-02-02T10:05:10","modified_gmt":"2015-02-02T13:05:10","slug":"la-libertad-de-expresion-es-para-los-40-millones-de-argentinos-incluida-la-presidenta","status":"publish","type":"post","link":"http:\/\/www.24baires.com\/?p=61077","title":{"rendered":"\u00abLa libertad de expresi\u00f3n es para los 40 millones de argentinos, incluida la Presidenta\u00bb"},"content":{"rendered":"<p><img data-recalc-dims=\"1\" loading=\"lazy\" decoding=\"async\" class=\"aligncenter size-full wp-image-54557\" src=\"https:\/\/i0.wp.com\/www.24baires.com\/wp-content\/uploads\/2014\/09\/cristina3.jpg?resize=560%2C373\" alt=\"cristina\" width=\"560\" height=\"373\" srcset=\"https:\/\/i0.wp.com\/www.24baires.com\/wp-content\/uploads\/2014\/09\/cristina3.jpg?w=560 560w, https:\/\/i0.wp.com\/www.24baires.com\/wp-content\/uploads\/2014\/09\/cristina3.jpg?resize=300%2C199 300w\" sizes=\"auto, (max-width: 560px) 100vw, 560px\" \/>La presidenta Cristina Fern\u00e1ndez de Kirchner volvi\u00f3 a referirse hoy a la situaci\u00f3n de la libertad de prensa y de expresi\u00f3n en nuestro pa\u00eds y asegur\u00f3 que ese derecho \u201ces para los 40 millones de argentinos\u201d y \u201cno solamente para los que critican\u201d, en un mensaje posteado en su cuenta oficial de la red social Facebook.<!--more--><\/p>\n<p>La Presidenta reiter\u00f3 hoy que \u201cla libertad de expresi\u00f3n y la libertad de prensa son para los 40 millones de argentinos, incluida la Presidenta\u201d.<\/p>\n<p>Adem\u00e1s, la primera mandataria asegur\u00f3 que \u201cla libertad de prensa y de expresi\u00f3n, que debe ser respetada, no es solamente para los que critican, que tienen todo el derecho, insultan, agravian o descalifican al gobierno, la libertad de prensa es para ellos pero tambi\u00e9n es para nosotros, para los que creemos y pensamos de otra manera\u201d.<\/p>\n","protected":false},"excerpt":{"rendered":"<p>La presidenta Cristina Fern\u00e1ndez de Kirchner volvi\u00f3 a referirse hoy a la situaci\u00f3n de la libertad de prensa y de expresi\u00f3n en nuestro pa\u00eds y asegur\u00f3 que ese derecho \u201ces para los 40 millones de argentinos\u201d y \u201cno solamente para los que critican\u201d, en un mensaje posteado en su cuenta oficial de la red social Facebook.<\/p>\n","protected":false},"author":4,"featured_media":0,"comment_status":"open","ping_status":"open","sticky":false,"template":"","format":"standard","meta":{"_jetpack_newsletter_access":"","_jetpack_dont_email_post_to_subs":false,"_jetpack_newsletter_tier_id":0,"_jetpack_memberships_contains_paywalled_content":false,"_jetpack_memberships_contains_paid_content":false,"footnotes":""},"categories":[51],"tags":[],"class_list":["post-61077","post","type-post","status-publish","format-standard","hentry","category-politica"],"jetpack_shortlink":"https:\/\/wp.me\/p2JWE0-fT7","jetpack-related-posts":[{"id":34500,"url":"http:\/\/www.24baires.com\/?p=34500","url_meta":{"origin":61077,"position":0},"title":"Integrantes de la CIDH elogiaron la  Ley de Medios","author":"GB","date":"01\/11\/2013","format":false,"excerpt":"La Comisi\u00f3n Interamericana de Derechos Humanos de la Organizaci\u00f3n de Estados Americanos (OEA) respald\u00f3 las pol\u00edticas impulsadas por el gobierno argentino en favor de la libertad de expresi\u00f3n, en el marco de una audiencia pedida por siete periodistas, entre ellos algunos del Grupo Clar\u00edn y el diario La Naci\u00f3n, para\u2026","rel":"","context":"En \u00abPol\u00edtica\u00bb","block_context":{"text":"Pol\u00edtica","link":"http:\/\/www.24baires.com\/?cat=51"},"img":{"alt_text":"cidh","src":"https:\/\/i0.wp.com\/www.24baires.com\/wp-content\/uploads\/2013\/11\/cidh.jpg?resize=350%2C200","width":350,"height":200},"classes":[]},{"id":34363,"url":"http:\/\/www.24baires.com\/?p=34363","url_meta":{"origin":61077,"position":1},"title":"Lorenzetti asegura que la Ley de Medios no afecta la libertad de expresi\u00f3n","author":"AF","date":"30\/10\/2013","format":false,"excerpt":"El presidente de la Corte Suprema defendi\u00f3 la declaraci\u00f3n de consitucionalidad de la ley de Servicios de Comunicaci\u00f3n Audiovisual y afirm\u00f3 que \"no est\u00e1 probado que haya una afectaci\u00f3n de la libertad de expresi\u00f3n\". \"Tenemos una responsabilidad institucional de explicar el contexto del fallo y llevar tranquilidad a la poblaci\u00f3n\u2026","rel":"","context":"En \u00abMedios\u00bb","block_context":{"text":"Medios","link":"http:\/\/www.24baires.com\/?cat=54"},"img":{"alt_text":"lorenzetti-corte-suprema","src":"https:\/\/i0.wp.com\/www.24baires.com\/wp-content\/uploads\/2012\/10\/lorenzetti-corte-suprema.jpg?resize=350%2C200","width":350,"height":200,"srcset":"https:\/\/i0.wp.com\/www.24baires.com\/wp-content\/uploads\/2012\/10\/lorenzetti-corte-suprema.jpg?resize=350%2C200 1x, https:\/\/i0.wp.com\/www.24baires.com\/wp-content\/uploads\/2012\/10\/lorenzetti-corte-suprema.jpg?resize=525%2C300 1.5x"},"classes":[]},{"id":118220,"url":"http:\/\/www.24baires.com\/?p=118220","url_meta":{"origin":61077,"position":2},"title":"Masivo repudio a la agresi\u00f3n de Macri en Dolores","author":"AF","date":"03\/11\/2021","format":false,"excerpt":"Diputados del Frente de Todos y trabajadores del canal de noticias C5N repudiaron el gesto agresivo que tuvo el expresidente cuando ingresaba a la sede de la Municipalidad de Dolores al quitarle el micr\u00f3fono al periodista de esa se\u00f1al que se encontraba en el lugar. Diputados del Frente de Todos\u2026","rel":"","context":"En \u00abPol\u00edtica\u00bb","block_context":{"text":"Pol\u00edtica","link":"http:\/\/www.24baires.com\/?cat=51"},"img":{"alt_text":"","src":"https:\/\/i0.wp.com\/www.24baires.com\/wp-content\/uploads\/2021\/11\/macri-ataca-c5n-2jpg.jpg?resize=350%2C200","width":350,"height":200,"srcset":"https:\/\/i0.wp.com\/www.24baires.com\/wp-content\/uploads\/2021\/11\/macri-ataca-c5n-2jpg.jpg?resize=350%2C200 1x, https:\/\/i0.wp.com\/www.24baires.com\/wp-content\/uploads\/2021\/11\/macri-ataca-c5n-2jpg.jpg?resize=525%2C300 1.5x"},"classes":[]},{"id":29752,"url":"http:\/\/www.24baires.com\/?p=29752","url_meta":{"origin":61077,"position":3},"title":"Sabbatella: Magnetto pretende que V\u00edctor Hugo \u00abse someta\u00bb","author":"AF","date":"08\/08\/2013","format":false,"excerpt":"El CEO de la corporaci\u00f3n medi\u00e1tica que ejerce la posici\u00f3n dominante en el mercado gr\u00e1fico y audiovisual ya no s\u00f3lo restringe la libertad de expresi\u00f3n escrachando periodistas en los medios que domina; ya no le alcanza con regular a su antojo la salida o no de publicaciones a trav\u00e9s de\u2026","rel":"","context":"En \u00abMedios\u00bb","block_context":{"text":"Medios","link":"http:\/\/www.24baires.com\/?cat=54"},"img":{"alt_text":"","src":"","width":0,"height":0},"classes":[]},{"id":57105,"url":"http:\/\/www.24baires.com\/?p=57105","url_meta":{"origin":61077,"position":4},"title":"\u201cEs imprescindible entender que los grupos concentrados no quieren libertad de expresi\u00f3n\u201d","author":"AF","date":"14\/11\/2014","format":false,"excerpt":"El jefe de Gabinete se refiri\u00f3 as\u00ed a la marcha opositora convocada ayer. \u201dNosotros somos respetuosos. Si estos grupos min\u00fasculos quieren expresarse que lo hagan, en la Argentina hay libertad de expresi\u00f3n\u201d. El jefe de Gabinete, Jorge Capitanich, afirm\u00f3 hoy que el Gobierno \"es respetuoso de la libertad de expresi\u00f3n\"\u2026","rel":"","context":"En \u00abPol\u00edtica\u00bb","block_context":{"text":"Pol\u00edtica","link":"http:\/\/www.24baires.com\/?cat=51"},"img":{"alt_text":"Capitanich","src":"https:\/\/i0.wp.com\/www.24baires.com\/wp-content\/uploads\/2014\/01\/Capitanich.jpg?resize=350%2C200","width":350,"height":200,"srcset":"https:\/\/i0.wp.com\/www.24baires.com\/wp-content\/uploads\/2014\/01\/Capitanich.jpg?resize=350%2C200 1x, https:\/\/i0.wp.com\/www.24baires.com\/wp-content\/uploads\/2014\/01\/Capitanich.jpg?resize=525%2C300 1.5x"},"classes":[]},{"id":121196,"url":"http:\/\/www.24baires.com\/?p=121196","url_meta":{"origin":61077,"position":5},"title":"Ins\u00f3lito: Milei busca modificar la ley de educaci\u00f3n para \u00abpenar el adoctrinamiento en las escuelas\u00bb","author":"GB","date":"05\/04\/2024","format":false,"excerpt":"El gobierno libertario, encabezado por Javier Milei, avanzar\u00e1 con cambios en la Ley Nacional de Educaci\u00f3n, con el objetivo de denunciar e impedir el \"adoctrinamiento ideol\u00f3gico\" de los docentes en las aulas. En su habitual conferencia de prensa, el vocero presidencial Manuel Adorni, adelant\u00f3 que el presidente Javier Milei enviar\u00e1\u2026","rel":"","context":"En \u00abPol\u00edtica\u00bb","block_context":{"text":"Pol\u00edtica","link":"http:\/\/www.24baires.com\/?cat=51"},"img":{"alt_text":"","src":"https:\/\/i0.wp.com\/www.24baires.com\/wp-content\/uploads\/2024\/04\/milei-escuela.webp?resize=350%2C200","width":350,"height":200,"srcset":"https:\/\/i0.wp.com\/www.24baires.com\/wp-content\/uploads\/2024\/04\/milei-escuela.webp?resize=350%2C200 1x, https:\/\/i0.wp.com\/www.24baires.com\/wp-content\/uploads\/2024\/04\/milei-escuela.webp?resize=525%2C300 1.5x, https:\/\/i0.wp.com\/www.24baires.com\/wp-content\/uploads\/2024\/04\/milei-escuela.webp?resize=700%2C400 2x"},"classes":[]}],"jetpack_sharing_enabled":true,"jetpack_likes_enabled":true,"jetpack_featured_media_url":"","_links":{"self":[{"href":"http:\/\/www.24baires.com\/index.php?rest_route=\/wp\/v2\/posts\/61077","targetHints":{"allow":["GET"]}}],"collection":[{"href":"http:\/\/www.24baires.com\/index.php?rest_route=\/wp\/v2\/posts"}],"about":[{"href":"http:\/\/www.24baires.com\/index.php?rest_route=\/wp\/v2\/types\/post"}],"author":[{"embeddable":true,"href":"http:\/\/www.24baires.com\/index.php?rest_route=\/wp\/v2\/users\/4"}],"replies":[{"embeddable":true,"href":"http:\/\/www.24baires.com\/index.php?rest_route=%2Fwp%2Fv2%2Fcomments&post=61077"}],"version-history":[{"count":1,"href":"http:\/\/www.24baires.com\/index.php?rest_route=\/wp\/v2\/posts\/61077\/revisions"}],"predecessor-version":[{"id":61078,"href":"http:\/\/www.24baires.com\/index.php?rest_route=\/wp\/v2\/posts\/61077\/revisions\/61078"}],"wp:attachment":[{"href":"http:\/\/www.24baires.com\/index.php?rest_route=%2Fwp%2Fv2%2Fmedia&parent=61077"}],"wp:term":[{"taxonomy":"category","embeddable":true,"href":"http:\/\/www.24baires.com\/index.php?rest_route=%2Fwp%2Fv2%2Fcategories&post=61077"},{"taxonomy":"post_tag","embeddable":true,"href":"http:\/\/www.24baires.com\/index.php?rest_route=%2Fwp%2Fv2%2Ftags&post=61077"}],"curies":[{"name":"wp","href":"https:\/\/api.w.org\/{rel}","templated":true}]}}