{"id":61029,"date":"2015-01-31T10:30:33","date_gmt":"2015-01-31T13:30:33","guid":{"rendered":"http:\/\/www.24baires.com\/?p=61029"},"modified":"2015-02-01T10:16:04","modified_gmt":"2015-02-01T13:16:04","slug":"rossi-hay-sectores-corporativos-que-quieren-que-cristina-no-hable","status":"publish","type":"post","link":"http:\/\/www.24baires.com\/?p=61029","title":{"rendered":"Rossi: \u00abHay sectores corporativos que quieren que Cristina no hable\u00bb"},"content":{"rendered":"<p><img data-recalc-dims=\"1\" loading=\"lazy\" decoding=\"async\" class=\"aligncenter size-full wp-image-61030\" src=\"https:\/\/i0.wp.com\/www.24baires.com\/wp-content\/uploads\/2015\/01\/rossi1.jpg?resize=560%2C307\" alt=\"rossi\" width=\"560\" height=\"307\" srcset=\"https:\/\/i0.wp.com\/www.24baires.com\/wp-content\/uploads\/2015\/01\/rossi1.jpg?w=560 560w, https:\/\/i0.wp.com\/www.24baires.com\/wp-content\/uploads\/2015\/01\/rossi1.jpg?resize=300%2C164 300w\" sizes=\"auto, (max-width: 560px) 100vw, 560px\" \/><strong>VILLA GESELL-<\/strong> El ministro de Defensa, Agust\u00edn Rossi, se refiri\u00f3 al discurso de ayer de la Presidenta y dijo que \u00abtiene el mismo derecho que cualquier argentino para hablar\u00bb.<!--more--><\/p>\n<p>El ministro de Defensa y candidato presidencial, Agust\u00edn Rossi, se refiri\u00f3 hoy en Villa Gesell, donde present\u00f3 el libro de su autor\u00eda, Hombre de Pablara, al discurso de la Presidenta Cristina Fern\u00e1ndez de Kirchner, pronunciado desde la Casa Rosada al mediod\u00eda: \u201cLa Presidenta tiene el mismo derecho que cualquier argentino para hablar de los asuntos p\u00fablicos del pa\u00eds\u201d, afirm\u00f3 al tiempo que asever\u00f3: \u201cAlgunos sectores corporativos quieren que no hable\u201d.<\/p>\n<p>\u201cDesde el poder Ejecutivo se garantiza la independencia en la toma de decisiones de otros poderes, pero s\u00ed opinamos de lo que se va realizando\u201d, agreg\u00f3 Rossi.<\/p>\n<p>Adem\u00e1s, elogi\u00f3 la pol\u00edtica previsional que llevo adelante este gobierno. En ese sentido, se\u00f1al\u00f3 \u201ces la m\u00e1s importante que han tenido las jubilaciones y pensiones desde que aplicamos la movilidad jubilatoria\u201d, asegur\u00f3 al aumentarse poco m\u00e1s del 18% &#8211; que con el 17% que hubo en septiembre de 2014, completa el aumento anual por encima del 36%.<\/p>\n<p>\u201cEs un reconocimiento a lo que ha sido la pol\u00edtica previsional de Argentina en todo este tiempo, somos el pa\u00eds que tiene mayor porcentaje de adultos mayores dentro del sistema, lo que demuestra el \u00e9xito de una pol\u00edtica que comenz\u00f3 a partir del 25 de mayo de 2003\u201d, concluy\u00f3 Rossi.<\/p>\n<p>Acompa\u00f1aron en la presentaci\u00f3n del libro el diputado Nacional, H\u00e9ctor Recalde; el legislador de la ciudad de Buenos Aires, Gabriel Fucks y el concejal Sebasti\u00e1n \u00c1lvarez.<\/p>\n<p>&nbsp;<\/p>\n<p>&nbsp;<\/p>\n<p>&nbsp;<\/p>\n","protected":false},"excerpt":{"rendered":"<p>VILLA GESELL- El ministro de Defensa, Agust\u00edn Rossi, se refiri\u00f3 al discurso de ayer de la Presidenta y dijo que \u00abtiene el mismo derecho que cualquier argentino para hablar\u00bb.<\/p>\n","protected":false},"author":11,"featured_media":0,"comment_status":"open","ping_status":"open","sticky":false,"template":"","format":"standard","meta":{"_jetpack_newsletter_access":"","_jetpack_dont_email_post_to_subs":false,"_jetpack_newsletter_tier_id":0,"_jetpack_memberships_contains_paywalled_content":false,"_jetpack_memberships_contains_paid_content":false,"footnotes":""},"categories":[51],"tags":[],"class_list":["post-61029","post","type-post","status-publish","format-standard","hentry","category-politica"],"jetpack_shortlink":"https:\/\/wp.me\/p2JWE0-fSl","jetpack-related-posts":[{"id":58553,"url":"http:\/\/www.24baires.com\/?p=58553","url_meta":{"origin":61029,"position":0},"title":"\u00abCon N\u00e9stor y Cristina se terminaron las democracias light\u00bb, asegur\u00f3 Rossi","author":"GB","date":"13\/12\/2014","format":false,"excerpt":"El ministro de Defensa y precandidato a la presidencia por el Frente para la Victoria (FpV), Agust\u00edn Rossi, dijo que con los gobiernos de N\u00e9stor y Cristina Kirchner se \"terminaron las democracias light, de bajas calor\u00edas\", a poco de la celebraci\u00f3n que se realizar\u00e1 hoy en Plaza de Mayo para\u2026","rel":"","context":"En \u00abPol\u00edtica\u00bb","block_context":{"text":"Pol\u00edtica","link":"http:\/\/www.24baires.com\/?cat=51"},"img":{"alt_text":"rossi","src":"https:\/\/i0.wp.com\/www.24baires.com\/wp-content\/uploads\/2014\/08\/rossi.jpg?resize=350%2C200","width":350,"height":200,"srcset":"https:\/\/i0.wp.com\/www.24baires.com\/wp-content\/uploads\/2014\/08\/rossi.jpg?resize=350%2C200 1x, https:\/\/i0.wp.com\/www.24baires.com\/wp-content\/uploads\/2014\/08\/rossi.jpg?resize=525%2C300 1.5x"},"classes":[]},{"id":73106,"url":"http:\/\/www.24baires.com\/?p=73106","url_meta":{"origin":61029,"position":1},"title":"Rossi asegura que Macri \u00abquiere terminar\u00bb con pol\u00edticas de DDHH","author":"AF","date":"05\/10\/2015","format":false,"excerpt":"El ministro de Defensa asegur\u00f3 que el PRO es un partido \"con funcionarios y candidatos que fueron miembros de la dictadura\". Sobre Massa, se\u00f1al\u00f3 que \"atrasa en sus propuestas\" de utilizar a las fuerzas armadas en la lucha contra el narcotr\u00e1fico. \"Macri dijo que va a terminar con el curro\u2026","rel":"","context":"En \u00abPol\u00edtica\u00bb","block_context":{"text":"Pol\u00edtica","link":"http:\/\/www.24baires.com\/?cat=51"},"img":{"alt_text":"rossi","src":"https:\/\/i0.wp.com\/www.24baires.com\/wp-content\/uploads\/2015\/02\/rossi1.jpg?resize=350%2C200","width":350,"height":200,"srcset":"https:\/\/i0.wp.com\/www.24baires.com\/wp-content\/uploads\/2015\/02\/rossi1.jpg?resize=350%2C200 1x, https:\/\/i0.wp.com\/www.24baires.com\/wp-content\/uploads\/2015\/02\/rossi1.jpg?resize=525%2C300 1.5x"},"classes":[]},{"id":59849,"url":"http:\/\/www.24baires.com\/?p=59849","url_meta":{"origin":61029,"position":2},"title":"Rossi: \u00abSi se asocia mi candidatura a mi libro, estoy orgulloso\u00bb","author":"AF","date":"09\/01\/2015","format":false,"excerpt":"El ministro de Defensa de la Naci\u00f3n, Agust\u00edn Rossi, present\u00f3 esta tarde en el Gran Hotel Provincial de la ciudad de Mar del Plata, su libro \u201cHombre de palabra\u201d, donde relata \u201cc\u00f3mo se conquistaron los nuevos derechos de los argentinos\u201d durante su experiencia como Presidente del bloque de diputados del\u2026","rel":"","context":"En \u00abSociedad\u00bb","block_context":{"text":"Sociedad","link":"http:\/\/www.24baires.com\/?cat=1"},"img":{"alt_text":"","src":"https:\/\/i0.wp.com\/www.24baires.com\/wp-content\/uploads\/2015\/01\/rossi.jpg?resize=350%2C200","width":350,"height":200,"srcset":"https:\/\/i0.wp.com\/www.24baires.com\/wp-content\/uploads\/2015\/01\/rossi.jpg?resize=350%2C200 1x, https:\/\/i0.wp.com\/www.24baires.com\/wp-content\/uploads\/2015\/01\/rossi.jpg?resize=525%2C300 1.5x"},"classes":[]},{"id":40444,"url":"http:\/\/www.24baires.com\/?p=40444","url_meta":{"origin":61029,"position":3},"title":"Rossi asegura que el Gobierno tiene el control econ\u00f3mico","author":"Grupo Sierra","date":"14\/02\/2014","format":false,"excerpt":"El ministro de Defensa de la Naci\u00f3n, Agust\u00edn Rossi, sostuvo hoy que el gobierno nacional \"demostr\u00f3 tener el control de todas las variables de la econom\u00eda\" durante los \"meses de diciembre y enero\", en los que se produjo \"un intento desestabilizante por parte de ciertos actores econ\u00f3micos\". \"Est\u00e1 claro que\u2026","rel":"","context":"En \u00abPol\u00edtica\u00bb","block_context":{"text":"Pol\u00edtica","link":"http:\/\/www.24baires.com\/?cat=51"},"img":{"alt_text":"rossi chivo","src":"https:\/\/i0.wp.com\/www.24baires.com\/wp-content\/uploads\/2012\/09\/rossi-chivo.jpg?resize=350%2C200","width":350,"height":200,"srcset":"https:\/\/i0.wp.com\/www.24baires.com\/wp-content\/uploads\/2012\/09\/rossi-chivo.jpg?resize=350%2C200 1x, https:\/\/i0.wp.com\/www.24baires.com\/wp-content\/uploads\/2012\/09\/rossi-chivo.jpg?resize=525%2C300 1.5x"},"classes":[]},{"id":29834,"url":"http:\/\/www.24baires.com\/?p=29834","url_meta":{"origin":61029,"position":4},"title":"Rossi dijo que la \u00abtristeza\u00bb iba a estar presente en los pr\u00f3ximos comicios","author":"GB","date":"09\/08\/2013","format":false,"excerpt":"El ministro de Defensa, Agust\u00edn Rossi, visit\u00f3 nuevamente la zona de la tragedia en Rosario. Destac\u00f3 la decisi\u00f3n de los partidos pol\u00edticos de suspender las campa\u00f1as, pero dijo que el proceso electoral debe seguir adelante \"Va a ser una votaci\u00f3n donde la tristeza estar\u00e1 presente, sobre todo en Rosario, pero\u2026","rel":"","context":"En \u00abPol\u00edtica\u00bb","block_context":{"text":"Pol\u00edtica","link":"http:\/\/www.24baires.com\/?cat=51"},"img":{"alt_text":"","src":"","width":0,"height":0},"classes":[]},{"id":13035,"url":"http:\/\/www.24baires.com\/?p=13035","url_meta":{"origin":61029,"position":5},"title":"Agust\u00edn Rossi: \u00abA Macri las corporaciones de derecha le brindar\u00e1n todo lo que \u00e9l no tiene\u00bb","author":"AF","date":"21\/01\/2013","format":false,"excerpt":"El Diputado Nacional por el Frente Para La Victoria, Agust\u00edn Rossi, habl\u00f3 sobre Mauricio Macri, Hermes Binner y las elecciones legislativas de este a\u00f1o. Entrevistado por el programa radial \u201cUn d\u00eda perfecto\u201d, Rossi opin\u00f3 sobre la actividad de campa\u00f1a que realiz\u00f3 en Mar del Plata el Jefe de Gobierno porte\u00f1o,\u2026","rel":"","context":"En \u00abPol\u00edtica\u00bb","block_context":{"text":"Pol\u00edtica","link":"http:\/\/www.24baires.com\/?cat=51"},"img":{"alt_text":"rossi agust\u00edn","src":"https:\/\/i0.wp.com\/www.24baires.com\/wp-content\/uploads\/2013\/01\/rossi-agust%C3%ADn-272x300.jpg?resize=350%2C200","width":350,"height":200},"classes":[]}],"jetpack_sharing_enabled":true,"jetpack_likes_enabled":true,"jetpack_featured_media_url":"","_links":{"self":[{"href":"http:\/\/www.24baires.com\/index.php?rest_route=\/wp\/v2\/posts\/61029","targetHints":{"allow":["GET"]}}],"collection":[{"href":"http:\/\/www.24baires.com\/index.php?rest_route=\/wp\/v2\/posts"}],"about":[{"href":"http:\/\/www.24baires.com\/index.php?rest_route=\/wp\/v2\/types\/post"}],"author":[{"embeddable":true,"href":"http:\/\/www.24baires.com\/index.php?rest_route=\/wp\/v2\/users\/11"}],"replies":[{"embeddable":true,"href":"http:\/\/www.24baires.com\/index.php?rest_route=%2Fwp%2Fv2%2Fcomments&post=61029"}],"version-history":[{"count":1,"href":"http:\/\/www.24baires.com\/index.php?rest_route=\/wp\/v2\/posts\/61029\/revisions"}],"predecessor-version":[{"id":61031,"href":"http:\/\/www.24baires.com\/index.php?rest_route=\/wp\/v2\/posts\/61029\/revisions\/61031"}],"wp:attachment":[{"href":"http:\/\/www.24baires.com\/index.php?rest_route=%2Fwp%2Fv2%2Fmedia&parent=61029"}],"wp:term":[{"taxonomy":"category","embeddable":true,"href":"http:\/\/www.24baires.com\/index.php?rest_route=%2Fwp%2Fv2%2Fcategories&post=61029"},{"taxonomy":"post_tag","embeddable":true,"href":"http:\/\/www.24baires.com\/index.php?rest_route=%2Fwp%2Fv2%2Ftags&post=61029"}],"curies":[{"name":"wp","href":"https:\/\/api.w.org\/{rel}","templated":true}]}}