{"id":60998,"date":"2015-01-30T13:00:48","date_gmt":"2015-01-30T16:00:48","guid":{"rendered":"http:\/\/www.24baires.com\/?p=60998"},"modified":"2015-01-31T10:05:14","modified_gmt":"2015-01-31T13:05:14","slug":"cristina-encabeza-un-acto-en-casa-de-gobierno","status":"publish","type":"post","link":"http:\/\/www.24baires.com\/?p=60998","title":{"rendered":"Cristina anunci\u00f3 una suba del 18,26% en las jubilaciones"},"content":{"rendered":"<p><img data-recalc-dims=\"1\" loading=\"lazy\" decoding=\"async\" class=\"aligncenter size-full wp-image-51375\" src=\"https:\/\/i0.wp.com\/www.24baires.com\/wp-content\/uploads\/2014\/08\/cristina3.jpg?resize=560%2C373\" alt=\"cristina3\" width=\"560\" height=\"373\" srcset=\"https:\/\/i0.wp.com\/www.24baires.com\/wp-content\/uploads\/2014\/08\/cristina3.jpg?w=560 560w, https:\/\/i0.wp.com\/www.24baires.com\/wp-content\/uploads\/2014\/08\/cristina3.jpg?resize=300%2C199 300w\" sizes=\"auto, (max-width: 560px) 100vw, 560px\" \/><br \/>\nLo hizo al encabezar un acto en en el que se firmar\u00e1 con 17 gobernadores el convenio que volver\u00e1 a prorrogar las deudas por tres meses. \u00abEs el aumento m\u00e1s grande desde que se sancion\u00f3 la ley de movilidad jubilatoria\u00bb, dijo.<!--more--><\/p>\n<p>La presidenta Cristina Fern\u00e1ndez de Kirchner asegur\u00f3 hoy que los anuncios realizados en materia ferroviaria por el gobierno nacional \u00abvienen a completar la renovaci\u00f3n m\u00e1s importante de los \u00faltimos 50 a\u00f1os\u00bb, al encabezar un acto en Casa de Gobierno del que participan tambi\u00e9n gobernadores y vicegobernadores de las distintas provincias argentinas.<\/p>\n<p>Al comenzar su discurso por cadena nacional, la mandataria sostuvo que se encuentra \u00aben pleno ejercicio de sus funciones, un poco averiada pero jam\u00e1s hundida\u00bb, luego de un mes de reposo producto de una lesi\u00f3n en su tobillo izquierdo.<br \/>\n&nbsp;<\/p>\n<p>&nbsp;<\/p>\n<p>&nbsp;<\/p>\n<p>&nbsp;<\/p>\n<p>&nbsp;<\/p>\n<p>&nbsp;<\/p>\n<p>&nbsp;<\/p>\n<p>&nbsp;<\/p>\n<p>&nbsp;<\/p>\n<p>&nbsp;<\/p>\n<p>&nbsp;<\/p>\n<p>&nbsp;<\/p>\n<p>&nbsp;<\/p>\n<p>&nbsp;<\/p>\n<p>&nbsp;<\/p>\n<p>&nbsp;<\/p>\n<p>&nbsp;<\/p>\n<p>&nbsp;<\/p>\n","protected":false},"excerpt":{"rendered":"<p>Lo hizo al encabezar un acto en en el que se firmar\u00e1 con 17 gobernadores el convenio que volver\u00e1 a prorrogar las deudas por tres meses. \u00abEs el aumento m\u00e1s grande desde que se sancion\u00f3 la ley de movilidad jubilatoria\u00bb, dijo.<\/p>\n","protected":false},"author":8,"featured_media":0,"comment_status":"open","ping_status":"open","sticky":false,"template":"","format":"standard","meta":{"_jetpack_newsletter_access":"","_jetpack_dont_email_post_to_subs":false,"_jetpack_newsletter_tier_id":0,"_jetpack_memberships_contains_paywalled_content":false,"_jetpack_memberships_contains_paid_content":false,"footnotes":""},"categories":[51],"tags":[],"class_list":["post-60998","post","type-post","status-publish","format-standard","hentry","category-politica"],"jetpack_shortlink":"https:\/\/wp.me\/p2JWE0-fRQ","jetpack-related-posts":[{"id":118742,"url":"http:\/\/www.24baires.com\/?p=118742","url_meta":{"origin":60998,"position":0},"title":"\u00abLos acuerdos del Gobierno nacional son ley y los vamos a hacer cumplir\u00bb","author":"AF","date":"12\/04\/2022","format":false,"excerpt":"El gobernador de la provincia de Buenos Aires realiz\u00f3 estas declaraciones al encabezar un acto en el municipio de Ensenada, donde adem\u00e1s asegur\u00f3 que su administraci\u00f3n lanzar\u00e1 \"un programa de relevamiento y fiscalizaci\u00f3n de precios de las canastas\". El gobernador de la provincia de Buenos Aires, Axel Kicillof, asegur\u00f3 este\u2026","rel":"","context":"En \u00abProvincia\u00bb","block_context":{"text":"Provincia","link":"http:\/\/www.24baires.com\/?cat=40"},"img":{"alt_text":"","src":"https:\/\/i0.wp.com\/www.24baires.com\/wp-content\/uploads\/2021\/02\/kici-vacuna.jpeg?resize=350%2C200","width":350,"height":200,"srcset":"https:\/\/i0.wp.com\/www.24baires.com\/wp-content\/uploads\/2021\/02\/kici-vacuna.jpeg?resize=350%2C200 1x, https:\/\/i0.wp.com\/www.24baires.com\/wp-content\/uploads\/2021\/02\/kici-vacuna.jpeg?resize=525%2C300 1.5x"},"classes":[]},{"id":103012,"url":"http:\/\/www.24baires.com\/?p=103012","url_meta":{"origin":60998,"position":1},"title":"Vidal anunciar\u00e1 medidas para jubilaciones y asignaciones","author":"GB","date":"27\/06\/2018","format":false,"excerpt":"La gobernadora bonaerense encabezar\u00e1 un acto en Casa de Gobierno donde dar\u00e1 a conocer un paquete de acciones destinadas a trabajadores estatales y el sector pasivo. El objetivo del gobierno es descomprimir el descontento ante la inflaci\u00f3n y tarifazos. La gobernadora de la provincia de Buenos Aires, Mar\u00eda Eugenia Vidal,\u2026","rel":"","context":"En \u00abProvincia\u00bb","block_context":{"text":"Provincia","link":"http:\/\/www.24baires.com\/?cat=40"},"img":{"alt_text":"","src":"https:\/\/i0.wp.com\/www.24baires.com\/wp-content\/uploads\/2018\/03\/vidal-1.jpg?resize=350%2C200","width":350,"height":200,"srcset":"https:\/\/i0.wp.com\/www.24baires.com\/wp-content\/uploads\/2018\/03\/vidal-1.jpg?resize=350%2C200 1x, https:\/\/i0.wp.com\/www.24baires.com\/wp-content\/uploads\/2018\/03\/vidal-1.jpg?resize=525%2C300 1.5x"},"classes":[]},{"id":116287,"url":"http:\/\/www.24baires.com\/?p=116287","url_meta":{"origin":60998,"position":2},"title":"Kicillof prev\u00e9 \u00abla mejor temporada tur\u00edstica posible\u00bb a pesar de la pandemia","author":"AF","date":"21\/09\/2020","format":false,"excerpt":"El gobernador encabez\u00f3 este lunes el anuncio del Fondo Especial para la Reactivaci\u00f3n Cultural y Tur\u00edstica, donde cont\u00f3 que est\u00e1 trabajando con todos los intendentes para poner en marcha la temporada. Durante el anuncio de un Fondo Especial de 300 millones de pesos para la Reactivaci\u00f3n Cultural y Tur\u00edstica en\u2026","rel":"","context":"En \u00abProvincia\u00bb","block_context":{"text":"Provincia","link":"http:\/\/www.24baires.com\/?cat=40"},"img":{"alt_text":"","src":"https:\/\/i0.wp.com\/www.24baires.com\/wp-content\/uploads\/2020\/07\/gollan-kicillof.jpg?resize=350%2C200","width":350,"height":200,"srcset":"https:\/\/i0.wp.com\/www.24baires.com\/wp-content\/uploads\/2020\/07\/gollan-kicillof.jpg?resize=350%2C200 1x, https:\/\/i0.wp.com\/www.24baires.com\/wp-content\/uploads\/2020\/07\/gollan-kicillof.jpg?resize=525%2C300 1.5x"},"classes":[]},{"id":100424,"url":"http:\/\/www.24baires.com\/?p=100424","url_meta":{"origin":60998,"position":3},"title":"Bah\u00eda Blanca: Vidal anuncia una inversi\u00f3n de 11 mil millones de pesos para obras viales","author":"GB","date":"08\/02\/2018","format":false,"excerpt":"La gobernadora de la provincia de Buenos Aires encabezar\u00e1 un acto para presentar un proyecto que pretende mejorar la seguridad vial, conectividad y transporte. La gobernadora de la provincia de Buenos Aires, Mar\u00eda Eugenia Vidal, anunciar\u00e1 en Bah\u00eda Blanca un plan de obras viales para 2018 con una inversi\u00f3n de\u2026","rel":"","context":"En \u00abMunicipios\u00bb","block_context":{"text":"Municipios","link":"http:\/\/www.24baires.com\/?cat=44"},"img":{"alt_text":"","src":"https:\/\/i0.wp.com\/www.24baires.com\/wp-content\/uploads\/2018\/01\/vidal-anuncios.jpg?resize=350%2C200","width":350,"height":200,"srcset":"https:\/\/i0.wp.com\/www.24baires.com\/wp-content\/uploads\/2018\/01\/vidal-anuncios.jpg?resize=350%2C200 1x, https:\/\/i0.wp.com\/www.24baires.com\/wp-content\/uploads\/2018\/01\/vidal-anuncios.jpg?resize=525%2C300 1.5x"},"classes":[]},{"id":118794,"url":"http:\/\/www.24baires.com\/?p=118794","url_meta":{"origin":60998,"position":4},"title":"Kicillof inaugur\u00f3 el primer jard\u00edn maternal de gesti\u00f3n p\u00fablica de Salto","author":"GB","date":"28\/04\/2022","format":false,"excerpt":"El gobernador destac\u00f3 que \u201cla obra para la puesta en marcha de este jard\u00edn maternal se inici\u00f3 durante el gobierno de Cristina Fern\u00e1ndez de Kirchner y, como tantas otras que estaban a punto de terminarse, no se concluyeron\u201d. El gobernador de la provincia de Buenos Aires, Axel Kicillof, encabez\u00f3 esta\u2026","rel":"","context":"En \u00abMunicipios\u00bb","block_context":{"text":"Municipios","link":"http:\/\/www.24baires.com\/?cat=44"},"img":{"alt_text":"","src":"https:\/\/i0.wp.com\/www.24baires.com\/wp-content\/uploads\/2022\/04\/20220427163626__MG_8082-1-1024x681-1.jpg?resize=350%2C200","width":350,"height":200,"srcset":"https:\/\/i0.wp.com\/www.24baires.com\/wp-content\/uploads\/2022\/04\/20220427163626__MG_8082-1-1024x681-1.jpg?resize=350%2C200 1x, https:\/\/i0.wp.com\/www.24baires.com\/wp-content\/uploads\/2022\/04\/20220427163626__MG_8082-1-1024x681-1.jpg?resize=525%2C300 1.5x, https:\/\/i0.wp.com\/www.24baires.com\/wp-content\/uploads\/2022\/04\/20220427163626__MG_8082-1-1024x681-1.jpg?resize=700%2C400 2x"},"classes":[]},{"id":112633,"url":"http:\/\/www.24baires.com\/?p=112633","url_meta":{"origin":60998,"position":5},"title":"Con la consigna \u201cNunca m\u00e1s al neoliberalismo\u201d el Frente de Todos cerr\u00f3 en Mar del Plata","author":"Grupo Sierra","date":"24\/10\/2019","format":false,"excerpt":"La f\u00f3rmula presidencial del Frente De Todos - Alberto y Cristina Fern\u00e1ndez- encabez\u00f3 el acto en el distrito donde tambi\u00e9n empujaron las candidaturas de Axel Kicillof y Fernanda Raverta. \u201cEstamos firmando un contrato moral y \u00e9tico para ser la Argentina que atiende a los despose\u00eddos\u201d, expres\u00f3 Fern\u00e1ndez. Alberto Fern\u00e1ndez y\u2026","rel":"","context":"En \u00abLocales\u00bb","block_context":{"text":"Locales","link":"http:\/\/www.24baires.com\/?cat=38"},"img":{"alt_text":"El candidato presidencial del Frente de Todos, Alberto Fern\u00e1ndez, y su compa\u00f1era de f\u00f3rmula, la senadora y ex presidenta Cristina Fern\u00e1ndez de Kirchner. Foto: Diego Izquierdo para T\u00e9lam","src":"https:\/\/i0.wp.com\/www.rionegro.com.ar\/wp-content\/uploads\/2019\/10\/24-10-2019_el_candidato_presidencial_del_frente-e1571950816900.jpg?resize=350%2C200&ssl=1","width":350,"height":200,"srcset":"https:\/\/i0.wp.com\/www.rionegro.com.ar\/wp-content\/uploads\/2019\/10\/24-10-2019_el_candidato_presidencial_del_frente-e1571950816900.jpg?resize=350%2C200&ssl=1 1x, https:\/\/i0.wp.com\/www.rionegro.com.ar\/wp-content\/uploads\/2019\/10\/24-10-2019_el_candidato_presidencial_del_frente-e1571950816900.jpg?resize=525%2C300&ssl=1 1.5x"},"classes":[]}],"jetpack_sharing_enabled":true,"jetpack_likes_enabled":true,"jetpack_featured_media_url":"","_links":{"self":[{"href":"http:\/\/www.24baires.com\/index.php?rest_route=\/wp\/v2\/posts\/60998","targetHints":{"allow":["GET"]}}],"collection":[{"href":"http:\/\/www.24baires.com\/index.php?rest_route=\/wp\/v2\/posts"}],"about":[{"href":"http:\/\/www.24baires.com\/index.php?rest_route=\/wp\/v2\/types\/post"}],"author":[{"embeddable":true,"href":"http:\/\/www.24baires.com\/index.php?rest_route=\/wp\/v2\/users\/8"}],"replies":[{"embeddable":true,"href":"http:\/\/www.24baires.com\/index.php?rest_route=%2Fwp%2Fv2%2Fcomments&post=60998"}],"version-history":[{"count":4,"href":"http:\/\/www.24baires.com\/index.php?rest_route=\/wp\/v2\/posts\/60998\/revisions"}],"predecessor-version":[{"id":61005,"href":"http:\/\/www.24baires.com\/index.php?rest_route=\/wp\/v2\/posts\/60998\/revisions\/61005"}],"wp:attachment":[{"href":"http:\/\/www.24baires.com\/index.php?rest_route=%2Fwp%2Fv2%2Fmedia&parent=60998"}],"wp:term":[{"taxonomy":"category","embeddable":true,"href":"http:\/\/www.24baires.com\/index.php?rest_route=%2Fwp%2Fv2%2Fcategories&post=60998"},{"taxonomy":"post_tag","embeddable":true,"href":"http:\/\/www.24baires.com\/index.php?rest_route=%2Fwp%2Fv2%2Ftags&post=60998"}],"curies":[{"name":"wp","href":"https:\/\/api.w.org\/{rel}","templated":true}]}}