{"id":60989,"date":"2015-01-30T11:00:25","date_gmt":"2015-01-30T14:00:25","guid":{"rendered":"http:\/\/www.24baires.com\/?p=60989"},"modified":"2015-01-30T10:48:07","modified_gmt":"2015-01-30T13:48:07","slug":"nadie-sabe-si-fayt-conserva-la-idoneidad-para-seguir-en-la-corte-dijo-anibal-fernandez","status":"publish","type":"post","link":"http:\/\/www.24baires.com\/?p=60989","title":{"rendered":"\u00abNadie sabe si Fayt conserva la idoneidad\u00bb para seguir en la Corte, dijo An\u00edbal Fern\u00e1ndez"},"content":{"rendered":"<p><img data-recalc-dims=\"1\" loading=\"lazy\" decoding=\"async\" src=\"https:\/\/i0.wp.com\/www.24baires.com\/wp-content\/uploads\/2012\/12\/fern%C3%A1ndez-an%C3%ADbal.jpg?resize=560%2C314\" alt=\"fern\u00e1ndez an\u00edbal\" width=\"560\" height=\"314\" class=\"aligncenter size-full wp-image-10776\" srcset=\"https:\/\/i0.wp.com\/www.24baires.com\/wp-content\/uploads\/2012\/12\/fern%C3%A1ndez-an%C3%ADbal.jpg?w=560 560w, https:\/\/i0.wp.com\/www.24baires.com\/wp-content\/uploads\/2012\/12\/fern%C3%A1ndez-an%C3%ADbal.jpg?resize=300%2C168 300w\" sizes=\"auto, (max-width: 560px) 100vw, 560px\" \/>El secretario general de la Presidencia, An\u00edbal Fern\u00e1ndez, se mostr\u00f3 hoy partidario de efectuar una pericia al ministro decano del tribunal supremo, de 97 a\u00f1os, para evaluar si puede seguir con sus funciones.<!--more--><\/p>\n<p>El secretario General de la Presidencia, An\u00edbal Fern\u00e1ndez, calific\u00f3 hoy de \u201cestupidez\u201d la denuncia de algunos miembros de la oposici\u00f3n que sostienen que el Poder Ejecutivo postula a Roberto Carl\u00e9s como miembro de la Corte Suprema para \u201cdistraer la atenci\u00f3n\u201d por el impacto pol\u00edtico por la muerte del fiscal Alberto Nisman.<\/p>\n<p>\u201cEs una estupidez y como de costumbre, no se les cae una idea ni a garrotazos\u00bb, dijo en declaraciones que formul\u00f3 al ingresar a Casa de Gobierno.<\/p>\n<p>El funcionario nacional defendi\u00f3 la postulaci\u00f3n como miembro de la Corte Suprema de Justicia de Roberto Carl\u00e9s, y subray\u00f3 que \u00abhay que tener una Corte como corresponde con cinco miembros\u00bb.<\/p>\n<p>Tras sostener que \u201cnos falta Eugenio Zaffaroni, adem\u00e1s de haber perdido a Carmen Argibay y Enrique Petracchi\u201d, se mostr\u00f3 partidario de efectuar una pericia al ministro Carlos Fayt, de 97 a\u00f1os, con el prop\u00f3sito de determinar si \u201cconserva la idoneidad\u00bb para continuar en funciones.<\/p>\n<p>Para el secretario General de la Presidencia, el Gobierno \u201cno quiere imponer al reemplazante (de Zaffaroni)\u201d, como sostiene la oposici\u00f3n, y sostuvo que \u201cimponer es algo que uno quiere hacer por la fuerza y sin derecho, pero en realidad es la propia Constituci\u00f3n la que dice c\u00f3mo se seleccionan los jueces\u00bb.<\/p>\n<p>\u201cAlgunos intentan sacarle ventaja a la politiquer\u00eda\u00bb, remarc\u00f3 Fern\u00e1ndez, y record\u00f3 que Julio Oyhanarte, cuando asumi\u00f3 en la Corte Suprema durante el mandato presidencial de Arturo Frondizi, \u00abten\u00eda 37 a\u00f1os y una cabeza bien puesta, y pensaba criteriosamente sobre lo que significa crecer a la par de la importancia de la tarea que tiene que llevarse a cabo\u00bb.<\/p>\n<p>Consultado sobre la cuenta de Twitter @Casa RosadaAR, respondi\u00f3 que \u00e9l es \u201cuno de los due\u00f1os\u201d de esa cuenta, y a\u00f1adi\u00f3 que \u201cno es del Gobierno, es del grupo pol\u00edtico\u201d.<\/p>\n<p>Aclar\u00f3 que \u201cno dice Casa de Gobierno\u201d ni \u201cPresidencia de la Naci\u00f3n\u201d, y relat\u00f3 que por ese canal se difunden las pol\u00edticas que lleva a cabo el Gobierno nacional.<\/p>\n","protected":false},"excerpt":{"rendered":"<p>El secretario general de la Presidencia, An\u00edbal Fern\u00e1ndez, se mostr\u00f3 hoy partidario de efectuar una pericia al ministro decano del tribunal supremo, de 97 a\u00f1os, para evaluar si puede seguir con sus funciones.<\/p>\n","protected":false},"author":8,"featured_media":0,"comment_status":"open","ping_status":"open","sticky":false,"template":"","format":"standard","meta":{"_jetpack_newsletter_access":"","_jetpack_dont_email_post_to_subs":false,"_jetpack_newsletter_tier_id":0,"_jetpack_memberships_contains_paywalled_content":false,"_jetpack_memberships_contains_paid_content":false,"footnotes":""},"categories":[51],"tags":[],"class_list":["post-60989","post","type-post","status-publish","format-standard","hentry","category-politica"],"jetpack_shortlink":"https:\/\/wp.me\/p2JWE0-fRH","jetpack-related-posts":[{"id":59546,"url":"http:\/\/www.24baires.com\/?p=59546","url_meta":{"origin":60989,"position":0},"title":"An\u00edbal Fern\u00e1ndez asegur\u00f3 que el FPV ganar\u00e1 \u00aben primera o segunda vuelta\u00bb","author":"AF","date":"04\/01\/2015","format":false,"excerpt":"\u201cYo estoy convencido de que ganamos la elecci\u00f3n. En primera vuelta o en segunda, pero ganamos la elecci\u00f3n\u201d, asegur\u00f3 sobre los comicios de 2015 el secretario general de la Presidencia. El secretario general de la Presidencia, An\u00edbal Fern\u00e1ndez, vaticin\u00f3 hoy que el Frente para la Victoria (FpV) ganar\u00e1 las elecciones\u2026","rel":"","context":"En \u00abPol\u00edtica\u00bb","block_context":{"text":"Pol\u00edtica","link":"http:\/\/www.24baires.com\/?cat=51"},"img":{"alt_text":"fern\u00e1ndez an\u00edbal2","src":"https:\/\/i0.wp.com\/www.24baires.com\/wp-content\/uploads\/2012\/11\/fern%C3%A1ndez-an%C3%ADbal2.jpg?resize=350%2C200","width":350,"height":200,"srcset":"https:\/\/i0.wp.com\/www.24baires.com\/wp-content\/uploads\/2012\/11\/fern%C3%A1ndez-an%C3%ADbal2.jpg?resize=350%2C200 1x, https:\/\/i0.wp.com\/www.24baires.com\/wp-content\/uploads\/2012\/11\/fern%C3%A1ndez-an%C3%ADbal2.jpg?resize=525%2C300 1.5x"},"classes":[]},{"id":64185,"url":"http:\/\/www.24baires.com\/?p=64185","url_meta":{"origin":60989,"position":1},"title":"An\u00edbal descart\u00f3 nuevamente la posibilidad de ampliar la Corte","author":"Grupo Sierra","date":"13\/04\/2015","format":false,"excerpt":"El jefe de Gabinete asegur\u00f3 que desde el Poder Ejecutivo \"no hay ning\u00fan proyecto\", al ser consultado por la prensa sobre las versiones sobre una iniciativa para ampliar a nueve el n\u00famero de miembros del m\u00e1ximo tribunal. El jefe de Gabinete, An\u00edbal Fern\u00e1ndez, dijo hoy que \"no hay ning\u00fan proyecto\"\u2026","rel":"","context":"En \u00abPol\u00edtica\u00bb","block_context":{"text":"Pol\u00edtica","link":"http:\/\/www.24baires.com\/?cat=51"},"img":{"alt_text":"anibal conferencia","src":"https:\/\/i0.wp.com\/www.24baires.com\/wp-content\/uploads\/2015\/04\/anibal-conferencia.jpg?resize=350%2C200","width":350,"height":200,"srcset":"https:\/\/i0.wp.com\/www.24baires.com\/wp-content\/uploads\/2015\/04\/anibal-conferencia.jpg?resize=350%2C200 1x, https:\/\/i0.wp.com\/www.24baires.com\/wp-content\/uploads\/2015\/04\/anibal-conferencia.jpg?resize=525%2C300 1.5x"},"classes":[]},{"id":62546,"url":"http:\/\/www.24baires.com\/?p=62546","url_meta":{"origin":60989,"position":2},"title":"An\u00edbal Fern\u00e1ndez: \u00abLorenzetti sabr\u00e1 lo que tiene que decir\u00bb","author":"AF","date":"03\/03\/2015","format":false,"excerpt":"Lo dijo hoy el jefe de Gabinete en referencia al titular de la Corte Suprema de Justicia, al ser consultado sobre el mensaje que dar\u00e1 este mediod\u00eda el magistrado en el marco del inicio del nuevo a\u00f1o judicial. El jefe de Gabinete, An\u00edbal Fern\u00e1ndez, dijo hoy que el titular de\u2026","rel":"","context":"En \u00abPol\u00edtica\u00bb","block_context":{"text":"Pol\u00edtica","link":"http:\/\/www.24baires.com\/?cat=51"},"img":{"alt_text":"an\u00edbal fern\u00e1ndez","src":"https:\/\/i0.wp.com\/www.24baires.com\/wp-content\/uploads\/2014\/04\/an%C3%ADbal-fern%C3%A1ndez.jpg?resize=350%2C200","width":350,"height":200,"srcset":"https:\/\/i0.wp.com\/www.24baires.com\/wp-content\/uploads\/2014\/04\/an%C3%ADbal-fern%C3%A1ndez.jpg?resize=350%2C200 1x, https:\/\/i0.wp.com\/www.24baires.com\/wp-content\/uploads\/2014\/04\/an%C3%ADbal-fern%C3%A1ndez.jpg?resize=525%2C300 1.5x"},"classes":[]},{"id":26945,"url":"http:\/\/www.24baires.com\/?p=26945","url_meta":{"origin":60989,"position":3},"title":"\u00abEs una Corte opositora, no es independiente\u00bb, asegur\u00f3 An\u00edbal Fern\u00e1ndez","author":"AF","date":"26\/06\/2013","format":false,"excerpt":"El senador nacional consider\u00f3 que la declaraci\u00f3n de inconstitucionalidad de la elecci\u00f3n popular de miembros al Consejo de la Magistratura \"es un desprop\u00f3sito\". El senador nacional An\u00edbal Fern\u00e1ndez calific\u00f3 esta ma\u00f1ana como \"opositora\" a la Corte Suprema de Justicia, y consider\u00f3 que la declaraci\u00f3n de inconstitucionalidad de la elecci\u00f3n popular\u2026","rel":"","context":"En \u00abPol\u00edtica\u00bb","block_context":{"text":"Pol\u00edtica","link":"http:\/\/www.24baires.com\/?cat=51"},"img":{"alt_text":"fern\u00e1ndez an\u00edbal2","src":"https:\/\/i0.wp.com\/www.24baires.com\/wp-content\/uploads\/2012\/11\/fern%C3%A1ndez-an%C3%ADbal2.jpg?resize=350%2C200","width":350,"height":200,"srcset":"https:\/\/i0.wp.com\/www.24baires.com\/wp-content\/uploads\/2012\/11\/fern%C3%A1ndez-an%C3%ADbal2.jpg?resize=350%2C200 1x, https:\/\/i0.wp.com\/www.24baires.com\/wp-content\/uploads\/2012\/11\/fern%C3%A1ndez-an%C3%ADbal2.jpg?resize=525%2C300 1.5x"},"classes":[]},{"id":57514,"url":"http:\/\/www.24baires.com\/?p=57514","url_meta":{"origin":60989,"position":4},"title":"Para An\u00edbal Fern\u00e1ndez, \u00ablo de la oposici\u00f3n es una verg\u00fcenza\u00bb","author":"GB","date":"21\/11\/2014","format":false,"excerpt":"El senador nacional An\u00edbal Fern\u00e1ndez (Frente para la Victoria) calific\u00f3 como \"una verg\u00fcenza\" la decisi\u00f3n de 28 senadores de la oposici\u00f3n de firmar un documento por el cual suscribieron un \"compromiso p\u00fablico\" para no cubrir la vacante generada en la Corte Suprema con la renuncia del juez Eugenio Zaffaroni. \"Es\u2026","rel":"","context":"En \u00abPol\u00edtica\u00bb","block_context":{"text":"Pol\u00edtica","link":"http:\/\/www.24baires.com\/?cat=51"},"img":{"alt_text":"fern\u00e1ndez an\u00edbal2","src":"https:\/\/i0.wp.com\/www.24baires.com\/wp-content\/uploads\/2012\/11\/fern%C3%A1ndez-an%C3%ADbal2.jpg?resize=350%2C200","width":350,"height":200,"srcset":"https:\/\/i0.wp.com\/www.24baires.com\/wp-content\/uploads\/2012\/11\/fern%C3%A1ndez-an%C3%ADbal2.jpg?resize=350%2C200 1x, https:\/\/i0.wp.com\/www.24baires.com\/wp-content\/uploads\/2012\/11\/fern%C3%A1ndez-an%C3%ADbal2.jpg?resize=525%2C300 1.5x"},"classes":[]},{"id":66050,"url":"http:\/\/www.24baires.com\/?p=66050","url_meta":{"origin":60989,"position":5},"title":"An\u00edbal, seguro, reafirm\u00f3 que el FpV gana \u00aben primera o segunda vuelta\u00bb","author":"GB","date":"17\/05\/2015","format":false,"excerpt":"El jefe de Gabinete de Ministros An\u00edbal Fern\u00e1ndez, se mostr\u00f3 confiado en el triunfo del Frente para la Victoria en las elecciones de octubre, \u201cgana en primera o segunda vuelta\u201d indic\u00f3, al mismo tiempo que augur\u00f3 que la elecci\u00f3n \u201cse va a polarizar mucho con la derecha\u201d. \u201cLa elecci\u00f3n presidencial\u2026","rel":"","context":"En \u00abPol\u00edtica\u00bb","block_context":{"text":"Pol\u00edtica","link":"http:\/\/www.24baires.com\/?cat=51"},"img":{"alt_text":"anibal conferencia","src":"https:\/\/i0.wp.com\/www.24baires.com\/wp-content\/uploads\/2015\/04\/anibal-conferencia.jpg?resize=350%2C200","width":350,"height":200,"srcset":"https:\/\/i0.wp.com\/www.24baires.com\/wp-content\/uploads\/2015\/04\/anibal-conferencia.jpg?resize=350%2C200 1x, https:\/\/i0.wp.com\/www.24baires.com\/wp-content\/uploads\/2015\/04\/anibal-conferencia.jpg?resize=525%2C300 1.5x"},"classes":[]}],"jetpack_sharing_enabled":true,"jetpack_likes_enabled":true,"jetpack_featured_media_url":"","_links":{"self":[{"href":"http:\/\/www.24baires.com\/index.php?rest_route=\/wp\/v2\/posts\/60989","targetHints":{"allow":["GET"]}}],"collection":[{"href":"http:\/\/www.24baires.com\/index.php?rest_route=\/wp\/v2\/posts"}],"about":[{"href":"http:\/\/www.24baires.com\/index.php?rest_route=\/wp\/v2\/types\/post"}],"author":[{"embeddable":true,"href":"http:\/\/www.24baires.com\/index.php?rest_route=\/wp\/v2\/users\/8"}],"replies":[{"embeddable":true,"href":"http:\/\/www.24baires.com\/index.php?rest_route=%2Fwp%2Fv2%2Fcomments&post=60989"}],"version-history":[{"count":1,"href":"http:\/\/www.24baires.com\/index.php?rest_route=\/wp\/v2\/posts\/60989\/revisions"}],"predecessor-version":[{"id":60990,"href":"http:\/\/www.24baires.com\/index.php?rest_route=\/wp\/v2\/posts\/60989\/revisions\/60990"}],"wp:attachment":[{"href":"http:\/\/www.24baires.com\/index.php?rest_route=%2Fwp%2Fv2%2Fmedia&parent=60989"}],"wp:term":[{"taxonomy":"category","embeddable":true,"href":"http:\/\/www.24baires.com\/index.php?rest_route=%2Fwp%2Fv2%2Fcategories&post=60989"},{"taxonomy":"post_tag","embeddable":true,"href":"http:\/\/www.24baires.com\/index.php?rest_route=%2Fwp%2Fv2%2Ftags&post=60989"}],"curies":[{"name":"wp","href":"https:\/\/api.w.org\/{rel}","templated":true}]}}