{"id":60985,"date":"2015-01-30T10:00:43","date_gmt":"2015-01-30T13:00:43","guid":{"rendered":"http:\/\/www.24baires.com\/?p=60985"},"modified":"2015-01-30T09:49:20","modified_gmt":"2015-01-30T12:49:20","slug":"judiciales-bonaerenses-convocaron-a-un-paro-para-el-lunes","status":"publish","type":"post","link":"http:\/\/www.24baires.com\/?p=60985","title":{"rendered":"Judiciales bonaerenses convocaron a un paro para el lunes"},"content":{"rendered":"<p><img data-recalc-dims=\"1\" loading=\"lazy\" decoding=\"async\" class=\"aligncenter size-full wp-image-43971\" src=\"https:\/\/i0.wp.com\/www.24baires.com\/wp-content\/uploads\/2014\/04\/judiciales.jpg?resize=560%2C420\" alt=\"judiciales\" width=\"560\" height=\"420\" srcset=\"https:\/\/i0.wp.com\/www.24baires.com\/wp-content\/uploads\/2014\/04\/judiciales.jpg?w=560 560w, https:\/\/i0.wp.com\/www.24baires.com\/wp-content\/uploads\/2014\/04\/judiciales.jpg?resize=300%2C225 300w\" sizes=\"auto, (max-width: 560px) 100vw, 560px\" \/>La Asociaci\u00f3n Judicial Bonaerense (AJB) pidi\u00f3 al gobierno provincial \u00abuna propuesta superadora que destrabe el conflicto salarial\u201d.<!--more--><\/p>\n<p>\u00abLas asambleas realizadas a fines de diciembre reclamaron un aumento salarial para los empleados y funcionarios similar al otorgado a los magistrados a partir del 1\u00b0 de diciembre de 2014\u00bb, reza el comunicado y agrega que \u00abdurante enero, la AJB mantuvo dos reuniones de mesa t\u00e9cnica con representantes del Poder Ejecutivo provincial\u00bb.<\/p>\n<p>Recuerda que en el \u00faltimo encuentro, el Gobierno formaliz\u00f3 una propuesta de aumento salarial del 9,5% para los meses de enero y febrero, \u00abpero desestim\u00f3 el reclamo de incorporar el aumento que benefici\u00f3 a los jueces desde diciembre\u00bb y a\u00f1ade que \u00abel Ejecutivo tambi\u00e9n se neg\u00f3 a informar el aumento que otorgar\u00edan a los magistrados\u00bb.<\/p>\n<p>\u201cPropuesta insuficiente\u201d. Los Judiciales explican que \u00abante esta situaci\u00f3n, el 19 de enero la AJB envi\u00f3 una nota al Ejecutivo manifestando la insuficiencia de la \u00faltima propuesta, y se destac\u00f3 que adem\u00e1s de no subsanar el desequilibrio en las remuneraciones producido por el aumento otorgado a los jueces a partir de diciembre de 2014, omite un elemento esencial para su an\u00e1lisis como es el porcentaje de aumento que tendr\u00edan los magistrados a partir de enero\u00bb.<\/p>\n<p>\u00abAnte la ausencia de una nueva convocatoria que mejore la \u00faltima oferta, la AJB decidi\u00f3 iniciar el a\u00f1o judicial con una medida de fuerza, tal como fuera dispuesto por las asambleas departamentales realizadas a fin de a\u00f1o\u00bb, concluye el texto.<\/p>\n<p>&nbsp;<\/p>\n<p>&nbsp;<\/p>\n<p>&nbsp;<\/p>\n<p>&nbsp;<\/p>\n<p>&nbsp;<\/p>\n<p>&nbsp;<\/p>\n<p>&nbsp;<\/p>\n<p>&nbsp;<\/p>\n<p>&nbsp;<\/p>\n<p>&nbsp;<\/p>\n<p>&nbsp;<\/p>\n","protected":false},"excerpt":{"rendered":"<p>La Asociaci\u00f3n Judicial Bonaerense (AJB) pidi\u00f3 al gobierno provincial \u00abuna propuesta superadora que destrabe el conflicto salarial\u201d.<\/p>\n","protected":false},"author":8,"featured_media":0,"comment_status":"open","ping_status":"open","sticky":false,"template":"","format":"standard","meta":{"_jetpack_newsletter_access":"","_jetpack_dont_email_post_to_subs":false,"_jetpack_newsletter_tier_id":0,"_jetpack_memberships_contains_paywalled_content":false,"_jetpack_memberships_contains_paid_content":false,"footnotes":""},"categories":[51],"tags":[],"class_list":["post-60985","post","type-post","status-publish","format-standard","hentry","category-politica"],"jetpack_shortlink":"https:\/\/wp.me\/p2JWE0-fRD","jetpack-related-posts":[{"id":61146,"url":"http:\/\/www.24baires.com\/?p=61146","url_meta":{"origin":60985,"position":0},"title":"Los judiciales bonaerenses volvieron al paro y amenazan con mayores medidas de fuerza","author":"Grupo Sierra","date":"02\/02\/2015","format":false,"excerpt":"Los trabajadores enrolados en la Asociaci\u00f3n Judicial Bonaerense (AJB) realizan este lunes una huelga por 24 horas con asambleas en reclamo de una \"propuesta superadora\" a nivel salarial por parte del Gobierno de Daniel Scioli para destrabar el conflicto laboral. \"Las asambleas realizadas a fines de diciembre reclamaron un aumento\u2026","rel":"","context":"En \u00abProvincia\u00bb","block_context":{"text":"Provincia","link":"http:\/\/www.24baires.com\/?cat=40"},"img":{"alt_text":"ajb","src":"https:\/\/i0.wp.com\/www.24baires.com\/wp-content\/uploads\/2014\/12\/ajb.jpg?resize=350%2C200","width":350,"height":200,"srcset":"https:\/\/i0.wp.com\/www.24baires.com\/wp-content\/uploads\/2014\/12\/ajb.jpg?resize=350%2C200 1x, https:\/\/i0.wp.com\/www.24baires.com\/wp-content\/uploads\/2014\/12\/ajb.jpg?resize=525%2C300 1.5x"},"classes":[]},{"id":106764,"url":"http:\/\/www.24baires.com\/?p=106764","url_meta":{"origin":60985,"position":1},"title":"Judiciales exigen negociaciones salariales","author":"GB","date":"11\/02\/2019","format":false,"excerpt":"Desde la AJB le exigieron al Ministerio de Trabajo bonaerense que convoque a la reapertura de paritarias \u201csuspendida desde el 4 de diciembre\u201d. Los judiciales solicitaron al Ministerio de Trabajo que convoquen a la reapertura de la paritaria 2018. Los trabajadores del sector manifestaron que exigen no perder el poder\u2026","rel":"","context":"En \u00abProvincia\u00bb","block_context":{"text":"Provincia","link":"http:\/\/www.24baires.com\/?cat=40"},"img":{"alt_text":"","src":"https:\/\/i0.wp.com\/www.24baires.com\/wp-content\/uploads\/2014\/04\/judiciales.jpg?resize=350%2C200","width":350,"height":200,"srcset":"https:\/\/i0.wp.com\/www.24baires.com\/wp-content\/uploads\/2014\/04\/judiciales.jpg?resize=350%2C200 1x, https:\/\/i0.wp.com\/www.24baires.com\/wp-content\/uploads\/2014\/04\/judiciales.jpg?resize=525%2C300 1.5x"},"classes":[]},{"id":61833,"url":"http:\/\/www.24baires.com\/?p=61833","url_meta":{"origin":60985,"position":2},"title":"Judiciales bonaerenses reclaman una suba del 40 por ciento","author":"GB","date":"16\/02\/2015","format":false,"excerpt":"La AJB reclamar\u00e1 un incremento anual del 40%. Se exigir\u00e1 un \u00fanico porcentaje de aumento para todas las categor\u00edas representadas por el gremio, y que se recupere la diferencia producida por el incremento dado a los jueces en diciembre. El gremio judicial llevar\u00e1 a la negociaci\u00f3n salarial que dar\u00e1 inicio\u2026","rel":"","context":"En \u00abProvincia\u00bb","block_context":{"text":"Provincia","link":"http:\/\/www.24baires.com\/?cat=40"},"img":{"alt_text":"judicial","src":"https:\/\/i0.wp.com\/www.24baires.com\/wp-content\/uploads\/2014\/03\/judicial.gif?resize=350%2C200","width":350,"height":200,"srcset":"https:\/\/i0.wp.com\/www.24baires.com\/wp-content\/uploads\/2014\/03\/judicial.gif?resize=350%2C200 1x, https:\/\/i0.wp.com\/www.24baires.com\/wp-content\/uploads\/2014\/03\/judicial.gif?resize=525%2C300 1.5x"},"classes":[]},{"id":102501,"url":"http:\/\/www.24baires.com\/?p=102501","url_meta":{"origin":60985,"position":3},"title":"Provincia otorg\u00f3 a los judiciales un pago a cuenta del siete por ciento","author":"GB","date":"02\/06\/2018","format":false,"excerpt":"La Asociaci\u00f3n Judicial Bonaerense, que la semana pasada rechaz\u00f3 una oferta de 15 por ciento de aumento, consider\u00f3 que la medida representa una \"nueva muestra de autoritarismo\". El Gobierno bonaerense liquid\u00f3 hoy un pago a cuenta del siete por ciento a los trabajadores judiciales, que la semana pasada rechazaron la\u2026","rel":"","context":"En \u00abProvincia\u00bb","block_context":{"text":"Provincia","link":"http:\/\/www.24baires.com\/?cat=40"},"img":{"alt_text":"","src":"https:\/\/i0.wp.com\/www.24baires.com\/wp-content\/uploads\/2014\/04\/judiciales.jpg?resize=350%2C200","width":350,"height":200,"srcset":"https:\/\/i0.wp.com\/www.24baires.com\/wp-content\/uploads\/2014\/04\/judiciales.jpg?resize=350%2C200 1x, https:\/\/i0.wp.com\/www.24baires.com\/wp-content\/uploads\/2014\/04\/judiciales.jpg?resize=525%2C300 1.5x"},"classes":[]},{"id":107739,"url":"http:\/\/www.24baires.com\/?p=107739","url_meta":{"origin":60985,"position":4},"title":"M\u00e9dicos y judiciales encaran la semana con un paro para exigirle al gobierno bonaerense aumento salarial","author":"GB","date":"22\/04\/2019","format":false,"excerpt":"Cicop convoc\u00f3 a la medida de fuerza por 48 horas mientras que la AJB por 24. Ambos marchar\u00e1n para plantearle al Ejecutivo que los convoque a discutir sueldos. Mientras el gobierno bonaerense cerr\u00f3 un acuerdo con la conducci\u00f3n del Frente de Unidad Docentes, el resto de los estatales reclama que\u2026","rel":"","context":"En \u00abPol\u00edtica\u00bb","block_context":{"text":"Pol\u00edtica","link":"http:\/\/www.24baires.com\/?cat=51"},"img":{"alt_text":"","src":"https:\/\/i0.wp.com\/www.24baires.com\/wp-content\/uploads\/2019\/04\/gobierno.jpg?resize=350%2C200","width":350,"height":200,"srcset":"https:\/\/i0.wp.com\/www.24baires.com\/wp-content\/uploads\/2019\/04\/gobierno.jpg?resize=350%2C200 1x, https:\/\/i0.wp.com\/www.24baires.com\/wp-content\/uploads\/2019\/04\/gobierno.jpg?resize=525%2C300 1.5x"},"classes":[]},{"id":102580,"url":"http:\/\/www.24baires.com\/?p=102580","url_meta":{"origin":60985,"position":5},"title":"Judiciales y m\u00e9dicos bonaerenses realizan paro para exigir paritarias","author":"GB","date":"07\/06\/2018","format":false,"excerpt":"Tanto la AJB como Cicop, comenzaron este jueves una huelga por 24 horas en toda la provincia de Buenos Aires. El conflicto se profundiza y piden al Poder Ejecutivo que los llame para discutir aumento salarial. Los judiciales junto a m\u00e9dicos y profesionales de la salud bonaerenses comenzaron un paro\u2026","rel":"","context":"En \u00abProvincia\u00bb","block_context":{"text":"Provincia","link":"http:\/\/www.24baires.com\/?cat=40"},"img":{"alt_text":"","src":"https:\/\/i0.wp.com\/www.24baires.com\/wp-content\/uploads\/2012\/12\/cicop-300x187.jpg?resize=350%2C200","width":350,"height":200},"classes":[]}],"jetpack_sharing_enabled":true,"jetpack_likes_enabled":true,"jetpack_featured_media_url":"","_links":{"self":[{"href":"http:\/\/www.24baires.com\/index.php?rest_route=\/wp\/v2\/posts\/60985","targetHints":{"allow":["GET"]}}],"collection":[{"href":"http:\/\/www.24baires.com\/index.php?rest_route=\/wp\/v2\/posts"}],"about":[{"href":"http:\/\/www.24baires.com\/index.php?rest_route=\/wp\/v2\/types\/post"}],"author":[{"embeddable":true,"href":"http:\/\/www.24baires.com\/index.php?rest_route=\/wp\/v2\/users\/8"}],"replies":[{"embeddable":true,"href":"http:\/\/www.24baires.com\/index.php?rest_route=%2Fwp%2Fv2%2Fcomments&post=60985"}],"version-history":[{"count":1,"href":"http:\/\/www.24baires.com\/index.php?rest_route=\/wp\/v2\/posts\/60985\/revisions"}],"predecessor-version":[{"id":60986,"href":"http:\/\/www.24baires.com\/index.php?rest_route=\/wp\/v2\/posts\/60985\/revisions\/60986"}],"wp:attachment":[{"href":"http:\/\/www.24baires.com\/index.php?rest_route=%2Fwp%2Fv2%2Fmedia&parent=60985"}],"wp:term":[{"taxonomy":"category","embeddable":true,"href":"http:\/\/www.24baires.com\/index.php?rest_route=%2Fwp%2Fv2%2Fcategories&post=60985"},{"taxonomy":"post_tag","embeddable":true,"href":"http:\/\/www.24baires.com\/index.php?rest_route=%2Fwp%2Fv2%2Ftags&post=60985"}],"curies":[{"name":"wp","href":"https:\/\/api.w.org\/{rel}","templated":true}]}}