{"id":60983,"date":"2015-01-30T09:45:49","date_gmt":"2015-01-30T12:45:49","guid":{"rendered":"http:\/\/www.24baires.com\/?p=60983"},"modified":"2015-01-31T10:05:19","modified_gmt":"2015-01-31T13:05:19","slug":"capitanich-no-hay-ninguna-interferencia-en-la-investigacion","status":"publish","type":"post","link":"http:\/\/www.24baires.com\/?p=60983","title":{"rendered":"Capitanich: \u00abNo hay ninguna interferencia en la investigaci\u00f3n\u00bb"},"content":{"rendered":"<p><img data-recalc-dims=\"1\" loading=\"lazy\" decoding=\"async\" src=\"https:\/\/i0.wp.com\/www.24baires.com\/wp-content\/uploads\/2014\/09\/capitanich-4.jpg?resize=560%2C313\" alt=\"capitanich 4\" width=\"560\" height=\"313\" class=\"aligncenter size-full wp-image-53421\" srcset=\"https:\/\/i0.wp.com\/www.24baires.com\/wp-content\/uploads\/2014\/09\/capitanich-4.jpg?w=560 560w, https:\/\/i0.wp.com\/www.24baires.com\/wp-content\/uploads\/2014\/09\/capitanich-4.jpg?resize=300%2C167 300w\" sizes=\"auto, (max-width: 560px) 100vw, 560px\" \/>El jefe de Gabinete asegur\u00f3 que lo que si existe por parte del Ejecutivo es \u201cvoluntad de apoyar para el esclarecimiento del hecho\u00bb y recalc\u00f3 que la pesquisa sobre la muerte del fiscal \u00abes una responsabilidad que corresponde al Poder Judicial\u00bb.<!--more--><\/p>\n<p>\u00abLas garant\u00edas existen para la investigaci\u00f3n exhaustiva profunda\u00bb, indic\u00f3 el jefe de ministros en su contacto habitual con la prensa en Casa de Gobierno.<\/p>\n<p>En tanto, al ser consultado respecto de la iniciativa del legislador estadounidense republicano Marco Rubio respecto de la necesidad de una investigaci\u00f3n internacional sobre la muerte de Nisman, calific\u00f3 la iniciativa como \u00abinjerencia indebida\u00bb.<\/p>\n<p>\u00abArgentina es un pa\u00eds aut\u00f3nomo, soberano e independiente. Con su visi\u00f3n imperial desconoce la carta de la ONU y significa una intromisi\u00f3n indebida, una injerencia indebida propia de car\u00e1cter imperial\u00bb, opin\u00f3.<\/p>\n<p>Asimismo, sostuvo que Rubio \u00abrepresenta a la m\u00e1s recalcitrante derecha republicana, y sus declaraciones constituyen un agravio\u00bb.<br \/>\nAsimismo, al referirse a la iniciativa del Poder Ejecutivo para crear la Agencia Federal de Inteligencia en reemplazo de la Secretar\u00eda de Inteligencia, lo que ser\u00e1 tratado en sesiones extraordinarias durante el mes de febrero, sostuvo que \u00abel proyecto se va a enviar (al Congreso) en el d\u00eda de la fecha\u00bb.<\/p>\n","protected":false},"excerpt":{"rendered":"<p>El jefe de Gabinete asegur\u00f3 que lo que si existe por parte del Ejecutivo es \u201cvoluntad de apoyar para el esclarecimiento del hecho\u00bb y recalc\u00f3 que la pesquisa sobre la muerte del fiscal \u00abes una responsabilidad que corresponde al Poder Judicial\u00bb.<\/p>\n","protected":false},"author":8,"featured_media":0,"comment_status":"open","ping_status":"open","sticky":false,"template":"","format":"standard","meta":{"_jetpack_newsletter_access":"","_jetpack_dont_email_post_to_subs":false,"_jetpack_newsletter_tier_id":0,"_jetpack_memberships_contains_paywalled_content":false,"_jetpack_memberships_contains_paid_content":false,"footnotes":""},"categories":[51],"tags":[],"class_list":["post-60983","post","type-post","status-publish","format-standard","hentry","category-politica"],"jetpack_shortlink":"https:\/\/wp.me\/p2JWE0-fRB","jetpack-related-posts":[{"id":53712,"url":"http:\/\/www.24baires.com\/?p=53712","url_meta":{"origin":60983,"position":0},"title":"Capitanich cuestion\u00f3 lo dicho por funcionario estadounidense sobre Argentina","author":"AF","date":"16\/09\/2014","format":false,"excerpt":"El jefe de Gabinete, Jorge Capitanich, cuestion\u00f3 al encargado de negocios de la embajada de Estados Unidos en Buenos Aires, Kevin Sullivan, por haber manifestado que la Argentina estaba en default y consider\u00f3 esa declaraci\u00f3n como \"una injerencia indebida en la soberan\u00eda de un pa\u00eds\". Para Capitanich, las declaraciones de\u2026","rel":"","context":"En \u00abInternacionales\u00bb","block_context":{"text":"Internacionales","link":"http:\/\/www.24baires.com\/?cat=73"},"img":{"alt_text":"capitanich","src":"https:\/\/i0.wp.com\/www.24baires.com\/wp-content\/uploads\/2014\/09\/capitanich1.jpg?resize=350%2C200","width":350,"height":200,"srcset":"https:\/\/i0.wp.com\/www.24baires.com\/wp-content\/uploads\/2014\/09\/capitanich1.jpg?resize=350%2C200 1x, https:\/\/i0.wp.com\/www.24baires.com\/wp-content\/uploads\/2014\/09\/capitanich1.jpg?resize=525%2C300 1.5x"},"classes":[]},{"id":38900,"url":"http:\/\/www.24baires.com\/?p=38900","url_meta":{"origin":60983,"position":1},"title":"Anses descubri\u00f3 otra estafa: trataban obtener subsidios con actas de defunci\u00f3n ap\u00f3crifas","author":"GB","date":"20\/01\/2014","format":false,"excerpt":"El organismo anunci\u00f3 que la semana pasada fueron detenidas tres personas que intentaron percibir de forma indebida y con actas de defunci\u00f3n ap\u00f3crifas el subsidio que se otorga por el fallecimiento de un jubilado. El viernes pasado fueron detenidas tres mujeres en la ciudad de Chascom\u00fas tras intentar perpetrar una\u2026","rel":"","context":"En \u00abPol\u00edtica\u00bb","block_context":{"text":"Pol\u00edtica","link":"http:\/\/www.24baires.com\/?cat=51"},"img":{"alt_text":"","src":"","width":0,"height":0},"classes":[]},{"id":96350,"url":"http:\/\/www.24baires.com\/?p=96350","url_meta":{"origin":60983,"position":2},"title":"Fiscales de Argentina y Brasil denuncian que los gobiernos traban la investigaci\u00f3n por Odebrecht","author":"AF","date":"01\/08\/2017","format":false,"excerpt":"Lo hicieron a trav\u00e9s de un comunicado donde ponen de manifiesto la actitud de las administraciones de Macri y Temer, que adem\u00e1s pretenden desvirtuar los acuerdos firmados entre ambos pa\u00edses. Los Ministerios P\u00fablicos de la Rep\u00fablica Federativa del Brasil y de la Rep\u00fablica Argentina denunciaron que desde los gobiernos de\u2026","rel":"","context":"En \u00abJUDICIALES\u00bb","block_context":{"text":"JUDICIALES","link":"http:\/\/www.24baires.com\/?cat=68"},"img":{"alt_text":"","src":"https:\/\/i0.wp.com\/www.24baires.com\/wp-content\/uploads\/2017\/05\/odebrecht.jpg?resize=350%2C200","width":350,"height":200,"srcset":"https:\/\/i0.wp.com\/www.24baires.com\/wp-content\/uploads\/2017\/05\/odebrecht.jpg?resize=350%2C200 1x, https:\/\/i0.wp.com\/www.24baires.com\/wp-content\/uploads\/2017\/05\/odebrecht.jpg?resize=525%2C300 1.5x"},"classes":[]},{"id":103566,"url":"http:\/\/www.24baires.com\/?p=103566","url_meta":{"origin":60983,"position":3},"title":"ARBA denunci\u00f3 penalmente a 73 empresas por apropiaci\u00f3n indebida de impuestos","author":"Grupo Sierra","date":"27\/07\/2018","format":false,"excerpt":"En el \u00faltimo a\u00f1o, la Agencia de Recaudaci\u00f3n de la provincia de Buenos Aires present\u00f3 denuncias contra 73 empresas por apropiaci\u00f3n indebida de impuestos, un delito tipificado en el r\u00e9gimen penal tributario que contempla condenas de prisi\u00f3n de entre 2 y 6 a\u00f1os. Gast\u00f3n Fossati, director de ARBA, explic\u00f3 que\u2026","rel":"","context":"En \u00abProvincia\u00bb","block_context":{"text":"Provincia","link":"http:\/\/www.24baires.com\/?cat=40"},"img":{"alt_text":"","src":"https:\/\/i0.wp.com\/www.24baires.com\/wp-content\/uploads\/2018\/07\/arba-Fossati-ConteGrand.jpg?resize=350%2C200","width":350,"height":200,"srcset":"https:\/\/i0.wp.com\/www.24baires.com\/wp-content\/uploads\/2018\/07\/arba-Fossati-ConteGrand.jpg?resize=350%2C200 1x, https:\/\/i0.wp.com\/www.24baires.com\/wp-content\/uploads\/2018\/07\/arba-Fossati-ConteGrand.jpg?resize=525%2C300 1.5x"},"classes":[]},{"id":8648,"url":"http:\/\/www.24baires.com\/?p=8648","url_meta":{"origin":60983,"position":4},"title":"La comisi\u00f3n que investiga a Tellechea present\u00f3 13 cargos en su contra","author":"AF","date":"11\/12\/2012","format":false,"excerpt":"La comisi\u00f3n investigadora del Concejo Deliberante de Necochea que analiza el accionar del intendente local, Horacio Tellechea, present\u00f3 ayer 13 cargos en su contra, y ahora el jefe comunal tiene diez d\u00edas h\u00e1biles para responder. En un extenso informe de 103 fojas, la comisi\u00f3n encontr\u00f3 13 irregularidades en el accionar\u2026","rel":"","context":"En \u00abPol\u00edtica\u00bb","block_context":{"text":"Pol\u00edtica","link":"http:\/\/www.24baires.com\/?cat=51"},"img":{"alt_text":"","src":"https:\/\/i0.wp.com\/www.24baires.com\/wp-content\/uploads\/2012\/12\/tellechea-24ba-300x224.jpg?resize=350%2C200","width":350,"height":200},"classes":[]},{"id":100422,"url":"http:\/\/www.24baires.com\/?p=100422","url_meta":{"origin":60983,"position":5},"title":"Revocaron uno de los procesamientos de Julio De Vido","author":"AF","date":"07\/02\/2018","format":false,"excerpt":"La Sala II de la C\u00e1mara Federal porte\u00f1a consider\u00f3 que no hay motivos para que el ex funcionario siga procesado por el presunto pago indebido de subsidios al gasoil a las empresas de colectivos urbanos. Advirti\u00f3 que los peritajes realizados hasta el momento carecieron de \u201csuficiente rigor t\u00e9cnico\u201d. La C\u00e1mara\u2026","rel":"","context":"En \u00abJUDICIALES\u00bb","block_context":{"text":"JUDICIALES","link":"http:\/\/www.24baires.com\/?cat=68"},"img":{"alt_text":"","src":"https:\/\/i0.wp.com\/www.24baires.com\/wp-content\/uploads\/2017\/09\/de-vido-juicio.jpg?resize=350%2C200","width":350,"height":200,"srcset":"https:\/\/i0.wp.com\/www.24baires.com\/wp-content\/uploads\/2017\/09\/de-vido-juicio.jpg?resize=350%2C200 1x, https:\/\/i0.wp.com\/www.24baires.com\/wp-content\/uploads\/2017\/09\/de-vido-juicio.jpg?resize=525%2C300 1.5x"},"classes":[]}],"jetpack_sharing_enabled":true,"jetpack_likes_enabled":true,"jetpack_featured_media_url":"","_links":{"self":[{"href":"http:\/\/www.24baires.com\/index.php?rest_route=\/wp\/v2\/posts\/60983","targetHints":{"allow":["GET"]}}],"collection":[{"href":"http:\/\/www.24baires.com\/index.php?rest_route=\/wp\/v2\/posts"}],"about":[{"href":"http:\/\/www.24baires.com\/index.php?rest_route=\/wp\/v2\/types\/post"}],"author":[{"embeddable":true,"href":"http:\/\/www.24baires.com\/index.php?rest_route=\/wp\/v2\/users\/8"}],"replies":[{"embeddable":true,"href":"http:\/\/www.24baires.com\/index.php?rest_route=%2Fwp%2Fv2%2Fcomments&post=60983"}],"version-history":[{"count":1,"href":"http:\/\/www.24baires.com\/index.php?rest_route=\/wp\/v2\/posts\/60983\/revisions"}],"predecessor-version":[{"id":60984,"href":"http:\/\/www.24baires.com\/index.php?rest_route=\/wp\/v2\/posts\/60983\/revisions\/60984"}],"wp:attachment":[{"href":"http:\/\/www.24baires.com\/index.php?rest_route=%2Fwp%2Fv2%2Fmedia&parent=60983"}],"wp:term":[{"taxonomy":"category","embeddable":true,"href":"http:\/\/www.24baires.com\/index.php?rest_route=%2Fwp%2Fv2%2Fcategories&post=60983"},{"taxonomy":"post_tag","embeddable":true,"href":"http:\/\/www.24baires.com\/index.php?rest_route=%2Fwp%2Fv2%2Ftags&post=60983"}],"curies":[{"name":"wp","href":"https:\/\/api.w.org\/{rel}","templated":true}]}}