{"id":60965,"date":"2015-01-29T19:19:36","date_gmt":"2015-01-29T22:19:36","guid":{"rendered":"http:\/\/www.24baires.com\/?p=60965"},"modified":"2015-01-29T19:19:36","modified_gmt":"2015-01-29T22:19:36","slug":"massa-imita-la-tonada-provincial-y-ya-tiene-videos-de-parodia","status":"publish","type":"post","link":"http:\/\/www.24baires.com\/?p=60965","title":{"rendered":"Massa \u00abimita la tonada provincial\u00bb y ya tiene videos de parodia"},"content":{"rendered":"<p><object width=\"560\" height=\"420\"><param name=\"movie\" value=\"http:\/\/www.youtube.com\/v\/yWBmDdM2vhY?version=3&amp;hl=es_ES\" \/><param name=\"allowFullScreen\" value=\"true\" \/><param name=\"allowscriptaccess\" value=\"always\" \/><\/object><br \/>\nEl precandidato presidencial por el Frente Renovador dio a conocer una serie de piezas audiovisuales de campa\u00f1a con mensajes para distintas provincias en las que intenta imitar la variante dialectal de cada regi\u00f3n. La redes sociales, como era de esperar, no dejaron pasar la ocasi\u00f3n.<!--more--><\/p>\n<p>\u00abHola, soy Sergio Massa y te quiero hablar a vos que est\u00e1s ah\u00ed en Tucum\u00e1n haciendo patria&#8230;\u00bb Camisa celeste, escenograf\u00eda descontracturada de lugar \u00aben que los equipos de campa\u00f1a estuvieron trabajando hasta reci\u00e9n\u00bb, el candidato mira fijo a la c\u00e1mara, sentado arriba de una mesa, tono joven y descontracturado. Hasta ah\u00ed nada que salga de los c\u00e1nones de la comunicaci\u00f3n pol\u00edtica de un candidato h\u00edperformateado por sus asesores de campa\u00f1a, encuesta y focus group en mano. Sin embargo, hay m\u00e1s.<\/p>\n<p>Si se presta atenci\u00f3n, ni bien comienza la locuci\u00f3n del candidato, Massa fuerza en su dicci\u00f3n la s final de palabra cuando se encuentra con una vocal en la palabra siguiente. T\u00e9cnicamente, aspira la s y produce esa manera en que la variante dialectal en algunas provincias del centro y norte del pa\u00eds dice, por ejemplo: \u00abvos, que est\u00e1s ah\u00ed\u00bb; que suena \u00abvos que estaj ah\u00ed\u00bb.<\/p>\n<p>Al borde del rid\u00edculo y en una entre osada e ins\u00f3lita decisi\u00f3n de campa\u00f1a, Sergio Massa grab\u00f3 una serie de spots imitando esa forma de la pronunciaci\u00f3n.<\/p>\n<p>Como no pod\u00eda ser de otra manera, las redes sociales r\u00e1pidamente se hicieron eco de la campa\u00f1a, aunque hay que decirlo, abrumadoramente en plan de re\u00edrse del candidato.<\/p>\n","protected":false},"excerpt":{"rendered":"<p>El precandidato presidencial por el Frente Renovador dio a conocer una serie de piezas audiovisuales de campa\u00f1a con mensajes para distintas provincias en las que intenta imitar la variante dialectal de cada regi\u00f3n. La redes sociales, como era de esperar, no dejaron pasar la ocasi\u00f3n.<\/p>\n","protected":false},"author":11,"featured_media":0,"comment_status":"open","ping_status":"open","sticky":false,"template":"","format":"standard","meta":{"_jetpack_newsletter_access":"","_jetpack_dont_email_post_to_subs":false,"_jetpack_newsletter_tier_id":0,"_jetpack_memberships_contains_paywalled_content":false,"_jetpack_memberships_contains_paid_content":false,"footnotes":""},"categories":[51],"tags":[],"class_list":["post-60965","post","type-post","status-publish","format-standard","hentry","category-politica"],"jetpack_shortlink":"https:\/\/wp.me\/p2JWE0-fRj","jetpack-related-posts":[{"id":62712,"url":"http:\/\/www.24baires.com\/?p=62712","url_meta":{"origin":60965,"position":0},"title":"Massa baja en las encuestas y va perdiendo sost\u00e9n medi\u00e1tico","author":"Grupo Sierra","date":"05\/03\/2015","format":false,"excerpt":"Hemos conocido imposturas notables de pol\u00edticos que no necesitan fingir ciertas cosas pero igual deciden arriesgarse y fracasan con estr\u00e9pito. Como cuando Macri y Michetti se fotografiaron con otros funcionaron del PRO comiendo chorip\u00e1n o intentando hacerlo. Hoy vuelve a ser el turno de Sergio Massa, que ya con sus\u2026","rel":"","context":"En \u00abOpini\u00f3n\u00bb","block_context":{"text":"Opini\u00f3n","link":"http:\/\/www.24baires.com\/?cat=64"},"img":{"alt_text":"","src":"https:\/\/i0.wp.com\/www.24baires.com\/wp-content\/uploads\/2015\/03\/massa-microfono.jpg?resize=350%2C200","width":350,"height":200,"srcset":"https:\/\/i0.wp.com\/www.24baires.com\/wp-content\/uploads\/2015\/03\/massa-microfono.jpg?resize=350%2C200 1x, https:\/\/i0.wp.com\/www.24baires.com\/wp-content\/uploads\/2015\/03\/massa-microfono.jpg?resize=525%2C300 1.5x"},"classes":[]},{"id":3552,"url":"http:\/\/www.24baires.com\/?p=3552","url_meta":{"origin":60965,"position":1},"title":"Scioli pide \u00abdesdramatizar\u00bb 8N y 7D","author":"Grupo Sierra","date":"28\/10\/2012","format":false,"excerpt":"El gobernador bonaerense inst\u00f3 a todo el arco de la pol\u00edtica a resolver conflictos \"en convivencia democr\u00e1tica\", al referirse a la movilizaci\u00f3n del 8 de noviembre y al conflicto por la Ley de Medios. El gobernador bonaerense, Daniel Scioli, llam\u00f3 hoy a resolver conflictos \"en convivencia democr\u00e1tica\" ante la movilizaci\u00f3n\u2026","rel":"","context":"En \u00abPol\u00edtica\u00bb","block_context":{"text":"Pol\u00edtica","link":"http:\/\/www.24baires.com\/?cat=51"},"img":{"alt_text":"","src":"https:\/\/i0.wp.com\/www.24baires.com\/wp-content\/uploads\/2012\/10\/scioli-medios.jpg?resize=350%2C200","width":350,"height":200,"srcset":"https:\/\/i0.wp.com\/www.24baires.com\/wp-content\/uploads\/2012\/10\/scioli-medios.jpg?resize=350%2C200 1x, https:\/\/i0.wp.com\/www.24baires.com\/wp-content\/uploads\/2012\/10\/scioli-medios.jpg?resize=525%2C300 1.5x"},"classes":[]},{"id":29140,"url":"http:\/\/www.24baires.com\/?p=29140","url_meta":{"origin":60965,"position":2},"title":"\u201cAbandonamos el oficialismo con la idea de no volver para atr\u00e1s\u201d, asegur\u00f3 Massa","author":"AF","date":"29\/07\/2013","format":false,"excerpt":"El candidato del Frente Renovador en la provincia de Buenos Aires, Sergio Massa, consider\u00f3 que hay que \"mirar para adelante y dejar el pasado\". \u201cAbandonamos el oficialismo con la idea de no volver para atr\u00e1s\u201d, asegur\u00f3 hoy el intendente de Tigre y candidato del Frente Renovador , Sergio Massa, en\u2026","rel":"","context":"En \u00abPol\u00edtica\u00bb","block_context":{"text":"Pol\u00edtica","link":"http:\/\/www.24baires.com\/?cat=51"},"img":{"alt_text":"massa otra","src":"https:\/\/i0.wp.com\/www.24baires.com\/wp-content\/uploads\/2013\/06\/massa-otra.jpg?resize=350%2C200","width":350,"height":200,"srcset":"https:\/\/i0.wp.com\/www.24baires.com\/wp-content\/uploads\/2013\/06\/massa-otra.jpg?resize=350%2C200 1x, https:\/\/i0.wp.com\/www.24baires.com\/wp-content\/uploads\/2013\/06\/massa-otra.jpg?resize=525%2C300 1.5x"},"classes":[]},{"id":40656,"url":"http:\/\/www.24baires.com\/?p=40656","url_meta":{"origin":60965,"position":3},"title":"Yo quiero un Casamiento Delivery, \u00bfy usted?","author":"Grupo Sierra","date":"18\/02\/2014","format":false,"excerpt":"La Directora Provincial del Registro Civil, Claudia Corrado, quien explic\u00f3 la nueva modalidad que se est\u00e1 implementando en la provincia. \"Queremos que todo el mundo se case\", afirm\u00f3. La Titular Letrada coment\u00f3 que le parece \u201cb\u00e1rbara esta posibilidad\u201d que ofrece la provincia de Buenos Aires, porque seg\u00fan se\u00f1al\u00f3 \u201chay muchas\u2026","rel":"","context":"En \u00abProvincia\u00bb","block_context":{"text":"Provincia","link":"http:\/\/www.24baires.com\/?cat=40"},"img":{"alt_text":"","src":"https:\/\/i0.wp.com\/www.24baires.com\/wp-content\/uploads\/2014\/02\/casamiento.jpg?resize=350%2C200","width":350,"height":200,"srcset":"https:\/\/i0.wp.com\/www.24baires.com\/wp-content\/uploads\/2014\/02\/casamiento.jpg?resize=350%2C200 1x, https:\/\/i0.wp.com\/www.24baires.com\/wp-content\/uploads\/2014\/02\/casamiento.jpg?resize=525%2C300 1.5x"},"classes":[]},{"id":108574,"url":"http:\/\/www.24baires.com\/?p=108574","url_meta":{"origin":60965,"position":4},"title":"\u201cValoramos la propuesta de Alberto Fern\u00e1ndez\u201d","author":"AF","date":"04\/06\/2019","format":false,"excerpt":"Altos dirigentes del Frente Renovador revelaron a P\u00e1gina\/12 que recibieron \u201ccon mucho inter\u00e9s\u201d la idea de unas PASO abiertas. En un d\u00eda surcado por las versiones m\u00e1s estrafalarias sobre qu\u00e9 quiere de verdad el massismo, altos dirigentes del Frente Renovador accedieron a la consulta de P\u00e1ginaI12. \u201cValoramos con mucho inter\u00e9s\u2026","rel":"","context":"En \u00abSociedad\u00bb","block_context":{"text":"Sociedad","link":"http:\/\/www.24baires.com\/?cat=1"},"img":{"alt_text":"","src":"https:\/\/i0.wp.com\/www.24baires.com\/wp-content\/uploads\/2018\/10\/massa-zamora.jpg?resize=350%2C200","width":350,"height":200,"srcset":"https:\/\/i0.wp.com\/www.24baires.com\/wp-content\/uploads\/2018\/10\/massa-zamora.jpg?resize=350%2C200 1x, https:\/\/i0.wp.com\/www.24baires.com\/wp-content\/uploads\/2018\/10\/massa-zamora.jpg?resize=525%2C300 1.5x"},"classes":[]},{"id":120667,"url":"http:\/\/www.24baires.com\/?p=120667","url_meta":{"origin":60965,"position":5},"title":"Massa cerr\u00f3 su campa\u00f1a con estudiantes secundarios","author":"AF","date":"16\/11\/2023","format":false,"excerpt":"En su \u00faltimo acto previo al balotaje, el candidato de Uni\u00f3n por la Patria eligi\u00f3 rodearse de j\u00f3venes y prometi\u00f3 defender la educaci\u00f3n p\u00fablica. Clima festivo y optimismo de cara al domingo. Rodeado de j\u00f3venes que saltaban con \u00e9l en un pogo improvisado, al ritmo del jingle que dice: \"preparame\u2026","rel":"","context":"En \u00abPol\u00edtica\u00bb","block_context":{"text":"Pol\u00edtica","link":"http:\/\/www.24baires.com\/?cat=51"},"img":{"alt_text":"","src":"https:\/\/i0.wp.com\/www.24baires.com\/wp-content\/uploads\/2023\/11\/massa.jpg?resize=350%2C200","width":350,"height":200,"srcset":"https:\/\/i0.wp.com\/www.24baires.com\/wp-content\/uploads\/2023\/11\/massa.jpg?resize=350%2C200 1x, https:\/\/i0.wp.com\/www.24baires.com\/wp-content\/uploads\/2023\/11\/massa.jpg?resize=525%2C300 1.5x, https:\/\/i0.wp.com\/www.24baires.com\/wp-content\/uploads\/2023\/11\/massa.jpg?resize=700%2C400 2x"},"classes":[]}],"jetpack_sharing_enabled":true,"jetpack_likes_enabled":true,"jetpack_featured_media_url":"","_links":{"self":[{"href":"http:\/\/www.24baires.com\/index.php?rest_route=\/wp\/v2\/posts\/60965","targetHints":{"allow":["GET"]}}],"collection":[{"href":"http:\/\/www.24baires.com\/index.php?rest_route=\/wp\/v2\/posts"}],"about":[{"href":"http:\/\/www.24baires.com\/index.php?rest_route=\/wp\/v2\/types\/post"}],"author":[{"embeddable":true,"href":"http:\/\/www.24baires.com\/index.php?rest_route=\/wp\/v2\/users\/11"}],"replies":[{"embeddable":true,"href":"http:\/\/www.24baires.com\/index.php?rest_route=%2Fwp%2Fv2%2Fcomments&post=60965"}],"version-history":[{"count":1,"href":"http:\/\/www.24baires.com\/index.php?rest_route=\/wp\/v2\/posts\/60965\/revisions"}],"predecessor-version":[{"id":60966,"href":"http:\/\/www.24baires.com\/index.php?rest_route=\/wp\/v2\/posts\/60965\/revisions\/60966"}],"wp:attachment":[{"href":"http:\/\/www.24baires.com\/index.php?rest_route=%2Fwp%2Fv2%2Fmedia&parent=60965"}],"wp:term":[{"taxonomy":"category","embeddable":true,"href":"http:\/\/www.24baires.com\/index.php?rest_route=%2Fwp%2Fv2%2Fcategories&post=60965"},{"taxonomy":"post_tag","embeddable":true,"href":"http:\/\/www.24baires.com\/index.php?rest_route=%2Fwp%2Fv2%2Ftags&post=60965"}],"curies":[{"name":"wp","href":"https:\/\/api.w.org\/{rel}","templated":true}]}}