{"id":60944,"date":"2015-01-29T15:00:49","date_gmt":"2015-01-29T18:00:49","guid":{"rendered":"http:\/\/www.24baires.com\/?p=60944"},"modified":"2015-01-29T14:55:08","modified_gmt":"2015-01-29T17:55:08","slug":"cristina-se-reunira-el-viernes-con-gobernadores-para-refinanciar-deudas-provinciales","status":"publish","type":"post","link":"http:\/\/www.24baires.com\/?p=60944","title":{"rendered":"Cristina se reunir\u00e1 el viernes con gobernadores para refinanciar deudas provinciales"},"content":{"rendered":"<p><img data-recalc-dims=\"1\" loading=\"lazy\" decoding=\"async\" class=\"aligncenter size-full wp-image-60349\" src=\"https:\/\/i0.wp.com\/www.24baires.com\/wp-content\/uploads\/2015\/01\/cristina-duelo.jpg?resize=560%2C373\" alt=\"cristina duelo\" width=\"560\" height=\"373\" srcset=\"https:\/\/i0.wp.com\/www.24baires.com\/wp-content\/uploads\/2015\/01\/cristina-duelo.jpg?w=560 560w, https:\/\/i0.wp.com\/www.24baires.com\/wp-content\/uploads\/2015\/01\/cristina-duelo.jpg?resize=300%2C200 300w\" sizes=\"auto, (max-width: 560px) 100vw, 560px\" \/>Cristina Fern\u00e1ndez de Kirchner, junto a diecisiete mandatarios provinciales, encabezar\u00e1 ma\u00f1ana al mediod\u00eda un acto en Casa de Gobierno en el que se firmar\u00e1 el convenio que volver\u00e1 a prorrogar las deudas provinciales con la Naci\u00f3n por un plazo de tres meses.<!--more--><\/p>\n<p>El beneficio, que se enmarca en el Programa Federal de Desendeudamiento Provincial (PFDP), alcanzar\u00e1 a las provincias de Buenos Aires, Chaco, Corrientes, Entre R\u00edos, Catamarca, Jujuy, Santa Cruz, Chubut, Mendoza, Neuqu\u00e9n, R\u00edo Negro, Tucum\u00e1n, Tierra del Fuego, La Rioja, San Juan, Misiones y Salta, seg\u00fan confirmaron fuentes oficiales.<\/p>\n<p>El acto, previsto para las 12 del mediod\u00eda y cuyos preparativos comenzaron ayer debido a que se aguarda una plena concurrencia de militantes kirchneristas, incluir\u00e1 adem\u00e1s alocuciones de la Presidenta desde los micr\u00f3fonos ubicados en los distintos patios de Casa Rosada.<\/p>\n<p>Seg\u00fan informaci\u00f3n brindada por la Jefatura de Gabinete, el monto total que ser\u00e1 prorrogado y que abarca a los meses de enero, febrero y marzo totaliza los 1.990 millones de pesos.<\/p>\n<p>&nbsp;<\/p>\n<p>&nbsp;<\/p>\n<p>&nbsp;<\/p>\n<p>&nbsp;<\/p>\n<p>&nbsp;<\/p>\n<p>&nbsp;<\/p>\n<p>&nbsp;<\/p>\n<p>&nbsp;<\/p>\n","protected":false},"excerpt":{"rendered":"<p>Cristina Fern\u00e1ndez de Kirchner, junto a diecisiete mandatarios provinciales, encabezar\u00e1 ma\u00f1ana al mediod\u00eda un acto en Casa de Gobierno en el que se firmar\u00e1 el convenio que volver\u00e1 a prorrogar las deudas provinciales con la Naci\u00f3n por un plazo de tres meses.<\/p>\n","protected":false},"author":8,"featured_media":0,"comment_status":"open","ping_status":"open","sticky":false,"template":"","format":"standard","meta":{"_jetpack_newsletter_access":"","_jetpack_dont_email_post_to_subs":false,"_jetpack_newsletter_tier_id":0,"_jetpack_memberships_contains_paywalled_content":false,"_jetpack_memberships_contains_paid_content":false,"footnotes":""},"categories":[51],"tags":[],"class_list":["post-60944","post","type-post","status-publish","format-standard","hentry","category-politica"],"jetpack_shortlink":"https:\/\/wp.me\/p2JWE0-fQY","jetpack-related-posts":[{"id":121301,"url":"http:\/\/www.24baires.com\/?p=121301","url_meta":{"origin":60944,"position":0},"title":"Cristina Kirchner explic\u00f3 en detalle por qu\u00e9 el super\u00e1vit de Javier Milei \u00abes trucho\u00bb","author":"GB","date":"07\/05\/2024","format":false,"excerpt":"La expresidenta particip\u00f3 este martes de la inauguraci\u00f3n del Sal\u00f3n de las Mujeres del Instituto Patria donde apunt\u00f3 contra el Gobierno con duras cr\u00edticas. Luego de su reciente participaci\u00f3n en un acto en la localidad de Quilmes junto a la intendenta Mayra Mendoza, la expresidenta, Cristina Kirchner, reapareci\u00f3 este martes\u2026","rel":"","context":"En \u00abPol\u00edtica\u00bb","block_context":{"text":"Pol\u00edtica","link":"http:\/\/www.24baires.com\/?cat=51"},"img":{"alt_text":"","src":"https:\/\/i0.wp.com\/www.24baires.com\/wp-content\/uploads\/2024\/05\/crisina-24.webp?resize=350%2C200","width":350,"height":200,"srcset":"https:\/\/i0.wp.com\/www.24baires.com\/wp-content\/uploads\/2024\/05\/crisina-24.webp?resize=350%2C200 1x, https:\/\/i0.wp.com\/www.24baires.com\/wp-content\/uploads\/2024\/05\/crisina-24.webp?resize=525%2C300 1.5x"},"classes":[]},{"id":44881,"url":"http:\/\/www.24baires.com\/?p=44881","url_meta":{"origin":60944,"position":1},"title":"Cristina encabezar\u00e1 un acto de firma de convenios con provincias","author":"AF","date":"28\/04\/2014","format":false,"excerpt":"Se trata de acuerdos de reestructuraci\u00f3n de la deuda p\u00fablica, de servicios de capital e intereses. La ceremonia se llevar\u00e1 a cabo a partir de las 18, en el Sal\u00f3n de las Mujeres Argentinas del Bicentenario. Cristina Fern\u00e1ndez de Kirchner encabezar\u00e1 esta tarde el acto de firma de convenios de\u2026","rel":"","context":"En \u00abPol\u00edtica\u00bb","block_context":{"text":"Pol\u00edtica","link":"http:\/\/www.24baires.com\/?cat=51"},"img":{"alt_text":"cristina saqueos","src":"https:\/\/i0.wp.com\/www.24baires.com\/wp-content\/uploads\/2013\/12\/cristina-saqueos.jpg?resize=350%2C200","width":350,"height":200,"srcset":"https:\/\/i0.wp.com\/www.24baires.com\/wp-content\/uploads\/2013\/12\/cristina-saqueos.jpg?resize=350%2C200 1x, https:\/\/i0.wp.com\/www.24baires.com\/wp-content\/uploads\/2013\/12\/cristina-saqueos.jpg?resize=525%2C300 1.5x"},"classes":[]},{"id":4767,"url":"http:\/\/www.24baires.com\/?p=4767","url_meta":{"origin":60944,"position":2},"title":"Cristina y su 8N con Scioli e Intendentes","author":"AF","date":"08\/11\/2012","format":false,"excerpt":"La presidenta Cristina Fern\u00e1ndez encabezar\u00e1 un acto este mediod\u00eda en el partido de Ezeiza, junto al gobernador Daniel Scioli y a una veintena de intendentes del conurbano, horas antes de que se produzca el cacerolazo en rechazo a las pol\u00edticas oficiales y a una eventual re reelecci\u00f3n. La jefa de\u2026","rel":"","context":"En \u00abPol\u00edtica\u00bb","block_context":{"text":"Pol\u00edtica","link":"http:\/\/www.24baires.com\/?cat=51"},"img":{"alt_text":"","src":"https:\/\/i0.wp.com\/www.24baires.com\/wp-content\/uploads\/2012\/11\/scioli-y-cristina.jpg?resize=350%2C200","width":350,"height":200},"classes":[]},{"id":113233,"url":"http:\/\/www.24baires.com\/?p=113233","url_meta":{"origin":60944,"position":3},"title":"Vidal anunci\u00f3 la reactualizaci\u00f3n del Fondo del Conurbano para el 2020","author":"GB","date":"03\/12\/2019","format":false,"excerpt":"La mandataria bonaerense realizar\u00e1 una conferencia de prensa en Vicente L\u00f3pez para hacer una rendici\u00f3n de cuentas de su gesti\u00f3n, en la \u00faltima semana de su mandato antes de entregar el poder a Axel Kicillof. La gobernadora Mar\u00eda Eugenia Vidal reunir\u00e1 a su equipo para realizar una \u201crendici\u00f3n de cuentas\u201d\u2026","rel":"","context":"En \u00abProvincia\u00bb","block_context":{"text":"Provincia","link":"http:\/\/www.24baires.com\/?cat=40"},"img":{"alt_text":"","src":"https:\/\/i0.wp.com\/www.24baires.com\/wp-content\/uploads\/2019\/12\/vidal.jpg?resize=350%2C200","width":350,"height":200,"srcset":"https:\/\/i0.wp.com\/www.24baires.com\/wp-content\/uploads\/2019\/12\/vidal.jpg?resize=350%2C200 1x, https:\/\/i0.wp.com\/www.24baires.com\/wp-content\/uploads\/2019\/12\/vidal.jpg?resize=525%2C300 1.5x"},"classes":[]},{"id":117032,"url":"http:\/\/www.24baires.com\/?p=117032","url_meta":{"origin":60944,"position":4},"title":"Provincia presenta la Gu\u00eda de Implementaci\u00f3n de la IVE para profesionales de la salud","author":"GB","date":"18\/01\/2021","format":false,"excerpt":"Los ministros de Salud y de Mujeres, Pol\u00edticas de G\u00e9nero y Diversidad Sexual, Daniel Gollan y Estela D\u00edaz, respectivamente, junto a autoridades provinciales, ser\u00e1n los encargados de brindar los detalles. El Gobierno bonaerense presenta la gu\u00eda de acci\u00f3n para orientar en la aplicaci\u00f3n de la Interrupci\u00f3n Voluntaria del Embarazo (IVE)\u2026","rel":"","context":"En \u00abProvincia\u00bb","block_context":{"text":"Provincia","link":"http:\/\/www.24baires.com\/?cat=40"},"img":{"alt_text":"","src":"https:\/\/i0.wp.com\/www.24baires.com\/wp-content\/uploads\/2021\/01\/20210118091343_presentacion.jpg?resize=350%2C200","width":350,"height":200,"srcset":"https:\/\/i0.wp.com\/www.24baires.com\/wp-content\/uploads\/2021\/01\/20210118091343_presentacion.jpg?resize=350%2C200 1x, https:\/\/i0.wp.com\/www.24baires.com\/wp-content\/uploads\/2021\/01\/20210118091343_presentacion.jpg?resize=525%2C300 1.5x"},"classes":[]},{"id":44927,"url":"http:\/\/www.24baires.com\/?p=44927","url_meta":{"origin":60944,"position":5},"title":"Cristina: \u00abSi no queremos que haya m\u00e1s aumento de precios tenemos que producir m\u00e1s\u00bb","author":"Grupo Sierra","date":"28\/04\/2014","format":false,"excerpt":"La Presidenta Cristina Fern\u00e1ndez de Kirchner habl\u00f3 del sector productivo y lanz\u00f3 un nuevo plan para refinanciar deudas provinciales por 65.000 millones de pesos. \"Las provincias reciben un adicional de 1.800 millones de pesos. Requerimos unificaci\u00f3n de la informaci\u00f3n para que se pueda gestionar con mayor eficacia\", dijo la mandataria.\u2026","rel":"","context":"En \u00abSociedad\u00bb","block_context":{"text":"Sociedad","link":"http:\/\/www.24baires.com\/?cat=1"},"img":{"alt_text":"cristina churruca","src":"https:\/\/i0.wp.com\/www.24baires.com\/wp-content\/uploads\/2013\/06\/cristina-churruca.jpg?resize=350%2C200","width":350,"height":200,"srcset":"https:\/\/i0.wp.com\/www.24baires.com\/wp-content\/uploads\/2013\/06\/cristina-churruca.jpg?resize=350%2C200 1x, https:\/\/i0.wp.com\/www.24baires.com\/wp-content\/uploads\/2013\/06\/cristina-churruca.jpg?resize=525%2C300 1.5x"},"classes":[]}],"jetpack_sharing_enabled":true,"jetpack_likes_enabled":true,"jetpack_featured_media_url":"","_links":{"self":[{"href":"http:\/\/www.24baires.com\/index.php?rest_route=\/wp\/v2\/posts\/60944","targetHints":{"allow":["GET"]}}],"collection":[{"href":"http:\/\/www.24baires.com\/index.php?rest_route=\/wp\/v2\/posts"}],"about":[{"href":"http:\/\/www.24baires.com\/index.php?rest_route=\/wp\/v2\/types\/post"}],"author":[{"embeddable":true,"href":"http:\/\/www.24baires.com\/index.php?rest_route=\/wp\/v2\/users\/8"}],"replies":[{"embeddable":true,"href":"http:\/\/www.24baires.com\/index.php?rest_route=%2Fwp%2Fv2%2Fcomments&post=60944"}],"version-history":[{"count":1,"href":"http:\/\/www.24baires.com\/index.php?rest_route=\/wp\/v2\/posts\/60944\/revisions"}],"predecessor-version":[{"id":60945,"href":"http:\/\/www.24baires.com\/index.php?rest_route=\/wp\/v2\/posts\/60944\/revisions\/60945"}],"wp:attachment":[{"href":"http:\/\/www.24baires.com\/index.php?rest_route=%2Fwp%2Fv2%2Fmedia&parent=60944"}],"wp:term":[{"taxonomy":"category","embeddable":true,"href":"http:\/\/www.24baires.com\/index.php?rest_route=%2Fwp%2Fv2%2Fcategories&post=60944"},{"taxonomy":"post_tag","embeddable":true,"href":"http:\/\/www.24baires.com\/index.php?rest_route=%2Fwp%2Fv2%2Ftags&post=60944"}],"curies":[{"name":"wp","href":"https:\/\/api.w.org\/{rel}","templated":true}]}}