{"id":60935,"date":"2015-01-29T13:30:52","date_gmt":"2015-01-29T16:30:52","guid":{"rendered":"http:\/\/www.24baires.com\/?p=60935"},"modified":"2015-01-30T09:47:15","modified_gmt":"2015-01-30T12:47:15","slug":"padre-de-una-victima-de-cromanon-insiste-en-que-lagomarsino-espio-en-marchas","status":"publish","type":"post","link":"http:\/\/www.24baires.com\/?p=60935","title":{"rendered":"Padre de una v\u00edctima de Croma\u00f1\u00f3n, insiste en que Lagomarsino \u00abespi\u00f3\u00bb en marchas"},"content":{"rendered":"<p><img data-recalc-dims=\"1\" loading=\"lazy\" decoding=\"async\" class=\"alignleft wp-image-60936\" src=\"https:\/\/i0.wp.com\/www.24baires.com\/wp-content\/uploads\/2015\/01\/jose-iglesias.jpg?resize=301%2C200\" alt=\"jose iglesias\" width=\"301\" height=\"200\" \/>Jos\u00e9 Iglesias, padre de uno de los j\u00f3venes fallecidos en el boliche, dijo que Lagomarsino le pidi\u00f3 fotografiarlo en enero de 2005 y accedi\u00f3 a reuniones entre familiares de v\u00edctimas de aquel episodio.<!--more--><\/p>\n<p>Jos\u00e9 Iglesias, padre de uno de los j\u00f3venes fallecidos en el incendio del boliche Croma\u00f1\u00f3n en 2004, reiter\u00f3 hoy que Diego Lagomarsino, el joven que le prest\u00f3 al fiscal Nisman el arma hallada junto a su cuerpo, le pidi\u00f3 fotografiarlo en enero de 2005 y accedi\u00f3 a reuniones entre familiares de v\u00edctimas de aquel episodio, y record\u00f3 que siete meses despu\u00e9s de haber perdido contacto, lo volvi\u00f3 a cruzar en la calle y \u00absali\u00f3 corriendo\u00bb.<\/p>\n<p>Iglesias relat\u00f3, en declaraciones a Radio Nacional, que \u00abse present\u00f3 a fines de enero de 2005 en un contexto en donde est\u00e1bamos metidos en el coraz\u00f3n de la pol\u00edtica y aparec\u00edamos a revolver responsabilidades\u00bb, ya que el entonces jefe de Gobierno, An\u00edbal Ibarra, \u00abestaba por ser sometido a la Comisi\u00f3n Investigadora en la Legislatura porte\u00f1a\u00bb.<\/p>\n<p>Lagomarsino, que \u00abten\u00eda como 25 a\u00f1os\u00bb, se present\u00f3 como fot\u00f3grafo y le pregunt\u00f3 a Iglesias si pod\u00eda \u00abfotografiar a los familiares\u00bb, por lo que asisti\u00f3 a las reuniones de los padres de las v\u00edctimas de Croma\u00f1\u00f3n. \u00abA partir de ah\u00ed se me peg\u00f3 como estampilla\u00bb, afirm\u00f3 Iglesias.<\/p>\n<p>\u00abVen\u00eda a mi estudio, participaba de reuniones, incluso me sacaba fotos cuando hablaba por tel\u00e9fono o con alg\u00fan familiar; y as\u00ed durante unos 15, 20 d\u00edas, hasta que me pregunt\u00f3 si pod\u00eda fotografiar las cosas de mi hijo\u00bb, relat\u00f3.<\/p>\n<p>\u00abNo sospech\u00e9 nada y le dije que s\u00ed, y a eso de las ocho de la noche vino a mi casa, le fui mostrando las cosas de mi hijo, con todo lo que eso significaba, y luego se retir\u00f3\u00bb, cont\u00f3.<\/p>\n<p>\u00abPosteriormente mi pareja, que es fot\u00f3grafa, me dijo que con la poca luz que hab\u00eda en la habitaci\u00f3n se necesitaba flash y \u00e9l no lo us\u00f3, y nos cay\u00f3 como una ficha, una duda, y al d\u00eda siguiente \u00e9l desapareci\u00f3\u00bb, explic\u00f3.<\/p>\n<p>Iglesias relat\u00f3 que \u00abseis o siete meses despu\u00e9s\u00bb se lo cruz\u00f3 en el centro: \u00abA unos 50 metros lo veo venir por la misma vereda, me decid\u00ed a abordarlo y cuando me vio, cruz\u00f3 corriendo la calle y desapareci\u00f3; y nunca m\u00e1s lo volv\u00ed a ver\u00bb.<\/p>\n<p>Luego de que la fotograf\u00eda de Lagomarsino apareciera en los medios a ra\u00edz de la muerte del fiscal general Alberto Nisman, Iglesias dijo sentirse \u00abimpactado\u00bb ya que no tuvo \u00abdudas de que era \u00e9l\u00bb quien le hab\u00eda sacado las fotos a\u00f1os atr\u00e1s.<\/p>\n<p>\u00abAh\u00ed decid\u00ed llamar a la fiscal\u00eda, que es lo que hice el viernes pasado; y este lunes fui a prestar declaraci\u00f3n\u00bb, dijo.<\/p>\n<p>Durante la conferencia de prensa que brind\u00f3 ayer Diego Lagomarsino con su abogado Maximiliano Rusconi, al ser consultado por las declaraciones de Jos\u00e9 Iglesias, el penalista -que se ocup\u00f3 de responder las preguntas de los periodistas- indic\u00f3: \u201cPor lo que habl\u00e9 con Diego esto es falso, el nunca ha participado de ninguna\u201d manifestaci\u00f3n.<\/p>\n<p>Sin embargo, se\u00f1al\u00f3 que \u201ces cierto que tiene una maquina de fotos y le gusta la fotograf\u00eda\u201d.<\/p>\n<p>&nbsp;<\/p>\n<p>&nbsp;<\/p>\n<p>&nbsp;<\/p>\n<p>&nbsp;<\/p>\n<p>&nbsp;<\/p>\n<p>&nbsp;<\/p>\n<p>&nbsp;<\/p>\n<p>&nbsp;<\/p>\n<p>&nbsp;<\/p>\n<p>&nbsp;<\/p>\n<p>&nbsp;<\/p>\n<p>&nbsp;<\/p>\n<p>&nbsp;<\/p>\n","protected":false},"excerpt":{"rendered":"<p>Jos\u00e9 Iglesias, padre de uno de los j\u00f3venes fallecidos en el boliche, dijo que Lagomarsino le pidi\u00f3 fotografiarlo en enero de 2005 y accedi\u00f3 a reuniones entre familiares de v\u00edctimas de aquel episodio.<\/p>\n","protected":false},"author":8,"featured_media":0,"comment_status":"open","ping_status":"open","sticky":false,"template":"","format":"standard","meta":{"_jetpack_newsletter_access":"","_jetpack_dont_email_post_to_subs":false,"_jetpack_newsletter_tier_id":0,"_jetpack_memberships_contains_paywalled_content":false,"_jetpack_memberships_contains_paid_content":false,"footnotes":""},"categories":[51],"tags":[],"class_list":["post-60935","post","type-post","status-publish","format-standard","hentry","category-politica"],"jetpack_shortlink":"https:\/\/wp.me\/p2JWE0-fQP","jetpack-related-posts":[{"id":60796,"url":"http:\/\/www.24baires.com\/?p=60796","url_meta":{"origin":60935,"position":0},"title":"Lagomarsino fue visto sacando fotos en una marcha por Croma\u00f1\u00f3n","author":"AF","date":"27\/01\/2015","format":false,"excerpt":"Jos\u00e9 Iglesias, padre de uno de los j\u00f3venes fallecidos reconoci\u00f3 a Lagomarsino como el joven que se present\u00f3 como \u201caficionado\u201d para registrar un acto por justicia. Dijo tener \u201cun problema\u201d en su c\u00e1mara cuando le pidieron ver las im\u00e1genes. Nunca m\u00e1s lo volvieron a ver. El padre de una de\u2026","rel":"","context":"En \u00abSociedad\u00bb","block_context":{"text":"Sociedad","link":"http:\/\/www.24baires.com\/?cat=1"},"img":{"alt_text":"lagomarsino-1","src":"https:\/\/i0.wp.com\/www.24baires.com\/wp-content\/uploads\/2015\/01\/lagomarsino-1.jpg?resize=350%2C200","width":350,"height":200,"srcset":"https:\/\/i0.wp.com\/www.24baires.com\/wp-content\/uploads\/2015\/01\/lagomarsino-1.jpg?resize=350%2C200 1x, https:\/\/i0.wp.com\/www.24baires.com\/wp-content\/uploads\/2015\/01\/lagomarsino-1.jpg?resize=525%2C300 1.5x"},"classes":[]},{"id":60956,"url":"http:\/\/www.24baires.com\/?p=60956","url_meta":{"origin":60935,"position":1},"title":"Las hip\u00f3tesis ficcionales y la realidad","author":"GB","date":"29\/01\/2015","format":false,"excerpt":"No s\u00e9 qu\u00e9 les ocurrir\u00e1 a otros escritores, pero imagino que a muchos les han dicho por estos d\u00edas cosas como \u201cSeguro todo esto te da un mont\u00f3n de ideas para un policial\u201d, o similares. Lo cierto es que, personalmente, prefiero mis propias ideas, por simples o malas que resulten,\u2026","rel":"","context":"En \u00abOpini\u00f3n\u00bb","block_context":{"text":"Opini\u00f3n","link":"http:\/\/www.24baires.com\/?cat=64"},"img":{"alt_text":"lagomarsino 1","src":"https:\/\/i0.wp.com\/www.24baires.com\/wp-content\/uploads\/2015\/01\/lagomarsino-11.jpg?resize=350%2C200","width":350,"height":200,"srcset":"https:\/\/i0.wp.com\/www.24baires.com\/wp-content\/uploads\/2015\/01\/lagomarsino-11.jpg?resize=350%2C200 1x, https:\/\/i0.wp.com\/www.24baires.com\/wp-content\/uploads\/2015\/01\/lagomarsino-11.jpg?resize=525%2C300 1.5x"},"classes":[]},{"id":37694,"url":"http:\/\/www.24baires.com\/?p=37694","url_meta":{"origin":60935,"position":2},"title":"A 9 a\u00f1os de la tragedia de Croma\u00f1on","author":"GB","date":"30\/12\/2013","format":false,"excerpt":"Familiares y sobrevivientes del incendio en Croma\u00f1\u00f3n, que el 30 de diciembre de 2004 se cobr\u00f3 la vida de 194 personas, se concentraron en el santuario levantado frente a ese boliche de Once para recordar a sus seres queridos. \"Nos reunimos ac\u00e1, nos fortalecemos; es una manera de reivindicar nuestra\u2026","rel":"","context":"En \u00abSociedad\u00bb","block_context":{"text":"Sociedad","link":"http:\/\/www.24baires.com\/?cat=1"},"img":{"alt_text":"","src":"","width":0,"height":0},"classes":[]},{"id":22272,"url":"http:\/\/www.24baires.com\/?p=22272","url_meta":{"origin":60935,"position":3},"title":"A 100 meses de Croma\u00f1\u00f3n, \u00abla corrupci\u00f3n sigue cobr\u00e1ndose vidas\u00bb","author":"AF","date":"30\/04\/2013","format":false,"excerpt":"En estos t\u00e9rminos se pronunci\u00f3 el presidente de la Comisi\u00f3n Episcopal de Pastoral Social, monse\u00f1or Jorge Lozano, en una carta a familiares de las v\u00edctimas del incendio en el boliche de Once. \"Algunos parece que no quieren aprender de la experiencia\", se quej\u00f3. El presidente de la Comisi\u00f3n Episcopal de\u2026","rel":"","context":"En \u00abSociedad\u00bb","block_context":{"text":"Sociedad","link":"http:\/\/www.24baires.com\/?cat=1"},"img":{"alt_text":"","src":"","width":0,"height":0},"classes":[]},{"id":35903,"url":"http:\/\/www.24baires.com\/?p=35903","url_meta":{"origin":60935,"position":4},"title":"Sobrevivientes y familiares de v\u00edctimas de Croma\u00f1\u00f3n recibir\u00e1n un subsidio","author":"GB","date":"28\/11\/2013","format":false,"excerpt":"Los sobrevivientes y familiares de las v\u00edctimas de la tragedia del boliche Croma\u00f1\u00f3n, ocurrida en diciembre del 2004 y por la cual murieron 194 personas, recibir\u00e1n un subsidio mensual, seg\u00fan una ley votada por unanimidad en la Legislatura de la Ciudad. El proyecto, autor\u00eda del presidente del bloque del Frente\u2026","rel":"","context":"En \u00abSociedad\u00bb","block_context":{"text":"Sociedad","link":"http:\/\/www.24baires.com\/?cat=1"},"img":{"alt_text":"","src":"","width":0,"height":0},"classes":[]},{"id":59250,"url":"http:\/\/www.24baires.com\/?p=59250","url_meta":{"origin":60935,"position":5},"title":"Fontanet se present\u00f3 como un sobreviviente de Croma\u00f1\u00f3n y gener\u00f3 pol\u00e9mica","author":"GB","date":"28\/12\/2014","format":false,"excerpt":"Una foto publicada en las redes sociales de Facebook y Twitter, que muestra al m\u00fasico Patricio Fontanet reclamando \"A 10 a\u00f1os de Croma\u00f1\u00f3n, justicia y absoluci\u00f3n a Callejeros\", despert\u00f3 la bronca e indignaci\u00f3n de los familiares de las v\u00edctimas de la tragedia del boliche de Once que consideraron la publicaci\u00f3n\u2026","rel":"","context":"En \u00abSociedad\u00bb","block_context":{"text":"Sociedad","link":"http:\/\/www.24baires.com\/?cat=1"},"img":{"alt_text":"","src":"https:\/\/i0.wp.com\/www.24baires.com\/wp-content\/uploads\/2014\/12\/fontanet-justicia.jpg?resize=350%2C200","width":350,"height":200,"srcset":"https:\/\/i0.wp.com\/www.24baires.com\/wp-content\/uploads\/2014\/12\/fontanet-justicia.jpg?resize=350%2C200 1x, https:\/\/i0.wp.com\/www.24baires.com\/wp-content\/uploads\/2014\/12\/fontanet-justicia.jpg?resize=525%2C300 1.5x"},"classes":[]}],"jetpack_sharing_enabled":true,"jetpack_likes_enabled":true,"jetpack_featured_media_url":"","_links":{"self":[{"href":"http:\/\/www.24baires.com\/index.php?rest_route=\/wp\/v2\/posts\/60935","targetHints":{"allow":["GET"]}}],"collection":[{"href":"http:\/\/www.24baires.com\/index.php?rest_route=\/wp\/v2\/posts"}],"about":[{"href":"http:\/\/www.24baires.com\/index.php?rest_route=\/wp\/v2\/types\/post"}],"author":[{"embeddable":true,"href":"http:\/\/www.24baires.com\/index.php?rest_route=\/wp\/v2\/users\/8"}],"replies":[{"embeddable":true,"href":"http:\/\/www.24baires.com\/index.php?rest_route=%2Fwp%2Fv2%2Fcomments&post=60935"}],"version-history":[{"count":1,"href":"http:\/\/www.24baires.com\/index.php?rest_route=\/wp\/v2\/posts\/60935\/revisions"}],"predecessor-version":[{"id":60937,"href":"http:\/\/www.24baires.com\/index.php?rest_route=\/wp\/v2\/posts\/60935\/revisions\/60937"}],"wp:attachment":[{"href":"http:\/\/www.24baires.com\/index.php?rest_route=%2Fwp%2Fv2%2Fmedia&parent=60935"}],"wp:term":[{"taxonomy":"category","embeddable":true,"href":"http:\/\/www.24baires.com\/index.php?rest_route=%2Fwp%2Fv2%2Fcategories&post=60935"},{"taxonomy":"post_tag","embeddable":true,"href":"http:\/\/www.24baires.com\/index.php?rest_route=%2Fwp%2Fv2%2Ftags&post=60935"}],"curies":[{"name":"wp","href":"https:\/\/api.w.org\/{rel}","templated":true}]}}