{"id":60921,"date":"2015-01-29T10:00:29","date_gmt":"2015-01-29T13:00:29","guid":{"rendered":"http:\/\/www.24baires.com\/?p=60921"},"modified":"2015-01-30T09:47:22","modified_gmt":"2015-01-30T12:47:22","slug":"capitanich-el-objetivo-del-acuerdo-con-iran-siempre-fue-la-busqueda-de-justicia","status":"publish","type":"post","link":"http:\/\/www.24baires.com\/?p=60921","title":{"rendered":"Capitanich: \u00abEl objetivo del acuerdo con Ir\u00e1n siempre fue la b\u00fasqueda de justicia\u00bb"},"content":{"rendered":"<p><img data-recalc-dims=\"1\" loading=\"lazy\" decoding=\"async\" src=\"https:\/\/i0.wp.com\/www.24baires.com\/wp-content\/uploads\/2014\/09\/capitanich-4.jpg?resize=560%2C313\" alt=\"capitanich 4\" width=\"560\" height=\"313\" class=\"aligncenter size-full wp-image-53421\" srcset=\"https:\/\/i0.wp.com\/www.24baires.com\/wp-content\/uploads\/2014\/09\/capitanich-4.jpg?w=560 560w, https:\/\/i0.wp.com\/www.24baires.com\/wp-content\/uploads\/2014\/09\/capitanich-4.jpg?resize=300%2C167 300w\" sizes=\"auto, (max-width: 560px) 100vw, 560px\" \/>El jefe de Gabinete, Jorge Capitanich, asegur\u00f3 que \u00aba dos a\u00f1os de la firma del memor\u00e1ndum con Ir\u00e1n ratificamos que el objetivo siempre ha sido la b\u00fasqueda de la verdad, la memoria y la justicia\u00bb, e indic\u00f3 que \u00abse debe continuar realizando una investigaci\u00f3n exhaustiva\u00bb.<!--more--><\/p>\n<p>A su vez, Capitanich record\u00f3 que fueron el ex presidente N\u00e9stor Kirchner y Cristina Fern\u00e1ndez de Kirchner quienes llevaron el reclamo de la causa AMIA a instancias internacionales, como la Asamblea de Naciones Unidas.<\/p>\n","protected":false},"excerpt":{"rendered":"<p>El jefe de Gabinete, Jorge Capitanich, asegur\u00f3 que \u00aba dos a\u00f1os de la firma del memor\u00e1ndum con Ir\u00e1n ratificamos que el objetivo siempre ha sido la b\u00fasqueda de la verdad, la memoria y la justicia\u00bb, e indic\u00f3 que \u00abse debe continuar realizando una investigaci\u00f3n exhaustiva\u00bb.<\/p>\n","protected":false},"author":4,"featured_media":0,"comment_status":"open","ping_status":"open","sticky":false,"template":"","format":"standard","meta":{"_jetpack_newsletter_access":"","_jetpack_dont_email_post_to_subs":false,"_jetpack_newsletter_tier_id":0,"_jetpack_memberships_contains_paywalled_content":false,"_jetpack_memberships_contains_paid_content":false,"footnotes":""},"categories":[51],"tags":[],"class_list":["post-60921","post","type-post","status-publish","format-standard","hentry","category-politica"],"jetpack_shortlink":"https:\/\/wp.me\/p2JWE0-fQB","jetpack-related-posts":[{"id":116123,"url":"http:\/\/www.24baires.com\/?p=116123","url_meta":{"origin":60921,"position":0},"title":"\u00abLa Argentina central que tiene periferias no se puede tolerar m\u00e1s\u00bb","author":"AF","date":"01\/09\/2020","format":false,"excerpt":"El Presidente encabez\u00f3 la firma de convenios con el gobernador de Chaco, Jorge Capitanich. En ese marco, defendi\u00f3 el acceso a la conectividad y al conocimiento en todo el pa\u00eds. El presidente Alberto Fern\u00e1ndez reafirm\u00f3 que \"la Argentina central, que tiene dos periferias, al norte y a sur del pa\u00eds,\u2026","rel":"","context":"En \u00abPol\u00edtica\u00bb","block_context":{"text":"Pol\u00edtica","link":"http:\/\/www.24baires.com\/?cat=51"},"img":{"alt_text":"","src":"https:\/\/i0.wp.com\/www.24baires.com\/wp-content\/uploads\/2020\/09\/fern%C3%A1ndez-capitanich.jpg?resize=350%2C200","width":350,"height":200,"srcset":"https:\/\/i0.wp.com\/www.24baires.com\/wp-content\/uploads\/2020\/09\/fern%C3%A1ndez-capitanich.jpg?resize=350%2C200 1x, https:\/\/i0.wp.com\/www.24baires.com\/wp-content\/uploads\/2020\/09\/fern%C3%A1ndez-capitanich.jpg?resize=525%2C300 1.5x"},"classes":[]},{"id":114645,"url":"http:\/\/www.24baires.com\/?p=114645","url_meta":{"origin":60921,"position":1},"title":"Alberto Fern\u00e1ndez sum\u00f3 el respaldo de los gobernadores para extender la cuarentena","author":"GB","date":"08\/04\/2020","format":false,"excerpt":"El presidente mantuvo una reuni\u00f3n virtual con los mandatarios provinciales para anunciarles que el aislamiento continuar\u00e1 despu\u00e9s de Semana Santa. El presidente, Alberto Fern\u00e1ndez, se reuni\u00f3 a trav\u00e9s de una videoconferencia con los 23 gobernadores y el jefe de Gobierno porte\u00f1o para analizar la situaci\u00f3n en el marco de la\u2026","rel":"","context":"En \u00abPol\u00edtica\u00bb","block_context":{"text":"Pol\u00edtica","link":"http:\/\/www.24baires.com\/?cat=51"},"img":{"alt_text":"","src":"https:\/\/i0.wp.com\/www.24baires.com\/wp-content\/uploads\/2020\/04\/alberto-videoconferencia.jpeg?resize=350%2C200","width":350,"height":200,"srcset":"https:\/\/i0.wp.com\/www.24baires.com\/wp-content\/uploads\/2020\/04\/alberto-videoconferencia.jpeg?resize=350%2C200 1x, https:\/\/i0.wp.com\/www.24baires.com\/wp-content\/uploads\/2020\/04\/alberto-videoconferencia.jpeg?resize=525%2C300 1.5x"},"classes":[]},{"id":119358,"url":"http:\/\/www.24baires.com\/?p=119358","url_meta":{"origin":60921,"position":2},"title":"Vialidad: abogados de Cristina aseguran que la acusaci\u00f3n qued\u00f3 \u00abfulminada\u00bb","author":"AF","date":"19\/09\/2022","format":false,"excerpt":"Los abogados de la Vicepresidenta, Carlos Beraldi y Ary Llernovoy exponen su alegato final en tres jornadas, lunes, martes y viernes de esta semana, y concluir\u00e1n con un reclamo de absoluci\u00f3n. El viernes, Cristina Fern\u00e1ndez tiene previsto hablar ante los jueces. La defensa de la vicepresidenta Cristina Fern\u00e1ndez de Kirchner\u2026","rel":"","context":"En \u00abJUDICIALES\u00bb","block_context":{"text":"JUDICIALES","link":"http:\/\/www.24baires.com\/?cat=68"},"img":{"alt_text":"","src":"https:\/\/i0.wp.com\/www.24baires.com\/wp-content\/uploads\/2022\/09\/beraldi.jpg?resize=350%2C200","width":350,"height":200,"srcset":"https:\/\/i0.wp.com\/www.24baires.com\/wp-content\/uploads\/2022\/09\/beraldi.jpg?resize=350%2C200 1x, https:\/\/i0.wp.com\/www.24baires.com\/wp-content\/uploads\/2022\/09\/beraldi.jpg?resize=525%2C300 1.5x, https:\/\/i0.wp.com\/www.24baires.com\/wp-content\/uploads\/2022\/09\/beraldi.jpg?resize=700%2C400 2x"},"classes":[]},{"id":120164,"url":"http:\/\/www.24baires.com\/?p=120164","url_meta":{"origin":60921,"position":3},"title":"Los Gobernadores del Frente de Todos tambi\u00e9n piden lista de unidad","author":"GB","date":"08\/06\/2023","format":false,"excerpt":"\"Somos garantes de la construcci\u00f3n de un pa\u00eds federal\" aseguraron los gobernadores frentodistas en un comunicado. Los gobernadores del Frente de Todos mantuvieron una reuni\u00f3n en la que debatieron la estrategia electoral que pretenden para la coalici\u00f3n oficialista y publicaron un comunicado en el que, entre otras cosas, se suman\u2026","rel":"","context":"En \u00abPol\u00edtica\u00bb","block_context":{"text":"Pol\u00edtica","link":"http:\/\/www.24baires.com\/?cat=51"},"img":{"alt_text":"","src":"https:\/\/i0.wp.com\/www.24baires.com\/wp-content\/uploads\/2023\/06\/gobernadores-frente-todosjpg.webp?resize=350%2C200","width":350,"height":200,"srcset":"https:\/\/i0.wp.com\/www.24baires.com\/wp-content\/uploads\/2023\/06\/gobernadores-frente-todosjpg.webp?resize=350%2C200 1x, https:\/\/i0.wp.com\/www.24baires.com\/wp-content\/uploads\/2023\/06\/gobernadores-frente-todosjpg.webp?resize=525%2C300 1.5x, https:\/\/i0.wp.com\/www.24baires.com\/wp-content\/uploads\/2023\/06\/gobernadores-frente-todosjpg.webp?resize=700%2C400 2x"},"classes":[]},{"id":60109,"url":"http:\/\/www.24baires.com\/?p=60109","url_meta":{"origin":60921,"position":4},"title":"Capitanich tild\u00f3 de \u00abdisparatada\u00bb la decisi\u00f3n de indagar a Cristina","author":"AF","date":"15\/01\/2015","format":false,"excerpt":"El jefe de Gabinete, Jorge Capitanich, asegur\u00f3 hoy que fue una decisi\u00f3n \u201cdisparatada, absurda, il\u00f3gica, irracional, rid\u00edcula y violatoria\u201d de la Constituci\u00f3n Nacional la decisi\u00f3n del fiscal Alberto Nisman de llamar a declaraci\u00f3n indagatoria a la presidenta Cristina Fern\u00e1ndez de Kirchner, junto a otros funcionarios y legisladores, por la firma\u2026","rel":"","context":"En \u00abPol\u00edtica\u00bb","block_context":{"text":"Pol\u00edtica","link":"http:\/\/www.24baires.com\/?cat=51"},"img":{"alt_text":"capitanich 3","src":"https:\/\/i0.wp.com\/www.24baires.com\/wp-content\/uploads\/2014\/09\/capitanich-3.jpg?resize=350%2C200","width":350,"height":200,"srcset":"https:\/\/i0.wp.com\/www.24baires.com\/wp-content\/uploads\/2014\/09\/capitanich-3.jpg?resize=350%2C200 1x, https:\/\/i0.wp.com\/www.24baires.com\/wp-content\/uploads\/2014\/09\/capitanich-3.jpg?resize=525%2C300 1.5x"},"classes":[]},{"id":119572,"url":"http:\/\/www.24baires.com\/?p=119572","url_meta":{"origin":60921,"position":5},"title":"Kicillof pidi\u00f3 discutir el rol del Estado","author":"GB","date":"23\/11\/2022","format":false,"excerpt":"En el marco de la presentaci\u00f3n de Axel Kicillof en la Facultad de Derecho de la UNLP, el Gobernador pidi\u00f3 discutir si se quiere \u201cun Estado que ampl\u00ede derechos o uno al servicio de minor\u00edas\u201d Este martes, el gobernador de la Provincia, Axel Kicillof, particip\u00f3 de la presentaci\u00f3n de \u201cBuenos\u2026","rel":"","context":"En \u00abProvincia\u00bb","block_context":{"text":"Provincia","link":"http:\/\/www.24baires.com\/?cat=40"},"img":{"alt_text":"","src":"https:\/\/i0.wp.com\/www.24baires.com\/wp-content\/uploads\/2022\/11\/GOB_7224-1024x683-1.jpg?resize=350%2C200","width":350,"height":200,"srcset":"https:\/\/i0.wp.com\/www.24baires.com\/wp-content\/uploads\/2022\/11\/GOB_7224-1024x683-1.jpg?resize=350%2C200 1x, https:\/\/i0.wp.com\/www.24baires.com\/wp-content\/uploads\/2022\/11\/GOB_7224-1024x683-1.jpg?resize=525%2C300 1.5x, https:\/\/i0.wp.com\/www.24baires.com\/wp-content\/uploads\/2022\/11\/GOB_7224-1024x683-1.jpg?resize=700%2C400 2x"},"classes":[]}],"jetpack_sharing_enabled":true,"jetpack_likes_enabled":true,"jetpack_featured_media_url":"","_links":{"self":[{"href":"http:\/\/www.24baires.com\/index.php?rest_route=\/wp\/v2\/posts\/60921","targetHints":{"allow":["GET"]}}],"collection":[{"href":"http:\/\/www.24baires.com\/index.php?rest_route=\/wp\/v2\/posts"}],"about":[{"href":"http:\/\/www.24baires.com\/index.php?rest_route=\/wp\/v2\/types\/post"}],"author":[{"embeddable":true,"href":"http:\/\/www.24baires.com\/index.php?rest_route=\/wp\/v2\/users\/4"}],"replies":[{"embeddable":true,"href":"http:\/\/www.24baires.com\/index.php?rest_route=%2Fwp%2Fv2%2Fcomments&post=60921"}],"version-history":[{"count":1,"href":"http:\/\/www.24baires.com\/index.php?rest_route=\/wp\/v2\/posts\/60921\/revisions"}],"predecessor-version":[{"id":60922,"href":"http:\/\/www.24baires.com\/index.php?rest_route=\/wp\/v2\/posts\/60921\/revisions\/60922"}],"wp:attachment":[{"href":"http:\/\/www.24baires.com\/index.php?rest_route=%2Fwp%2Fv2%2Fmedia&parent=60921"}],"wp:term":[{"taxonomy":"category","embeddable":true,"href":"http:\/\/www.24baires.com\/index.php?rest_route=%2Fwp%2Fv2%2Fcategories&post=60921"},{"taxonomy":"post_tag","embeddable":true,"href":"http:\/\/www.24baires.com\/index.php?rest_route=%2Fwp%2Fv2%2Ftags&post=60921"}],"curies":[{"name":"wp","href":"https:\/\/api.w.org\/{rel}","templated":true}]}}