{"id":60890,"date":"2015-01-28T17:00:43","date_gmt":"2015-01-28T20:00:43","guid":{"rendered":"http:\/\/www.24baires.com\/?p=60890"},"modified":"2015-01-28T16:54:45","modified_gmt":"2015-01-28T19:54:45","slug":"scioli-aseguro-que-quiere-llegar-a-los-90-mil-efectivos-de-policia","status":"publish","type":"post","link":"http:\/\/www.24baires.com\/?p=60890","title":{"rendered":"Scioli asegur\u00f3 que quiere \u00abllegar a los 90 mil efectivos de polic\u00eda\u00bb"},"content":{"rendered":"<p><img data-recalc-dims=\"1\" loading=\"lazy\" decoding=\"async\" class=\"aligncenter size-full wp-image-60813\" src=\"https:\/\/i0.wp.com\/www.24baires.com\/wp-content\/uploads\/2015\/01\/scioli-1.jpg?resize=560%2C306\" alt=\"scioli 1\" width=\"560\" height=\"306\" srcset=\"https:\/\/i0.wp.com\/www.24baires.com\/wp-content\/uploads\/2015\/01\/scioli-1.jpg?w=560 560w, https:\/\/i0.wp.com\/www.24baires.com\/wp-content\/uploads\/2015\/01\/scioli-1.jpg?resize=300%2C164 300w\" sizes=\"auto, (max-width: 560px) 100vw, 560px\" \/><strong>QUILMES-<\/strong>El gobernador Daniel Scioli anunci\u00f3 hoy que el objetivo de su gobierno es \u00abllegar a los 90 mil efectivos de polic\u00eda\u00bb para el final de su mandato.<!--more--><\/p>\n<p>El mandatario se refiri\u00f3 adem\u00e1s a \u00abla cobertura de seguridad\u00bb que permiti\u00f3 \u00abla vuelta del gran espect\u00e1culo deportivo que es el f\u00fatbol del verano, con ambas parcialidades, cuando antes esto no se pod\u00eda garantizar y estaba suspendido\u00bb, y remarc\u00f3 la importancia de \u00abrecuperar la esencia, el esp\u00edritu del deporte y la pasi\u00f3n pero sin violencia\u00bb, en el marco de la confirmaci\u00f3n del regreso de la hinchada visitante para la segunda semana del a\u00f1o durante el pr\u00f3ximo torneo de f\u00fatbol.<\/p>\n<p>El anuncio fue realizado hoy en el marco de la inauguraci\u00f3n del ciclo lectivo de la Escuela de Polic\u00eda Local de Quilmes, acto que se llev\u00f3 a cabo en el \u00c1rea Material Quilmes de la Fuerza A\u00e9rea Argentina, donde puntualiz\u00f3 que habr\u00e1 \u00ab1.850 patrulleros renovados que ahora se van a sumar conjuntamente con las patrullas rurales y 500 m\u00f3viles m\u00e1s de la Polic\u00eda Local\u00bb, acompa\u00f1ado por la ministra de Gobierno, Cristina \u00c1lvarez Rodr\u00edguez y el subsecretario de Planificaci\u00f3n, Fernando Jantus.<\/p>\n<p>Por \u00faltimo, el mandatario provincial agradeci\u00f3 a los 461 futuros oficiales por \u00abeste camino que est\u00e1n emprendiendo\u00bb, al informar que pertenecer\u00e1n a la primer camada de las polic\u00edas locales de la historia de la provincia de Buenos Aires.<\/p>\n<p>&nbsp;<\/p>\n<p>&nbsp;<\/p>\n<p>&nbsp;<\/p>\n<p>&nbsp;<\/p>\n<p>&nbsp;<\/p>\n<p>&nbsp;<\/p>\n<p>&nbsp;<\/p>\n<p>&nbsp;<\/p>\n<p>&nbsp;<\/p>\n<p>&nbsp;<\/p>\n<p>&nbsp;<\/p>\n<p>&nbsp;<\/p>\n<p>&nbsp;<\/p>\n<p>&nbsp;<\/p>\n<p>&nbsp;<\/p>\n","protected":false},"excerpt":{"rendered":"<p>QUILMES-El gobernador Daniel Scioli anunci\u00f3 hoy que el objetivo de su gobierno es \u00abllegar a los 90 mil efectivos de polic\u00eda\u00bb para el final de su mandato.<\/p>\n","protected":false},"author":8,"featured_media":0,"comment_status":"open","ping_status":"open","sticky":false,"template":"","format":"standard","meta":{"_jetpack_newsletter_access":"","_jetpack_dont_email_post_to_subs":false,"_jetpack_newsletter_tier_id":0,"_jetpack_memberships_contains_paywalled_content":false,"_jetpack_memberships_contains_paid_content":false,"footnotes":""},"categories":[51],"tags":[],"class_list":["post-60890","post","type-post","status-publish","format-standard","hentry","category-politica"],"jetpack_shortlink":"https:\/\/wp.me\/p2JWE0-fQ6","jetpack-related-posts":[{"id":105063,"url":"http:\/\/www.24baires.com\/?p=105063","url_meta":{"origin":60890,"position":0},"title":"\u00abNo hay nada que justifique ese accionar de la Polic\u00eda\u00bb, dijo Ritondo","author":"GB","date":"23\/10\/2018","format":false,"excerpt":"El Ministro de Seguridad bonaerense se refiri\u00f3 a la golpiza que le dieron dos agentes de la Bonaerense a un joven de 17 a\u00f1os en Quilmes. El ministro de Seguridad bonaerense, Cristian Ritondo, habl\u00f3 sobre la paliza que le dieron dos agentes de la Polic\u00eda Bonaerense a un joven de\u2026","rel":"","context":"En \u00abPoliciales\u00bb","block_context":{"text":"Policiales","link":"http:\/\/www.24baires.com\/?cat=49"},"img":{"alt_text":"","src":"https:\/\/i0.wp.com\/www.24baires.com\/wp-content\/uploads\/2016\/04\/ritondo.png?resize=350%2C200","width":350,"height":200},"classes":[]},{"id":110879,"url":"http:\/\/www.24baires.com\/?p=110879","url_meta":{"origin":60890,"position":1},"title":"Quilmes: un polic\u00eda mat\u00f3 a su ex pareja de un balazo en la cabeza y fue detenido","author":"GB","date":"21\/06\/2019","format":false,"excerpt":"El fatal caso sucedi\u00f3 anoche en una casa de San Juan al 2029. La v\u00edctima fatal, Melisa Cumber, era integrante de la Polic\u00eda de la Ciudad. Su ex, de la Federal, result\u00f3 con un disparo en el hombro derecho. La mujer agoniz\u00f3 unas seis horas en el Hospital Iriarte. Ella\u2026","rel":"","context":"En \u00abPoliciales\u00bb","block_context":{"text":"Policiales","link":"http:\/\/www.24baires.com\/?cat=49"},"img":{"alt_text":"","src":"https:\/\/i0.wp.com\/www.24baires.com\/wp-content\/uploads\/2019\/06\/hospital-quilmes.jpg?resize=350%2C200","width":350,"height":200,"srcset":"https:\/\/i0.wp.com\/www.24baires.com\/wp-content\/uploads\/2019\/06\/hospital-quilmes.jpg?resize=350%2C200 1x, https:\/\/i0.wp.com\/www.24baires.com\/wp-content\/uploads\/2019\/06\/hospital-quilmes.jpg?resize=525%2C300 1.5x"},"classes":[]},{"id":100461,"url":"http:\/\/www.24baires.com\/?p=100461","url_meta":{"origin":60890,"position":2},"title":"Investigan a un polic\u00eda bonaerense por un caso de gatillo f\u00e1cil","author":"GB","date":"09\/02\/2018","format":false,"excerpt":"Se trata de un efectivo del Grupo Halc\u00f3n que mat\u00f3 por la espalda a un joven desarmado que hab\u00eda intentado robarle el celular. Fue desafectado por Asuntos Internos. Un oficial del Grupo Halc\u00f3n, la divisi\u00f3n de elite de la Polic\u00eda Bonaerense, fue desafectado por Asuntos Internos por un caso de\u2026","rel":"","context":"En \u00abPol\u00edtica\u00bb","block_context":{"text":"Pol\u00edtica","link":"http:\/\/www.24baires.com\/?cat=51"},"img":{"alt_text":"","src":"https:\/\/i0.wp.com\/www.24baires.com\/wp-content\/uploads\/2018\/02\/grupo-halcon.jpg?resize=350%2C200","width":350,"height":200,"srcset":"https:\/\/i0.wp.com\/www.24baires.com\/wp-content\/uploads\/2018\/02\/grupo-halcon.jpg?resize=350%2C200 1x, https:\/\/i0.wp.com\/www.24baires.com\/wp-content\/uploads\/2018\/02\/grupo-halcon.jpg?resize=525%2C300 1.5x"},"classes":[]},{"id":116175,"url":"http:\/\/www.24baires.com\/?p=116175","url_meta":{"origin":60890,"position":3},"title":"\u00abEl conflicto no se resuelve andando en patrullero y tocando sirenas\u00bb","author":"AF","date":"09\/09\/2020","format":false,"excerpt":"El primer mandatario sostuvo que Camus dec\u00eda en La Peste que las pandemias dejan al descubierto las \"miserias\" de algunas almas. \"No es \u00e9tico aprovechar la pandemia para profundizar la crisis y reclamar cosas que en este momento no se pueden hacer\", dijo enojado y pidi\u00f3 mirar todo lo que\u2026","rel":"","context":"En \u00abSociedad\u00bb","block_context":{"text":"Sociedad","link":"http:\/\/www.24baires.com\/?cat=1"},"img":{"alt_text":"","src":"https:\/\/i0.wp.com\/www.24baires.com\/wp-content\/uploads\/2020\/09\/fern%C3%A1ndez-Peugeot.jpg?resize=350%2C200","width":350,"height":200,"srcset":"https:\/\/i0.wp.com\/www.24baires.com\/wp-content\/uploads\/2020\/09\/fern%C3%A1ndez-Peugeot.jpg?resize=350%2C200 1x, https:\/\/i0.wp.com\/www.24baires.com\/wp-content\/uploads\/2020\/09\/fern%C3%A1ndez-Peugeot.jpg?resize=525%2C300 1.5x"},"classes":[]},{"id":104623,"url":"http:\/\/www.24baires.com\/?p=104623","url_meta":{"origin":60890,"position":4},"title":"Unos 1500 efectivos federales se sumar\u00e1n a la seguridad en la Provincia","author":"AF","date":"24\/09\/2018","format":false,"excerpt":"Los gobiernos nacional y bonaerense pusieron en marcha un programa que permitir\u00e1 un nuevo despliegue de 1.500 efectivos de fuerzas federales en la provincia de Buenos Aires, destinado a reforzar la lucha contra el delito. Esta iniciativa aumentar\u00e1 a 7.500 el n\u00famero de agentes de Gendarmer\u00eda Nacional, Polic\u00eda Federal, Prefectura\u2026","rel":"","context":"En \u00abProvincia\u00bb","block_context":{"text":"Provincia","link":"http:\/\/www.24baires.com\/?cat=40"},"img":{"alt_text":"","src":"https:\/\/i0.wp.com\/www.24baires.com\/wp-content\/uploads\/2018\/09\/vidal-ritondo-bullrich-federales.jpg?resize=350%2C200","width":350,"height":200,"srcset":"https:\/\/i0.wp.com\/www.24baires.com\/wp-content\/uploads\/2018\/09\/vidal-ritondo-bullrich-federales.jpg?resize=350%2C200 1x, https:\/\/i0.wp.com\/www.24baires.com\/wp-content\/uploads\/2018\/09\/vidal-ritondo-bullrich-federales.jpg?resize=525%2C300 1.5x"},"classes":[]},{"id":52200,"url":"http:\/\/www.24baires.com\/?p=52200","url_meta":{"origin":60890,"position":5},"title":"Vecinos de Quilmes reclamaron por seguridad ante Scioli y Guti\u00e9rrez","author":"GB","date":"21\/08\/2014","format":false,"excerpt":"El Gobernador visit\u00f3 la localidad que gestiona el Intendente \"Barba\" Guti\u00e9rrez para firmar la adhesi\u00f3n a la Polic\u00eda Comunal. En ese momento, vecinos de la Villa \"El Monte\" se manifestaron en contra de la inseguridad en el distrito. Este jueves el Gobernador Daniel Scioli firm\u00f3 junto al Intendente Jorge \"Barba\"\u2026","rel":"","context":"En \u00abLocales\u00bb","block_context":{"text":"Locales","link":"http:\/\/www.24baires.com\/?cat=38"},"img":{"alt_text":"","src":"","width":0,"height":0},"classes":[]}],"jetpack_sharing_enabled":true,"jetpack_likes_enabled":true,"jetpack_featured_media_url":"","_links":{"self":[{"href":"http:\/\/www.24baires.com\/index.php?rest_route=\/wp\/v2\/posts\/60890","targetHints":{"allow":["GET"]}}],"collection":[{"href":"http:\/\/www.24baires.com\/index.php?rest_route=\/wp\/v2\/posts"}],"about":[{"href":"http:\/\/www.24baires.com\/index.php?rest_route=\/wp\/v2\/types\/post"}],"author":[{"embeddable":true,"href":"http:\/\/www.24baires.com\/index.php?rest_route=\/wp\/v2\/users\/8"}],"replies":[{"embeddable":true,"href":"http:\/\/www.24baires.com\/index.php?rest_route=%2Fwp%2Fv2%2Fcomments&post=60890"}],"version-history":[{"count":1,"href":"http:\/\/www.24baires.com\/index.php?rest_route=\/wp\/v2\/posts\/60890\/revisions"}],"predecessor-version":[{"id":60891,"href":"http:\/\/www.24baires.com\/index.php?rest_route=\/wp\/v2\/posts\/60890\/revisions\/60891"}],"wp:attachment":[{"href":"http:\/\/www.24baires.com\/index.php?rest_route=%2Fwp%2Fv2%2Fmedia&parent=60890"}],"wp:term":[{"taxonomy":"category","embeddable":true,"href":"http:\/\/www.24baires.com\/index.php?rest_route=%2Fwp%2Fv2%2Fcategories&post=60890"},{"taxonomy":"post_tag","embeddable":true,"href":"http:\/\/www.24baires.com\/index.php?rest_route=%2Fwp%2Fv2%2Ftags&post=60890"}],"curies":[{"name":"wp","href":"https:\/\/api.w.org\/{rel}","templated":true}]}}