{"id":60871,"date":"2015-01-28T14:30:49","date_gmt":"2015-01-28T17:30:49","guid":{"rendered":"http:\/\/www.24baires.com\/?p=60871"},"modified":"2015-01-28T14:21:19","modified_gmt":"2015-01-28T17:21:19","slug":"denuncian-una-campana-desestabilizadora-contra-el-gobierno","status":"publish","type":"post","link":"http:\/\/www.24baires.com\/?p=60871","title":{"rendered":"Denuncian una campa\u00f1a desestabilizadora contra el Gobierno"},"content":{"rendered":"<p>Movimientos sociales publicaron un comunicado en apoyo a la Presidenta, ante lo que calificaron como \u201cuna campa\u00f1a de desestabilizaci\u00f3n de los medios hegem\u00f3nicos internacionales, junto con las fuerzas de la derecha aut\u00f3ctona\u201d iniciada luego de Nisman.<!--more--><\/p>\n<p>La Red de Intelectuales, Artistas y Movimientos Sociales en Defensa de la Humanidad emiti\u00f3 hoy un comunicado en el que denuncia \u201cuna campa\u00f1a de desestabilizaci\u00f3n de los medios hegem\u00f3nicos internacionales, en conjunci\u00f3n con las fuerzas de la derecha aut\u00f3ctona\u201d contra el gobierno de la presidenta Cristina Fern\u00e1ndez de Kirchner iniciado a partir de la muerte del fiscal Alberto Nisman.<\/p>\n<p>Seg\u00fan el documento que lleva la firma de m\u00e1s de 50 personalidades de Am\u00e9rica y Europa, el mencionado plan desestabilizador \u201cse complementa con el ataque sufrido contra la soberan\u00eda nacional por parte de los fondos buitre y se inserta en la ofensiva de Washington contra los gobiernos progresistas de Am\u00e9rica Latina y el Caribe\u201d.<\/p>\n<p>Al mismo tiempo, denunciaron el papel de la \u201cprensa concentrada, cuyas cabezas visibles son el diario La Naci\u00f3n y el grupo Clar\u00edn\u201d, a quienes les achacaron la intenci\u00f3n de \u201cresponsabilizar al Ejecutivo del supuesto asesinato del fiscal\u201d.<\/p>\n<p>Con respecto a la denuncia presentada por Nisman d\u00edas antes de su muerte, destacaron el an\u00e1lisis realizado por los doctores Eugenio Zaffaroni y Julio Maier, la postura oficial de la Asociaci\u00f3n Argentina de Juristas as\u00ed como de las m\u00e1ximas autoridades de Interpol y la prensa especializada, \u201cque han demostrado que la denuncia de Nisman no contaba con las pruebas m\u00ednimas necesarias como para ser admitida en sede judicial\u201d.<\/p>\n<p>\u201cEl \u201cplan delictivo\u201d denunciado por el fiscal no es m\u00e1s que la ley votada por ambas C\u00e1maras en el Congreso de la Naci\u00f3n: el \u201cMemor\u00e1ndum de Entendimiento con Ir\u00e1n\u201d, concebido para salir del impasse en que se hab\u00eda estancado la causa de la AMIA durante veinte a\u00f1os\u201d aseguraron en el documento\u201d, indicaron.<\/p>\n<p>\u201cLa ausencia de la solidez necesaria para exigir la indagatoria de la Jefa del Estado -con toda la gravedad institucional que una tal acusaci\u00f3n implica- as\u00ed como la s\u00f3rdida pugna interna en la ya disuelta Secretar\u00eda de Inteligencia de la Argentina donde sectores recientemente desplazados de la SI intentan erosionar la figura presidencial, tienen como objetivo perjudicar las posibilidades del candidato del kirchnerismo en las pr\u00f3ximas elecciones presidenciales\u201d aseguraron en el documento.<\/p>\n<p>Por otro lado, se\u00f1alaron que el fallecido fiscal ten\u00eda \u201csumisi\u00f3n a las directivas de la Embajada de Estados Unidos en Argentina, la CIA y el Mossad\u201d lo cual \u201carroja un pesado manto de sospechas sobre su independencia de ciertas constelaciones internacionales de poder y la idoneidad de una investigaci\u00f3n realizada bajo tales influencias\u201d.<\/p>\n<p>Finalmente, la Red En Defensa de la Humanidad reivindic\u00f3 el papel \u201cdeterminante\u201d de nuestro pa\u00eds en el proceso de unidad e integraci\u00f3n de la Patria Grande y llam\u00f3 a \u201cestar vigilantes sobre el desarrollo del plan desestabilizador\u201d.<\/p>\n<p>Al texto titulado \u201cEn defensa de la soberan\u00eda argentina\u201d adhirieron Pablo Gonz\u00e1lez Casanova (M\u00e9xico); Miguel d&#8217;Escoto Brockmann (Nicaragua); Stella Calloni (Argentina); Martin Almada (Paraguay): Miguel Concha Malo (M\u00e9xico); Theotonio dos Santos (Brasil); Hugo Moldiz (Bolivia); Horacio L\u00f3pez (Argentina); Atilio Boron (Argentina); James Cockcroft (Canad\u00e1); Ricardo Forster (Argentina); Aldo D\u00edaz Lacayo (Nicaragua); Luis D\u2019Elia (Argentina); Jorge Veraza (M\u00e9xico); Eva Golinger (Estados Unidos); Carmen Boh\u00f3rquez (Venezuela); Omar Gonz\u00e1lez (Cuba); Arnold August (Canad\u00e1); Pablo Ferreyra (Argentina); Elma Beatriz Rosado (Puerto Rico).<\/p>\n<p>Tambi\u00e9n suscriben Javier Couso (Espa\u00f1a); H\u00e9ctor D\u00edaz-Polanco (M\u00e9xico); Hildebrando P\u00e9rez Grande (Per\u00fa); Danny Rivera (Puerto Rico); Katiuska Blanco (Cuba); Andr\u00e9s Barreda (M\u00e9xico) Winston Orrillo(Per\u00fa); Camille Chalmers (Hait\u00ed); Gilberto L\u00f3pez y Rivas (M\u00e9xico); Salim Lamrani (Francia); M\u00f3nica Bruckmann (Brasil); Fernando Buen Abad (M\u00e9xico); Jos\u00e9 Steinsleger (M\u00e9xico); \u00c1ngel Guerra Cabrera (Cuba); Katu Arkonada (Pa\u00eds Vasco); Mario Toer (Argentina); H\u00e9ctor Poggiese (Argentina); Nayar L\u00f3pez Castellanos (M\u00e9xico); Carlos Fazio (M\u00e9xico); Luis Hern\u00e1ndez Navarro (M\u00e9xico); Fernando Rend\u00f3n (Colombia); Dar\u00edo Salinas (M\u00e9xico); Mar\u00eda Nela Prada (Bolivia); Rosa C. B\u00e1ez (Cuba); \u00c1ngeles Diez Rodr\u00edguez (Espa\u00f1a).<\/p>\n<p>Otros intelectuales que firman son Jonathan Tea (Argentina); Luciano Vasapollo (Italia); Ram\u00f3n Chao (Espa\u00f1a); Roberto Montoya (Espa\u00f1a); Winston Orrillo (Per\u00fa); Bruno Portuguez (Per\u00fa); Ricardo Flecha (Paraguay); Marilia Guimaraes (Brasil); Ricardo Bajo (Bolivia); Jos\u00e9 Miguel Cand\u00eda (M\u00e9xico); Marcelo Colussi (Guatemala); Carlos Prigollini (M\u00e9xico); Fanny Palacios Izquierdo (Per\u00fa); Ram\u00f3n Pedregal Casanova (Espa\u00f1a); Gabo Sequeira (Argentina); Carlos Molina Vel\u00e1squez (El Salvador); Rita Martufi (Italia); Montserrat Ponsa Tarres (Espa\u00f1a); Walter Mart\u00ednez Alves (M\u00e9xico); Vicente Otta (Per\u00fa); Techi Cusmanich (Paraguay); Pilar Roca (Per\u00fa); Rosina Valc\u00e1rcel (Per\u00fa); Alfredo Vera (Ecuador); Gustavo Espinoza (Per\u00fa).<\/p>\n<p>&nbsp;<\/p>\n<p>&nbsp;<\/p>\n<p>&nbsp;<\/p>\n<p>&nbsp;<\/p>\n<p>&nbsp;<\/p>\n<p>&nbsp;<\/p>\n<p>&nbsp;<\/p>\n<p>&nbsp;<\/p>\n<p>&nbsp;<\/p>\n<p>&nbsp;<\/p>\n<p>&nbsp;<\/p>\n<p>&nbsp;<\/p>\n<p>&nbsp;<\/p>\n","protected":false},"excerpt":{"rendered":"<p>Movimientos sociales publicaron un comunicado en apoyo a la Presidenta, ante lo que calificaron como \u201cuna campa\u00f1a de desestabilizaci\u00f3n de los medios hegem\u00f3nicos internacionales, junto con las fuerzas de la derecha aut\u00f3ctona\u201d iniciada luego de Nisman.<\/p>\n","protected":false},"author":8,"featured_media":0,"comment_status":"open","ping_status":"open","sticky":false,"template":"","format":"standard","meta":{"_jetpack_newsletter_access":"","_jetpack_dont_email_post_to_subs":false,"_jetpack_newsletter_tier_id":0,"_jetpack_memberships_contains_paywalled_content":false,"_jetpack_memberships_contains_paid_content":false,"footnotes":""},"categories":[51],"tags":[],"class_list":["post-60871","post","type-post","status-publish","format-standard","hentry","category-politica"],"jetpack_shortlink":"https:\/\/wp.me\/p2JWE0-fPN","jetpack-related-posts":[{"id":102494,"url":"http:\/\/www.24baires.com\/?p=102494","url_meta":{"origin":60871,"position":0},"title":"La C\u00e1mara \u00abreflot\u00f3\u00bb la causa Nisman y asegura que se trat\u00f3 de un crimen","author":"AF","date":"01\/06\/2018","format":false,"excerpt":"Confirm\u00f3 que el ex juez Alberto Nisman fue asesinado. Agregaron que el motivo fue su denuncia contra Cristina Kirchner. Adem\u00e1s dejaron firme el procesamiento de Diego Lagomarsino. La C\u00e1mara Federal hizo su aparici\u00f3n en medio de la debacle econ\u00f3mica que enfrenta el gobierno de Mauricio Macri. Entre masivas manifestaciones en\u2026","rel":"","context":"En \u00abJUDICIALES\u00bb","block_context":{"text":"JUDICIALES","link":"http:\/\/www.24baires.com\/?cat=68"},"img":{"alt_text":"","src":"https:\/\/i0.wp.com\/www.24baires.com\/wp-content\/uploads\/2015\/07\/nisman.jpg?resize=350%2C200","width":350,"height":200,"srcset":"https:\/\/i0.wp.com\/www.24baires.com\/wp-content\/uploads\/2015\/07\/nisman.jpg?resize=350%2C200 1x, https:\/\/i0.wp.com\/www.24baires.com\/wp-content\/uploads\/2015\/07\/nisman.jpg?resize=525%2C300 1.5x"},"classes":[]},{"id":61760,"url":"http:\/\/www.24baires.com\/?p=61760","url_meta":{"origin":60871,"position":1},"title":"Correa advirti\u00f3 que Cristina sufre \u00abotro intento de desestabilizaci\u00f3n\u00bb","author":"GB","date":"14\/02\/2015","format":false,"excerpt":"El presidente de Ecuador, Rafael Correa, manifest\u00f3 su abierto apoyo a la presidenta Cristina Fern\u00e1ndez de Kirchner al conocer la decisi\u00f3n juducial de impulsar la denuncia de Nisman, medida que atribuy\u00f3 a \"un nuevo intento de desestabilizaci\u00f3n por medio de instancias jur\u00eddicas\". Al brindar su tradicional informe semanal, el mandatario\u2026","rel":"","context":"En \u00abInternacionales\u00bb","block_context":{"text":"Internacionales","link":"http:\/\/www.24baires.com\/?cat=73"},"img":{"alt_text":"correa cristina","src":"https:\/\/i0.wp.com\/www.24baires.com\/wp-content\/uploads\/2013\/09\/correa-cristina.jpg?resize=350%2C200","width":350,"height":200,"srcset":"https:\/\/i0.wp.com\/www.24baires.com\/wp-content\/uploads\/2013\/09\/correa-cristina.jpg?resize=350%2C200 1x, https:\/\/i0.wp.com\/www.24baires.com\/wp-content\/uploads\/2013\/09\/correa-cristina.jpg?resize=525%2C300 1.5x"},"classes":[]},{"id":117875,"url":"http:\/\/www.24baires.com\/?p=117875","url_meta":{"origin":60871,"position":2},"title":"Cristina consider\u00f3 \u00abdisparate judicial, institucional y pol\u00edtico\u00bb a la causa del memor\u00e1ndum","author":"AF","date":"16\/07\/2021","format":false,"excerpt":"La vicepresidenta expuso durante la audiencia p\u00fablica, que fue escuchada por m\u00e1s de 20 mil personas a trav\u00e9s de YouTube. \"Se hicieron maniobras persecutorias para perjudicarnos a m\u00ed y mi familia\", asegur\u00f3. El Tribunal Oral Federal 8 debe resolver si declara o no la nulidad del proceso. La vicepresidenta Cristina\u2026","rel":"","context":"En \u00abJUDICIALES\u00bb","block_context":{"text":"JUDICIALES","link":"http:\/\/www.24baires.com\/?cat=68"},"img":{"alt_text":"","src":"https:\/\/i0.wp.com\/www.24baires.com\/wp-content\/uploads\/2021\/07\/cfk.jpg?resize=350%2C200","width":350,"height":200,"srcset":"https:\/\/i0.wp.com\/www.24baires.com\/wp-content\/uploads\/2021\/07\/cfk.jpg?resize=350%2C200 1x, https:\/\/i0.wp.com\/www.24baires.com\/wp-content\/uploads\/2021\/07\/cfk.jpg?resize=525%2C300 1.5x"},"classes":[]},{"id":103330,"url":"http:\/\/www.24baires.com\/?p=103330","url_meta":{"origin":60871,"position":3},"title":"Timerman asegura que est\u00e1n usando la causa del Memorandum \u00abpara atacar a Cristina\u00bb","author":"AF","date":"13\/07\/2018","format":false,"excerpt":"Adem\u00e1s, el ex canciller se lament\u00f3 porque la \u00fanica causa que avanz\u00f3 es la que se le inici\u00f3 a \u00e9l y ex funcionarios del gobierno kirchnerista. El ex canciller Hector Timerman denunci\u00f3 este viernes que est\u00e1n usando la causa del Memorandum con Ir\u00e1n para atacar a la ex presidenta Cristina\u2026","rel":"","context":"En \u00abPol\u00edtica\u00bb","block_context":{"text":"Pol\u00edtica","link":"http:\/\/www.24baires.com\/?cat=51"},"img":{"alt_text":"","src":"https:\/\/i0.wp.com\/www.24baires.com\/wp-content\/uploads\/2013\/03\/timerman.jpg?resize=350%2C200","width":350,"height":200,"srcset":"https:\/\/i0.wp.com\/www.24baires.com\/wp-content\/uploads\/2013\/03\/timerman.jpg?resize=350%2C200 1x, https:\/\/i0.wp.com\/www.24baires.com\/wp-content\/uploads\/2013\/03\/timerman.jpg?resize=525%2C300 1.5x"},"classes":[]},{"id":120545,"url":"http:\/\/www.24baires.com\/?p=120545","url_meta":{"origin":60871,"position":4},"title":"Acusan a Milei de hacer \u00abterrorismo econ\u00f3mico\u00bb para desestabilizar el sistema","author":"AF","date":"10\/10\/2023","format":false,"excerpt":"Desde Agust\u00edn Rossi y Axel Kicillof a Daniel Men\u00e9ndez, Myriam Bregman y Patricia Bullrich rechazaron las declaraciones del candidato de LLA sobre el peso, los plazos fijos y el funcionamiento del sistema financiero. \u00abTiene una clara intenci\u00f3n de generar zozobra y provocar una crisis financiera\u00bb, denunci\u00f3 la Asociaci\u00f3n Bancaria. Las\u2026","rel":"","context":"En \u00abPol\u00edtica\u00bb","block_context":{"text":"Pol\u00edtica","link":"http:\/\/www.24baires.com\/?cat=51"},"img":{"alt_text":"","src":"https:\/\/i0.wp.com\/www.24baires.com\/wp-content\/uploads\/2023\/08\/milei-2.webp?resize=350%2C200","width":350,"height":200,"srcset":"https:\/\/i0.wp.com\/www.24baires.com\/wp-content\/uploads\/2023\/08\/milei-2.webp?resize=350%2C200 1x, https:\/\/i0.wp.com\/www.24baires.com\/wp-content\/uploads\/2023\/08\/milei-2.webp?resize=525%2C300 1.5x, https:\/\/i0.wp.com\/www.24baires.com\/wp-content\/uploads\/2023\/08\/milei-2.webp?resize=700%2C400 2x"},"classes":[]},{"id":104148,"url":"http:\/\/www.24baires.com\/?p=104148","url_meta":{"origin":60871,"position":5},"title":"\u00abEl pa\u00eds est\u00e1 sometido a un estado de excepci\u00f3n permanente\u00bb","author":"AF","date":"28\/08\/2018","format":false,"excerpt":"Durante una conferencia de prensa encabezada por Abuelas de Plaza de Mayo, Madres L\u00ednea Fundadora y Familiares, los organismos convocantes denunciaron que la pol\u00edtica econ\u00f3mica vigente, que perjudica a las grandes mayor\u00edas, solo se sostiene con \"persecuci\u00f3n y represi\u00f3n\". Adem\u00e1s, alertaron que \"es el propio Estado de derecho el que\u2026","rel":"","context":"En \u00abSociedad\u00bb","block_context":{"text":"Sociedad","link":"http:\/\/www.24baires.com\/?cat=1"},"img":{"alt_text":"","src":"https:\/\/i0.wp.com\/www.24baires.com\/wp-content\/uploads\/2017\/10\/carlotto-maldonado.jpg?resize=350%2C200","width":350,"height":200,"srcset":"https:\/\/i0.wp.com\/www.24baires.com\/wp-content\/uploads\/2017\/10\/carlotto-maldonado.jpg?resize=350%2C200 1x, https:\/\/i0.wp.com\/www.24baires.com\/wp-content\/uploads\/2017\/10\/carlotto-maldonado.jpg?resize=525%2C300 1.5x"},"classes":[]}],"jetpack_sharing_enabled":true,"jetpack_likes_enabled":true,"jetpack_featured_media_url":"","_links":{"self":[{"href":"http:\/\/www.24baires.com\/index.php?rest_route=\/wp\/v2\/posts\/60871","targetHints":{"allow":["GET"]}}],"collection":[{"href":"http:\/\/www.24baires.com\/index.php?rest_route=\/wp\/v2\/posts"}],"about":[{"href":"http:\/\/www.24baires.com\/index.php?rest_route=\/wp\/v2\/types\/post"}],"author":[{"embeddable":true,"href":"http:\/\/www.24baires.com\/index.php?rest_route=\/wp\/v2\/users\/8"}],"replies":[{"embeddable":true,"href":"http:\/\/www.24baires.com\/index.php?rest_route=%2Fwp%2Fv2%2Fcomments&post=60871"}],"version-history":[{"count":1,"href":"http:\/\/www.24baires.com\/index.php?rest_route=\/wp\/v2\/posts\/60871\/revisions"}],"predecessor-version":[{"id":60872,"href":"http:\/\/www.24baires.com\/index.php?rest_route=\/wp\/v2\/posts\/60871\/revisions\/60872"}],"wp:attachment":[{"href":"http:\/\/www.24baires.com\/index.php?rest_route=%2Fwp%2Fv2%2Fmedia&parent=60871"}],"wp:term":[{"taxonomy":"category","embeddable":true,"href":"http:\/\/www.24baires.com\/index.php?rest_route=%2Fwp%2Fv2%2Fcategories&post=60871"},{"taxonomy":"post_tag","embeddable":true,"href":"http:\/\/www.24baires.com\/index.php?rest_route=%2Fwp%2Fv2%2Ftags&post=60871"}],"curies":[{"name":"wp","href":"https:\/\/api.w.org\/{rel}","templated":true}]}}